{"id":22974,"date":"2025-04-05T11:36:07","date_gmt":"2025-04-05T11:36:07","guid":{"rendered":"https:\/\/ikimisli.tr\/?p=22974"},"modified":"2025-04-05T11:36:07","modified_gmt":"2025-04-05T11:36:07","slug":"dries-mertensten-turkiyeye-ovgu","status":"publish","type":"post","link":"https:\/\/ikimisli.tr\/index.php\/2025\/04\/05\/dries-mertensten-turkiyeye-ovgu\/","title":{"rendered":"Dries Mertens&#8217;ten T\u00fcrkiye&#8217;ye \u00f6vg\u00fc"},"content":{"rendered":"<p>Galatasaray&#8217;\u0131n Bel\u00e7ikal\u0131 y\u0131ld\u0131z\u0131 Dries Mertens, UEFA Avrupa Ligi&#8217;nin 8. ve son haftas\u0131nda deplasmanda Hollanda temsilcisi Ajax ile TS\u0130 23.00&#8217;te yapacaklar\u0131 ma\u00e7 \u00f6ncesinde d\u00fczenlenen bas\u0131n toplant\u0131s\u0131na kat\u0131ld\u0131.<\/p>\n<p>Kar\u015f\u0131la\u015fman\u0131n yap\u0131laca\u011f\u0131 Johan Cruijff Arena&#8217;da d\u00fczenlenen bas\u0131n toplant\u0131s\u0131nda Hollandal\u0131 bas\u0131n mensuplar\u0131n\u0131n ilgi oda\u011f\u0131 olan Mertens&#8217;e futbol haricinde T\u00fcrkiye&#8217;deki ya\u015fant\u0131s\u0131 hakk\u0131nda da sorular y\u00f6neltildi.<\/p>\n<p>Hollanda bas\u0131n\u0131n\u0131n, &#8220;T\u00fcrkiye&#8217;de \u015fu an ne kadar memnunsun?&#8221; bi\u00e7imindeki soru \u00fczerine Mertens, &#8220;Bence ne kadar keyifli oldu\u011fumu g\u00f6rebiliyorsunuz. T\u00fcrkiye nitekim m\u00fckemmel bir \u00fclke. Burada be\u015ferlerle tan\u0131\u015f\u0131yorum ve onlara anlatmam gerekiyor, o vakit g\u00fcya bir masal \u00fczere g\u00f6r\u00fcn\u00fcyor. Ola\u011fan ki Napoli de bir masald\u0131 fakat T\u00fcrkiye&#8217;de sahiden kendimi \u00e7ok keyifli hissetti\u011fim bir yer buldum. S\u00fcper bir kul\u00fcpte oynuyorum. Ne kadar b\u00fcy\u00fck ve g\u00fc\u00e7l\u00fc olduklar\u0131n\u0131 bilmiyordum. T\u00fcrkiye hakikaten ya\u015famak i\u00e7in m\u00fckemmel bir \u00fclke&#8221; diye konu\u015ftu.<\/p>\n<p>Hollandal\u0131 gazetecinin, &#8220;Galatasaray baban olmu\u015f&#8221; halindeki yorumu \u00fczerine Bel\u00e7ikal\u0131 futbolcu, &#8220;T\u00fcrkiye&#8217;de Mert ve Enes ismi \u00e7ok kullan\u0131l\u0131yor. Be\u015ferler bu y\u00fczden beni benimsedi. Hakk\u0131mda \u00e7ok ho\u015f \u015feyler s\u00f6yleniyor. Bir insan olarak bu t\u00fcrl\u00fc \u015feyler ya\u015famak gurur verici. Napoli&#8217;de de ho\u015f anlar ya\u015fad\u0131m. T\u00fcrkiye&#8217;deki ho\u015f anlar\u0131 ya\u015fland\u0131\u011f\u0131mda anlataca\u011f\u0131m&#8221; tabirlerini kulland\u0131.<\/p>\n<p>Dries Mertens, sar\u0131-k\u0131rm\u0131z\u0131l\u0131 taraftarlar\u0131n kendilerine olan dayana\u011f\u0131yla ilgili, &#8220;Yapt\u0131\u011f\u0131m i\u015fi severek yap\u0131yorum. Bug\u00fcn otelde taraftarlar\u0131m\u0131z kar\u015f\u0131lad\u0131. Onlar\u0131 g\u00f6rmek ho\u015ftu. Benim i\u00e7in \u00e7ok b\u00fcy\u00fck bir motivasyon kayna\u011f\u0131. Bu y\u00fczden yar\u0131nki ma\u00e7ta elimden geleni yapaca\u011f\u0131m&#8221; de\u011ferlendirmesinde bulundu.<\/p>\n<p><b>&#8220;Her g\u00fcn\u00fcn tad\u0131n\u0131 \u00e7\u0131kar\u0131yorum&#8221;<\/b><\/p>\n<p>Dries Mertens, Galatasaray&#8217;da bulundu\u011fu her an\u0131n tad\u0131n\u0131 \u00e7\u0131kard\u0131\u011f\u0131n\u0131 s\u00f6yledi.<\/p>\n<p>Hollandal\u0131 bas\u0131n mensubunun, &#8220;Nas\u0131l bu t\u00fcrl\u00fc bir kadrosunuz?&#8221; formundaki sorusu \u00fczerine Mertens, &#8220;Bilmiyorum. Ben yaln\u0131zca her g\u00fcn\u00fcn tad\u0131n\u0131 \u00e7\u0131kar\u0131yorum ve nereye kadar gidece\u011fimi g\u00f6rece\u011fiz. Ola\u011fan ki rakip ekibin teknik y\u00f6neticisinin senden daha gen\u00e7 oldu\u011funu g\u00f6rmek s\u0131k\u0131nt\u0131. O vakit i\u015flerin senin i\u00e7in zorla\u015fmaya ba\u015flad\u0131\u011f\u0131n\u0131 anl\u0131yorsun. Lakin ben yaln\u0131zca her an\u0131n keyfini \u00e7\u0131kar\u0131yorum ve ne olaca\u011f\u0131n\u0131 g\u00f6rece\u011fiz.&#8221; formunda g\u00f6r\u00fc\u015f belirtti.<\/p>\n<p><b>Ajax ma\u00e7\u0131 hakk\u0131nda<\/b><\/p>\n<p>Hollanda&#8217;da 7 y\u0131l ge\u00e7irdi\u011fini aktaran Mertens, Ajax kar\u015f\u0131la\u015fmas\u0131yla ilgili, &#8220;\u00c7ok memnunum. Yedi y\u0131l uzunlu\u011funda Hollanda&#8217;da oynad\u0131m. Buraya gelmek, Ajax&#8217;\u0131n stad\u0131nda ma\u00e7a \u00e7\u0131kmak \u00e7ok ho\u015f. Kazanmak istiyoruz. Bunun i\u00e7in buraya geldik. Ba\u015ftan beri birinci 8&#8217;e girmek istiyorduk. \u0130n\u015fallah kazan\u0131r\u0131z. Ho\u015f bir ma\u00e7 olaca\u011f\u0131n\u0131 d\u00fc\u015f\u00fcn\u00fcyorum&#8221; dedi.<\/p>\n<p>Sezon ba\u015f\u0131nda Avrupa Ligi&#8217;nde final maksad\u0131yla yola \u00e7\u0131kt\u0131klar\u0131n\u0131 vurgulayan deneyimli futbolcu, &#8220;Bizim i\u00e7in de\u011ferli olan birinci ba\u015fta belirledi\u011fimiz maksatlara bakmak. Bu ama\u00e7lara ula\u015fmak istiyoruz. Ben de \u015fampiyon olmak istiyorum. Hayalini kurmam\u0131\u015ft\u0131m lakin olursa ho\u015f bir \u015fey&#8221; diye konu\u015ftu.<\/p>\n<p>Yeniden Hollanda&#8217;da ma\u00e7a \u00e7\u0131kaca\u011f\u0131 i\u00e7in heyecanl\u0131 oldu\u011funu lisana getiren 37 ya\u015f\u0131ndaki futbolcu, &#8220;Yedi y\u0131l Hollanda&#8217;da oynad\u0131m, bu y\u00fczden bunun bana hi\u00e7bir \u015fey hissettirmemesi garip olurdu. Asl\u0131nda Bel\u00e7ika gruplar\u0131ndan \u00e7ok Hollanda kadrolar\u0131n\u0131 izleyen biriyim. Zira en \u00e7ok burada oynad\u0131m. Ayr\u0131yeten d\u00fczeyin \u00e7ok y\u00fcksek oldu\u011funu d\u00fc\u015f\u00fcn\u00fcyorum, bilhassa ge\u00e7en y\u0131l PSV i\u00e7in fakat Ajax her vakit \u00f6yleydi. Az evvel de s\u00f6yledim, Ajax her vakit bu t\u00fcrl\u00fc bir kul\u00fcp&#8221; s\u00f6zlerini kulland\u0131.<\/p>\n<p>Yeniden \u015fampiyon olmay\u0131 \u00e7ok istedi\u011fini belirten Mertens, &#8220;Bir sonraki cinse ge\u00e7mek istiyoruz. Al\u0131\u015f\u0131lm\u0131\u015f ki \u015fampiyon olmay\u0131 da \u00e7ok isterim. \u00dc\u00e7 y\u0131l burada olup \u00fc\u00e7 kere \u015fampiyon olmak kusursuz olurdu. Bu t\u00fcrl\u00fc bir \u015feyi asla bekleyemezdim, bu y\u00fczden nitekim \u00e7ok ho\u015f olurdu&#8221; halinde konu\u015ftu.<\/p>\n<p>Mertens, daha evvel T\u00fcrkiye&#8217;de vazife yapan Ajax Teknik Y\u00f6neticisi Farioli&#8217;nin Ajax&#8217;a ahenk sa\u011flad\u0131\u011f\u0131ndan bahsederek, &#8220;Farioli&#8217;yi \u00e7ok seviyorduk. Kendisinin taktiklerini biliyorduk. \u015eu anda Ajax&#8217;\u0131n taktiklerine uygun oynat\u0131yordu. Ajax \u00fczere bir kul\u00fcpte \u00e7al\u0131\u015fmak kolay de\u011fil. Kendisine baht diliyorum. Kendisi \u00e7ok uygun bir teknik y\u00f6netici. Adeta futbolla yat\u0131p, futbolla kalk\u0131yor&#8221; dedi.<\/p>\n","protected":false},"excerpt":{"rendered":"<p>Galatasaray&#8217;\u0131n Bel\u00e7ikal\u0131 y\u0131ld\u0131z\u0131 Dries Mertens, Ajax ma\u00e7\u0131 \u00f6ncesi yapt\u0131\u011f\u0131 a\u00e7\u0131klamada &#8220;T\u00fcrkiye sahiden s\u00fcper bir \u00fclke. Burada be\u015ferlerle tan\u0131\u015f\u0131yorum ve onlara anlatmam gerekiyor, o vakit g\u00fcya bir masal \u00fczere g\u00f6r\u00fcn\u00fcyor&#8221; dedi.<\/p>\n","protected":false},"author":1,"featured_media":22975,"comment_status":"open","ping_status":"open","sticky":false,"template":"","format":"standard","meta":{"footnotes":""},"categories":[30],"tags":[4188,1111,541,4189,113],"class_list":["post-22974","post","type-post","status-publish","format-standard","has-post-thumbnail","hentry","category-spor","tag-ajax","tag-guzel","tag-hollanda","tag-mertens","tag-turkiye"],"_links":{"self":[{"href":"https:\/\/ikimisli.tr\/index.php\/wp-json\/wp\/v2\/posts\/22974","targetHints":{"allow":["GET"]}}],"collection":[{"href":"https:\/\/ikimisli.tr\/index.php\/wp-json\/wp\/v2\/posts"}],"about":[{"href":"https:\/\/ikimisli.tr\/index.php\/wp-json\/wp\/v2\/types\/post"}],"author":[{"embeddable":true,"href":"https:\/\/ikimisli.tr\/index.php\/wp-json\/wp\/v2\/users\/1"}],"replies":[{"embeddable":true,"href":"https:\/\/ikimisli.tr\/index.php\/wp-json\/wp\/v2\/comments?post=22974"}],"version-history":[{"count":1,"href":"https:\/\/ikimisli.tr\/index.php\/wp-json\/wp\/v2\/posts\/22974\/revisions"}],"predecessor-version":[{"id":22976,"href":"https:\/\/ikimisli.tr\/index.php\/wp-json\/wp\/v2\/posts\/22974\/revisions\/22976"}],"wp:featuredmedia":[{"embeddable":true,"href":"https:\/\/ikimisli.tr\/index.php\/wp-json\/wp\/v2\/media\/22975"}],"wp:attachment":[{"href":"https:\/\/ikimisli.tr\/index.php\/wp-json\/wp\/v2\/media?parent=22974"}],"wp:term":[{"taxonomy":"category","embeddable":true,"href":"https:\/\/ikimisli.tr\/index.php\/wp-json\/wp\/v2\/categories?post=22974"},{"taxonomy":"post_tag","embeddable":true,"href":"https:\/\/ikimisli.tr\/index.php\/wp-json\/wp\/v2\/tags?post=22974"}],"curies":[{"name":"wp","href":"https:\/\/api.w.org\/{rel}","templated":true}]}}