{"id":23146,"date":"2025-04-05T21:24:06","date_gmt":"2025-04-05T21:24:06","guid":{"rendered":"https:\/\/ikimisli.tr\/?p=23146"},"modified":"2025-04-05T21:24:06","modified_gmt":"2025-04-05T21:24:06","slug":"kayyum-olarak-atanan-kisi-bakin-kim-cikti-erdogandan-boyle-firca-yemisti","status":"publish","type":"post","link":"https:\/\/ikimisli.tr\/index.php\/2025\/04\/05\/kayyum-olarak-atanan-kisi-bakin-kim-cikti-erdogandan-boyle-firca-yemisti\/","title":{"rendered":"Kayyum olarak atanan ki\u015fi bak\u0131n kim \u00e7\u0131kt\u0131: Erdo\u011fan&#8217;dan b\u00f6yle f\u0131r\u00e7a yemi\u015fti"},"content":{"rendered":"<p>DEM Partili Siirt Belediyesi E\u015fba\u015fkan\u0131 Sofya Ala\u011fa\u015f hakk\u0131nda 6 y\u0131l 3 ay mahpus cezas\u0131 karar\u0131 verilmesinin akabinde d\u00fcn sabah Siirt Belediyesine kayyum atand\u0131. \u0130\u00e7i\u015fleri Bakanl\u0131\u011f\u0131, Belediye Ba\u015fkanvekili olarak\u00a0 Siirt Valisi Kemal K\u0131z\u0131lkaya\u2019y\u0131 atand\u0131\u011f\u0131n\u0131 duyurdu. K\u0131z\u0131lkaya\u2019n\u0131n 2023 y\u0131l\u0131nda Bilecik Valisi olarak vazife periyotta Cumhurba\u015fkan\u0131 Recep Tayyip Erdo\u011fan\u2019\u0131n \u2018S\u00f6\u011f\u00fct Alt\u0131n Madeni Tesis A\u00e7\u0131l\u0131\u015f\u0131 ve Birinci Alt\u0131n D\u00f6k\u00fcm\u00fc T\u00f6reni&#8217;nde \u201cbozuk yollar neresi?\u201d sorusuna yan\u0131t veremedi\u011fi i\u00e7in azarlanm\u0131\u015ft\u0131.<\/p>\n<p><b>\u201c<strong>SEN BANA \u00d6B\u00dcR \u015eEYLER ANLATIYORSUN VAL\u0130 BEY\u201d<\/strong><\/b><\/p>\n<p>Cumhurba\u015fkan\u0131 Erdo\u011fan ile Vali Kemal K\u0131z\u0131lkaya ortas\u0131nda \u015fu diyalog ya\u015fanm\u0131\u015ft\u0131:<\/p>\n<p><strong>Erdo\u011fan:<\/strong><\/p>\n<p>Adil Bey, bu S\u00f6\u011f\u00fct&#8217;le ilgili bir k\u0131s\u0131m varm\u0131\u015f. Vali Bey nerede?<\/p>\n<p><strong>Vali:<\/strong><\/p>\n<p>S\u00f6\u011f\u00fct-Boz\u00fcy\u00fck yolu 26 kilometre efendim. Bozuk yol 2 kilometre.<\/p>\n<p><strong>Erdo\u011fan:<\/strong><\/p>\n<p>Ben sana S\u00f6\u011f\u00fct-Boz\u00fcy\u00fck ortas\u0131n\u0131 sormuyorum. \u015eu anda bozuk olan, k\u00fclfetli yer neresi Vali Beyefendi?<\/p>\n<p><strong>Vali:<\/strong><\/p>\n<p>Bozuk yol 2 kilometre efendim. Yap\u0131l\u0131yor.<\/p>\n<p><strong>Erdo\u011fan:<\/strong><\/p>\n<p>Sen bana di\u011fer \u015feyler anlat\u0131yorsun. Adil Bey h\u0131zla, \u00e7abucak, an\u0131nda&#8230; Yar\u0131n de\u011fil \u00e7abucak art\u0131k.<\/p>\n","protected":false},"excerpt":{"rendered":"<p>Siirt Belediyesi E\u015fba\u015fakan\u0131 Sofya Ala\u011fa\u015f hakk\u0131nda verilen 6 y\u0131l 3 ay mahpus cezas\u0131n\u0131n akabinde belediyeye kayyum atand\u0131. \u0130\u00e7i\u015fleri Bakanl\u0131\u011f\u0131 Siirt Belediyesi&#8217;ne Siirt Valisi Kemal K\u0131z\u0131lkaya&#8217;n\u0131n Belediye Lider Vekili olarak atand\u0131\u011f\u0131n\u0131 duyurdu. Kayyum olarak atanan K\u0131z\u0131lkaya, Bilecik Valili\u011fi g\u00f6revindeyken\u00a0 Cumhurba\u015fkan\u0131 Erdo\u011fan\u2019\u0131n bozuk yollarla ilgili sorusunu cevaplamay\u0131nca canl\u0131 yay\u0131nda\u00a0 Erdo\u011fan\u2019dan f\u0131r\u00e7a yemi\u015fti.<\/p>\n","protected":false},"author":1,"featured_media":23147,"comment_status":"open","ping_status":"open","sticky":false,"template":"","format":"standard","meta":{"footnotes":""},"categories":[25],"tags":[1626,306,286],"class_list":["post-23146","post","type-post","status-publish","format-standard","has-post-thumbnail","hentry","category-gundem","tag-bey","tag-erdogan","tag-vali"],"_links":{"self":[{"href":"https:\/\/ikimisli.tr\/index.php\/wp-json\/wp\/v2\/posts\/23146","targetHints":{"allow":["GET"]}}],"collection":[{"href":"https:\/\/ikimisli.tr\/index.php\/wp-json\/wp\/v2\/posts"}],"about":[{"href":"https:\/\/ikimisli.tr\/index.php\/wp-json\/wp\/v2\/types\/post"}],"author":[{"embeddable":true,"href":"https:\/\/ikimisli.tr\/index.php\/wp-json\/wp\/v2\/users\/1"}],"replies":[{"embeddable":true,"href":"https:\/\/ikimisli.tr\/index.php\/wp-json\/wp\/v2\/comments?post=23146"}],"version-history":[{"count":1,"href":"https:\/\/ikimisli.tr\/index.php\/wp-json\/wp\/v2\/posts\/23146\/revisions"}],"predecessor-version":[{"id":23148,"href":"https:\/\/ikimisli.tr\/index.php\/wp-json\/wp\/v2\/posts\/23146\/revisions\/23148"}],"wp:featuredmedia":[{"embeddable":true,"href":"https:\/\/ikimisli.tr\/index.php\/wp-json\/wp\/v2\/media\/23147"}],"wp:attachment":[{"href":"https:\/\/ikimisli.tr\/index.php\/wp-json\/wp\/v2\/media?parent=23146"}],"wp:term":[{"taxonomy":"category","embeddable":true,"href":"https:\/\/ikimisli.tr\/index.php\/wp-json\/wp\/v2\/categories?post=23146"},{"taxonomy":"post_tag","embeddable":true,"href":"https:\/\/ikimisli.tr\/index.php\/wp-json\/wp\/v2\/tags?post=23146"}],"curies":[{"name":"wp","href":"https:\/\/api.w.org\/{rel}","templated":true}]}}