{"id":23152,"date":"2025-04-05T21:48:13","date_gmt":"2025-04-05T21:48:13","guid":{"rendered":"https:\/\/ikimisli.tr\/?p=23152"},"modified":"2025-04-05T21:48:13","modified_gmt":"2025-04-05T21:48:13","slug":"babasi-ile-bu-yuzden-davalik-olmustu-tugce-tayfur-magazasini-kapatti","status":"publish","type":"post","link":"https:\/\/ikimisli.tr\/index.php\/2025\/04\/05\/babasi-ile-bu-yuzden-davalik-olmustu-tugce-tayfur-magazasini-kapatti\/","title":{"rendered":"Babas\u0131 ile bu y\u00fczden daval\u0131k olmu\u015ftu&#8230; Tu\u011f\u00e7e Tayfur ma\u011fazas\u0131n\u0131 kapatt\u0131"},"content":{"rendered":"<p>Ferdi Tayfur&#8217;un k\u0131z\u0131 Tu\u011f\u00e7e Tayfur, 2023 y\u0131l\u0131nda Muhammet Ayd\u0131n ile tan\u0131\u015ft\u0131ktan k\u0131sa bir sonra evlenmi\u015fti. Sanat\u00e7\u0131, bu evlili\u011fe kar\u015f\u0131 \u00e7\u0131km\u0131\u015f ve k\u0131z\u0131n\u0131n nik\u00e2h\u0131na kat\u0131lmam\u0131\u015ft\u0131.<\/p>\n<p>Ferdi Tayfur daha sonra da k\u0131z\u0131n\u0131n &#8216;Tayfur&#8217; soyad\u0131n\u0131 ticari maksatl\u0131 kullanmas\u0131na kar\u015f\u0131 \u00e7\u0131karak kabahat duyurusunda bulunmu\u015ftu.<\/p>\n<p><img decoding=\"async\" src=\"https:\/\/ikimisli.tr\/wp-content\/uploads\/2025\/04\/babasi-ile-bu-yuzden-davalik-olmustu-tugce-tayfur-magazasini-kapatti-0-33XeNZCQ.jpeg\"\/><\/p>\n<p>2 Ocak&#8217;ta vefat eden Ferdi Tayfur&#8217;un avukat\u0131 Hakan Tamg\u00fc\u00e7 kat\u0131ld\u0131\u011f\u0131 bir programda &#8220;Ferdi abi bana Tu\u011f\u00e7e Han\u0131m&#8217;\u0131 miras\u0131ndan men etmek istedi\u011fini s\u00f6ylemi\u015fti. &#8216;Hastal\u0131\u011f\u0131m ge\u00e7sin, sonra yapal\u0131m&#8217; demi\u015fti. Tu\u011f\u00e7e Han\u0131m&#8217;\u0131n kendisine att\u0131\u011f\u0131 iletiler var, &#8216;Ne kadar i\u011fren\u00e7 bir babas\u0131n&#8217; \u00fczere laflar etti\u011fi. Bana yollam\u0131\u015ft\u0131 Ferdi abi. &#8216;Sana vasiyetimdir, bana bir \u015fey olursa bunu a\u00e7\u0131kla. \u00d6l\u00fcrsem mezar\u0131ma da gelmesinler&#8217; demi\u015fti. Daha evvel de babas\u0131n\u0131n 50 milyon liral\u0131k dava a\u00e7t\u0131\u011f\u0131n\u0131 tez etmi\u015fti. Bu t\u00fcrl\u00fc bir dava a\u00e7mad\u0131k. Ferdi abiyi milyonlar\u0131n g\u00f6z\u00fc \u00f6n\u00fcnde k\u00fc\u00e7\u00fck d\u00fc\u015f\u00fcrd\u00fc&#8221; demi\u015fti.<\/p>\n<p>T\u00fcm ya\u015fananlar\u0131n akabinde Tu\u011f\u00e7e Tayfur radikal bir karar ald\u0131 ve e\u015fi Muhammet Ayd\u0131n ile birlikte a\u00e7t\u0131\u011f\u0131, babas\u0131yla daval\u0131k oldu\u011fu Tarabya&#8217;daki giysi ma\u011fazas\u0131n\u0131 kapatt\u0131. <\/p>\n<p><img decoding=\"async\" src=\"https:\/\/ikimisli.tr\/wp-content\/uploads\/2025\/04\/babasi-ile-bu-yuzden-davalik-olmustu-tugce-tayfur-magazasini-kapatti-1-nHC1ejn8.jpeg\"\/><\/p>\n","protected":false},"excerpt":{"rendered":"<p>2 Ocak&#8217;ta hayat\u0131n\u0131 kaybeden usta sanat\u00e7\u0131 Ferdi Tayfur&#8217;un k\u0131z\u0131 Tu\u011f\u00e7e Tayfur, e\u015fi Muhammet Ayd\u0131n ile bir arada a\u00e7t\u0131\u011f\u0131 ve bu sebeple babas\u0131yla daval\u0131k oldu\u011fu giysi ma\u011fazas\u0131n\u0131 kapatt\u0131.<\/p>\n","protected":false},"author":1,"featured_media":23153,"comment_status":"open","ping_status":"open","sticky":false,"template":"","format":"standard","meta":{"footnotes":""},"categories":[27],"tags":[1179,448],"class_list":["post-23152","post","type-post","status-publish","format-standard","has-post-thumbnail","hentry","category-magazin","tag-ferdi","tag-tayfur"],"_links":{"self":[{"href":"https:\/\/ikimisli.tr\/index.php\/wp-json\/wp\/v2\/posts\/23152","targetHints":{"allow":["GET"]}}],"collection":[{"href":"https:\/\/ikimisli.tr\/index.php\/wp-json\/wp\/v2\/posts"}],"about":[{"href":"https:\/\/ikimisli.tr\/index.php\/wp-json\/wp\/v2\/types\/post"}],"author":[{"embeddable":true,"href":"https:\/\/ikimisli.tr\/index.php\/wp-json\/wp\/v2\/users\/1"}],"replies":[{"embeddable":true,"href":"https:\/\/ikimisli.tr\/index.php\/wp-json\/wp\/v2\/comments?post=23152"}],"version-history":[{"count":1,"href":"https:\/\/ikimisli.tr\/index.php\/wp-json\/wp\/v2\/posts\/23152\/revisions"}],"predecessor-version":[{"id":23156,"href":"https:\/\/ikimisli.tr\/index.php\/wp-json\/wp\/v2\/posts\/23152\/revisions\/23156"}],"wp:featuredmedia":[{"embeddable":true,"href":"https:\/\/ikimisli.tr\/index.php\/wp-json\/wp\/v2\/media\/23153"}],"wp:attachment":[{"href":"https:\/\/ikimisli.tr\/index.php\/wp-json\/wp\/v2\/media?parent=23152"}],"wp:term":[{"taxonomy":"category","embeddable":true,"href":"https:\/\/ikimisli.tr\/index.php\/wp-json\/wp\/v2\/categories?post=23152"},{"taxonomy":"post_tag","embeddable":true,"href":"https:\/\/ikimisli.tr\/index.php\/wp-json\/wp\/v2\/tags?post=23152"}],"curies":[{"name":"wp","href":"https:\/\/api.w.org\/{rel}","templated":true}]}}