{"id":23341,"date":"2025-04-06T08:00:06","date_gmt":"2025-04-06T08:00:06","guid":{"rendered":"https:\/\/ikimisli.tr\/?p=23341"},"modified":"2025-04-06T08:00:06","modified_gmt":"2025-04-06T08:00:06","slug":"konyada-ulasima-bir-zam-daha-dolmus-ucretlerine-2-yilda-yuzde-235-okul-servis-ucretlerine-yuzde-275-zam","status":"publish","type":"post","link":"https:\/\/ikimisli.tr\/index.php\/2025\/04\/06\/konyada-ulasima-bir-zam-daha-dolmus-ucretlerine-2-yilda-yuzde-235-okul-servis-ucretlerine-yuzde-275-zam\/","title":{"rendered":"Konya\u2019da ula\u015f\u0131ma bir zam daha! Dolmu\u015f \u00fccretlerine 2 y\u0131lda y\u00fczde 235, okul servis \u00fccretlerine y\u00fczde 275 zam!"},"content":{"rendered":"<p>T\u00fcrkiye\u2019de derinle\u015fen ekonomik kriz nedeniyle, i\u011fneden ipli\u011fe art\u0131r\u0131m gelmeye devam ediyor. Konya\u2019da minib\u00fcsle ula\u015f\u0131m ve okul servis fiyatlar\u0131na art\u0131r\u0131m geldi.<\/p>\n<p><b>SON 2 YILDA Y\u00dcZDE 235 ZAM<\/b><\/p>\n<p>Kentte son 7 ayda dolmu\u015fla ula\u015f\u0131m fiyatlar\u0131na y\u00fczde 81 art\u0131r\u0131m geldi. Ge\u00e7ti\u011fimiz A\u011fustos ay\u0131nda dolmu\u015f indi bindi fiyatlar\u0131 11 liradan 15 liraya y\u00fckselmi\u015f, aral\u0131\u011f\u0131na nazaran ise 18 \u2013 20 TL olmu\u015ftu. Al\u0131nan art\u0131r\u0131m karar\u0131n\u0131n akabinde minib\u00fcs indi- bindi fiyat\u0131 20 TL., aral\u0131\u011f\u0131na nazaran 23- 25\u2013 27 TL\u2019ye y\u00fckseldi. Konya\u2019da 2023 y\u0131l\u0131 Haziran ay\u0131nda indi bindi fiyatlar\u0131 6 lirayd\u0131. Son art\u0131r\u0131mla birlikte dolmu\u015fla ula\u015f\u0131m fiyatlar\u0131na yakla\u015f\u0131k son 2 y\u0131lda gelen art\u0131r\u0131m oran\u0131 y\u00fczde 235\u2026<\/p>\n<p><b>VEL\u0130LER \u015eOKTA! OKUL SERV\u0130S F\u0130YATLARI DE ARTTI<\/b><\/p>\n<p>Kentte okul servis fiyatlar\u0131na de \u00fcst \u00fcste art\u0131r\u0131m gelmeye devam ediyor. Kentte son 2 y\u0131lda okul servis fiyatlar\u0131na y\u00fczde 275 art\u0131r\u0131m geldi. 1 Ocak 2023 tarihinde en k\u0131sa ara (0-3 km\u2019ye kadar) 4 bin 660 lirayken, son gelen art\u0131r\u0131mlarla birlikte en k\u0131sa uzakl\u0131k fiyat\u0131 17 bin 500 liraya y\u00fckseldi. Kentte okul servis fiyatlar\u0131na en son 4 ay evvel art\u0131r\u0131m yap\u0131lm\u0131\u015ft\u0131. Yeni gelen art\u0131r\u0131m\u0131n akabinde kentte okul servis fiyatlar\u0131n\u0131n akt\u00fcel fiyat\u0131 formda:<\/p>\n<p>0 &#8211; 3 km\u2019ye kadar 17 bin 500 TL,<br \/>0 &#8211; 6 km\u2019ye kadar 20 bin TL,<br \/>0 &#8211; 12 km\u2019ye kadar 22 bin TL,<br \/>0 &#8211; 20 km\u2019ye kadar 23 bin 500 TL<\/p>\n<p>\u00dccretler 9 taksit, pe\u015fin \u00f6demelerde y\u00fczde 10 indirim uygulanacak. Yeni tarifeler 03 \u015eubat 2025 tarihi itibariyle ba\u015flayacak.<\/p>\n<p>Konya Esnaf ve Sanatk\u00e2rlar Odalar\u0131 Birli\u011fi (KONESOB) Lideri Muharrem Karabacak, art\u0131r\u0131mlara artan akaryak\u0131t, amortisman ve i\u015fletme maliyetlerine gelen art\u0131\u015flar\u0131 m\u00fcnasebet g\u00f6sterdi.<\/p>\n","protected":false},"excerpt":{"rendered":"<p>Konya\u2019da minib\u00fcsle ula\u015f\u0131m ve okul servis fiyatlar\u0131na bir art\u0131r\u0131m daha geldi. Minib\u00fcsle ula\u015f\u0131m fiyatlar\u0131na son 7 ayda y\u00fczde 81, son 2 y\u0131lda ise y\u00fczde 235 art\u0131r\u0131m yap\u0131ld\u0131. Okul servis fiyatlar\u0131 de ortadan ge\u00e7en 4 ay\u0131n akabinde yine zamland\u0131. Son art\u0131r\u0131mla birlikte kentte okul servis fiyatlar\u0131na son 2 y\u0131lda y\u00fczde 275 art\u0131r\u0131m geldi.<\/p>\n","protected":false},"author":1,"featured_media":23342,"comment_status":"open","ping_status":"open","sticky":false,"template":"","format":"standard","meta":{"footnotes":""},"categories":[25],"tags":[4249,4248,3786,93],"class_list":["post-23341","post","type-post","status-publish","format-standard","has-post-thumbnail","hentry","category-gundem","tag-kentte","tag-okul-servis-ucretleri","tag-ucretler","tag-zam"],"_links":{"self":[{"href":"https:\/\/ikimisli.tr\/index.php\/wp-json\/wp\/v2\/posts\/23341","targetHints":{"allow":["GET"]}}],"collection":[{"href":"https:\/\/ikimisli.tr\/index.php\/wp-json\/wp\/v2\/posts"}],"about":[{"href":"https:\/\/ikimisli.tr\/index.php\/wp-json\/wp\/v2\/types\/post"}],"author":[{"embeddable":true,"href":"https:\/\/ikimisli.tr\/index.php\/wp-json\/wp\/v2\/users\/1"}],"replies":[{"embeddable":true,"href":"https:\/\/ikimisli.tr\/index.php\/wp-json\/wp\/v2\/comments?post=23341"}],"version-history":[{"count":1,"href":"https:\/\/ikimisli.tr\/index.php\/wp-json\/wp\/v2\/posts\/23341\/revisions"}],"predecessor-version":[{"id":23343,"href":"https:\/\/ikimisli.tr\/index.php\/wp-json\/wp\/v2\/posts\/23341\/revisions\/23343"}],"wp:featuredmedia":[{"embeddable":true,"href":"https:\/\/ikimisli.tr\/index.php\/wp-json\/wp\/v2\/media\/23342"}],"wp:attachment":[{"href":"https:\/\/ikimisli.tr\/index.php\/wp-json\/wp\/v2\/media?parent=23341"}],"wp:term":[{"taxonomy":"category","embeddable":true,"href":"https:\/\/ikimisli.tr\/index.php\/wp-json\/wp\/v2\/categories?post=23341"},{"taxonomy":"post_tag","embeddable":true,"href":"https:\/\/ikimisli.tr\/index.php\/wp-json\/wp\/v2\/tags?post=23341"}],"curies":[{"name":"wp","href":"https:\/\/api.w.org\/{rel}","templated":true}]}}