{"id":23384,"date":"2025-04-06T10:48:08","date_gmt":"2025-04-06T10:48:08","guid":{"rendered":"https:\/\/ikimisli.tr\/?p=23384"},"modified":"2025-04-06T10:48:08","modified_gmt":"2025-04-06T10:48:08","slug":"trumpin-ortadogu-temsilcisi-gazzeyi-ziyaret-etti-netanyahu-ile-gorustu","status":"publish","type":"post","link":"https:\/\/ikimisli.tr\/index.php\/2025\/04\/06\/trumpin-ortadogu-temsilcisi-gazzeyi-ziyaret-etti-netanyahu-ile-gorustu\/","title":{"rendered":"Trump&#8217;\u0131n Ortado\u011fu temsilcisi Gazze&#8217;yi ziyaret etti, Netanyahu ile g\u00f6r\u00fc\u015ft\u00fc"},"content":{"rendered":"<p>ABD Ba\u015fkan\u0131 Donald Trump\u2019\u0131n Ortado\u011fu temsilcisi Steve Witcoff, \u0130srail Ba\u015fbakan\u0131 Benyamin Netanyahu ile iki saatten fazla s\u00fcren bir g\u00f6r\u00fc\u015fme ger\u00e7ekle\u015ftirdi.<\/p>\n<p>Witcoff&#8217;un, ate\u015fkes s\u00fcrecini pahaland\u0131rmak ve b\u00f6lgedeki geli\u015fmeleri yerinde g\u00f6rmek hedefiyle Gazze\u2019yi ziyaret etti\u011fi belirtildi.<\/p>\n<p>Beyaz Saray\u2019dan bir yetkili, Witcoff\u2019un b\u00f6lgedeki temaslar\u0131 kapsam\u0131nda Sal\u0131 g\u00fcn\u00fc Suudi Arabistan\u2019\u0131n ba\u015fkenti Riyad\u2019da Filistin lideri Mahmud Abbas\u2019\u0131n \u00fcst seviye dan\u0131\u015fman\u0131 H\u00fcseyin El Pir ile de g\u00f6r\u00fc\u015ft\u00fc\u011f\u00fcn\u00fc a\u00e7\u0131klad\u0131.  <\/p>\n<p>\u0130srail h\u00fck\u00fcmeti, Witcoff\u2019un ziyareti hakk\u0131nda detay vermekten ka\u00e7\u0131n\u0131rken, \u0130srail bas\u0131n\u0131nda yer alan haberlere nazaran ABD\u2019li yetkili, on binlerce Filistinlinin konutlar\u0131na d\u00f6nerken kulland\u0131\u011f\u0131 Netzarim koridorunu da ziyaret etti. \u0130srail, Pazartesi g\u00fcn\u00fc bu koridordan \u00e7ekilmeye ba\u015flam\u0131\u015f ve ate\u015fkesin birinci basama\u011f\u0131 \u00e7er\u00e7evesinde sivillerin geri d\u00f6n\u00fc\u015f\u00fcne m\u00fcsaade vermi\u015fti.  <\/p>\n<p><b>\u0130K\u0130NC\u0130 KADEME YAKIN<\/b><\/p>\n<p>Netanyahu\u2019nun 4 \u015eubat\u2019ta Washington\u2019a giderek Lider Trump ile bir ortaya gelmesi bekleniyor. Birebir g\u00fcn, \u00fc\u00e7 etapl\u0131 Gazze ate\u015fkes muahedesinin ikinci etab\u0131n\u0131n da ba\u015flamas\u0131 \u00f6ng\u00f6r\u00fcl\u00fcyor.<\/p>\n<p>\u0130srail ve Hamas ortas\u0131nda s\u00fcren g\u00f6r\u00fc\u015fmelere nazaran, ikinci basamakta 33 rehinenin h\u00fcr b\u0131rak\u0131lmas\u0131 kar\u015f\u0131l\u0131\u011f\u0131nda yakla\u015f\u0131k 2 bin Filistinli mahkumun tahliye edilmesi planlan\u0131yor.<\/p>\n<p>\u0130srail h\u00fck\u00fcmet yetkilileri, ate\u015fkesin y\u00fcr\u00fcrl\u00fc\u011fe girdi\u011fi 19 Ocak\u2019tan bu yana yedi rehinenin h\u00fcr b\u0131rak\u0131ld\u0131\u011f\u0131n\u0131, yak\u0131n vakitte \u00fc\u00e7 rehinenin daha b\u0131rak\u0131lmas\u0131n\u0131n beklendi\u011fini duyurdu.  <\/p>\n<p><b>F\u0130L\u0130ST\u0130N DEVLET\u0130 \u015eARTI<\/b><\/p>\n<p>Suudi Arabistan\u2019\u0131n \u0130srail ile resmi diplomatik m\u00fcnasebetler kurulmas\u0131 i\u00e7in Filistin devletinin \u00f6n\u00fcn\u00fcn a\u00e7\u0131lmas\u0131n\u0131 ko\u015ful ko\u015ftu\u011fu biliniyor. Gazze\u2019deki sava\u015f\u0131n yine alevlenmesi durumunda bu s\u00fcrecin ilerlemesi g\u00fc\u00e7 g\u00f6r\u00fcn\u00fcyor.  <\/p>\n<p>Donald Trump, 2020\u2019de birinci ba\u015fkanl\u0131k periyodunda Birle\u015fik Arap Emirlikleri ve Bahreyn\u2019in \u0130srail ile diplomatik ba\u011flant\u0131lar kurmas\u0131n\u0131 sa\u011flayan \u0130brahim Anla\u015fmalar\u0131\u2019na arabuluculuk yapm\u0131\u015ft\u0131.<\/p>\n<p>Trump idaresi, art\u0131k de misal bir s\u00fcrecin Suudi Arabistan\u2019la y\u00fcr\u00fct\u00fclmesi i\u00e7in b\u00f6lgedeki geli\u015fmeleri yak\u0131ndan takip ediyor.<\/p>\n","protected":false},"excerpt":{"rendered":"<p>ABD Ba\u015fkan\u0131 Donald Trump\u2019\u0131n Ortado\u011fu temsilcisi Steve Witcoff, \u0130srail Ba\u015fbakan\u0131 Netanyahu ile bir ortaya geldi ve Gazze\u2019de incelemelerde bulundu. \u0130srail ile Hamas ortas\u0131ndaki ate\u015fkesin ikinci evresinin ba\u015flamas\u0131na g\u00fcnler kala ger\u00e7ekle\u015fen temaslar, ABD&#8217;nin Suudi Arabistan&#8217;la olan temaslar\u0131yla \u00f6rt\u00fc\u015ft\u00fc.<\/p>\n","protected":false},"author":1,"featured_media":23385,"comment_status":"open","ping_status":"open","sticky":false,"template":"","format":"standard","meta":{"footnotes":""},"categories":[43],"tags":[2208,1754,80],"class_list":["post-23384","post","type-post","status-publish","format-standard","has-post-thumbnail","hentry","category-dunya","tag-asama","tag-filistin","tag-israil"],"_links":{"self":[{"href":"https:\/\/ikimisli.tr\/index.php\/wp-json\/wp\/v2\/posts\/23384","targetHints":{"allow":["GET"]}}],"collection":[{"href":"https:\/\/ikimisli.tr\/index.php\/wp-json\/wp\/v2\/posts"}],"about":[{"href":"https:\/\/ikimisli.tr\/index.php\/wp-json\/wp\/v2\/types\/post"}],"author":[{"embeddable":true,"href":"https:\/\/ikimisli.tr\/index.php\/wp-json\/wp\/v2\/users\/1"}],"replies":[{"embeddable":true,"href":"https:\/\/ikimisli.tr\/index.php\/wp-json\/wp\/v2\/comments?post=23384"}],"version-history":[{"count":1,"href":"https:\/\/ikimisli.tr\/index.php\/wp-json\/wp\/v2\/posts\/23384\/revisions"}],"predecessor-version":[{"id":23386,"href":"https:\/\/ikimisli.tr\/index.php\/wp-json\/wp\/v2\/posts\/23384\/revisions\/23386"}],"wp:featuredmedia":[{"embeddable":true,"href":"https:\/\/ikimisli.tr\/index.php\/wp-json\/wp\/v2\/media\/23385"}],"wp:attachment":[{"href":"https:\/\/ikimisli.tr\/index.php\/wp-json\/wp\/v2\/media?parent=23384"}],"wp:term":[{"taxonomy":"category","embeddable":true,"href":"https:\/\/ikimisli.tr\/index.php\/wp-json\/wp\/v2\/categories?post=23384"},{"taxonomy":"post_tag","embeddable":true,"href":"https:\/\/ikimisli.tr\/index.php\/wp-json\/wp\/v2\/tags?post=23384"}],"curies":[{"name":"wp","href":"https:\/\/api.w.org\/{rel}","templated":true}]}}