{"id":2352,"date":"2025-01-09T10:18:50","date_gmt":"2025-01-09T10:18:50","guid":{"rendered":"https:\/\/ikimisli.tr\/?p=2352"},"modified":"2025-01-09T10:18:50","modified_gmt":"2025-01-09T10:18:50","slug":"canakkale-koprusunde-akpnin-hata-payi-2024te-yuzde-84-oldu","status":"publish","type":"post","link":"https:\/\/ikimisli.tr\/index.php\/2025\/01\/09\/canakkale-koprusunde-akpnin-hata-payi-2024te-yuzde-84-oldu\/","title":{"rendered":"\u00c7anakkale K\u00f6pr\u00fcs\u00fc&#8217;nde AKP&#8217;nin hata pay\u0131 2024&#8217;te y\u00fczde 84 oldu"},"content":{"rendered":"<p>CHP Genel Lider Yard\u0131mc\u0131s\u0131 Deniz Yavuzy\u0131lmaz,\u00a0yap-i\u015flet-devret modeliyle yap\u0131lan \u00c7anakkale K\u00f6pr\u00fcs\u00fc i\u00e7in garanti edilen ara\u00e7 ge\u00e7i\u015f say\u0131s\u0131n\u0131n 16 milyon 425 bin,\u00a0ger\u00e7ekle\u015fen ara\u00e7 ge\u00e7i\u015f say\u0131s\u0131n\u0131n ise yaln\u0131zca 2 milyon 684 bin 738 oldu\u011funu tabir etti.<\/p>\n<p>AKP&#8217;nin kusur hissesinin y\u00fczde 84 oldu\u011funu, k\u00f6pr\u00fcn\u00fcn kamuya 28 May\u0131s 2034 tarihinde devredilece\u011fini kaydeden Yavuzy\u0131lmaz, &#8220;Bu gidi\u015fle \u015firket birka\u00e7 y\u0131l i\u00e7inde k\u00f6pr\u00fcn\u00fcn \u00fcretim maliyetini \u00e7\u0131kartacak ve kamuya devredilene kadar da para kazanmaya devam edecek&#8221; dedi.<\/p>\n<p>CHP G\u00fc\u00e7 ve Al\u0131\u015f\u0131lm\u0131\u015f Kaynaklar Bakanl\u0131\u011f\u0131ndan Sorumlu Genel Lider Yard\u0131mc\u0131s\u0131 Deniz Yavuzy\u0131lmaz, 2024 y\u0131l\u0131nda yap-i\u015flet-devret modeliyle yap\u0131lan \u00c7anakkale K\u00f6pr\u00fcs\u00fc i\u00e7in garanti edilen ara\u00e7 ge\u00e7i\u015f say\u0131s\u0131 ile ger\u00e7ekle\u015fen ara\u00e7 ge\u00e7i\u015f say\u0131s\u0131 ortas\u0131ndaki farkla ilgili a\u00e7\u0131klama yapt\u0131.<\/p>\n<p><strong>Yavuzy\u0131lmaz, \u015funlar\u0131 s\u00f6yledi:<\/strong><\/p>\n<p>&#8220;AKP bi\u00e7imi yap- i\u015flet- devret modeli ile yap\u0131lan \u00c7anakkale K\u00f6pr\u00fcs\u00fc&#8217;n\u00fcn 2024 y\u0131l\u0131 ziyan karnesi \u00e7\u0131kt\u0131. 2024 y\u0131l\u0131nda \u00c7anakkale K\u00f6pr\u00fcs\u00fc\u2019nde garanti edilen ara\u00e7 ge\u00e7i\u015f say\u0131s\u0131 16 milyon 425 bin, ger\u00e7ekle\u015fen ara\u00e7 ge\u00e7i\u015f say\u0131s\u0131 yaln\u0131zca 2 milyon 684 bin. Yani AKP&#8217;nin kusur hissesi y\u00fczde 84.<\/p>\n<p>\u00c7anakkale K\u00f6pr\u00fcs\u00fc\u2019n\u00fcn a\u00e7\u0131l\u0131\u015f tarihi 18 Mart 2022, kamuya periyot tarihi ise 28 May\u0131s 2034. Ara\u00e7 ge\u00e7i\u015f fiyatlar\u0131 d\u00f6vize endekslenmi\u015f durumda. 15 euro+KDV&#8217;ye her y\u0131l Avrupa Birli\u011fi enflasyon fark\u0131 da \u00e7arpan olarak ekleniyor. \u015eirkete garanti edilen g\u00fcnl\u00fck ara\u00e7 ge\u00e7i\u015f say\u0131s\u0131 45 bin adet. Bu gidi\u015fle \u015firket birka\u00e7 y\u0131l i\u00e7inde k\u00f6pr\u00fcn\u00fcn imal maliyetini \u00e7\u0131kartacak ve kamuya devredilene kadar da para kazanmaya devam edecek.&#8221;<\/p>\n<p><b>2025&#8217;TE DE GE\u00c7MED\u0130\u011e\u0130M\u0130Z K\u00d6PR\u00dcN\u00dcN PARASINI \u00d6DEYECE\u011e\u0130Z<\/b><\/p>\n<p>A&#8221;KP&#8217;nin berbat iktisat idaresi nedeniyle vatanda\u015f\u0131m\u0131z 2025 y\u0131l\u0131nda da ge\u00e7medi\u011fi k\u00f6pr\u00fcn\u00fcn, girmedi\u011fi t\u00fcnelin, inmedi\u011fi havaliman\u0131n\u0131n paras\u0131n\u0131 \u00f6deyecek&#8221; s\u00f6zlerine yer veren Yavuzy\u0131lmaz,\u00a0 &#8220;AKP 2025 y\u0131l\u0131nda taban \u00fccretliye sefalet hududunun alt\u0131nda y\u00fczde 30 fiyat art\u0131\u015f\u0131 yaparken; memur ve emeklisine y\u00fczde 11, SGK ve Ba\u011f- Kur emeklisine y\u00fczde 15 maa\u015f art\u0131\u015f\u0131 yaparken ba\u015fka yandan \u00c7anakkale K\u00f6pr\u00fcs\u00fc\u2019ndeki ara\u00e7 ge\u00e7i\u015f fiyatlar\u0131na art\u0131r\u0131m yapmaya devam ediyor&#8221; dedi.<\/p>\n","protected":false},"excerpt":{"rendered":"<p>CHP\u2019li Deniz Yavuzy\u0131lmaz, \u00c7anakkale K\u00f6pr\u00fcs\u00fc\u2019nde garanti edilen 16,4 milyon ara\u00e7 ge\u00e7i\u015fine ra\u011fmen ger\u00e7ekle\u015fen say\u0131n\u0131n 2,7 milyon oldu\u011funu belirtti.  Yavuzy\u0131lmaz, vatanda\u015f\u0131n ise ge\u00e7medi\u011fi k\u00f6pr\u00fcn\u00fcn paras\u0131n\u0131 \u00f6demeye devam edece\u011fini s\u00f6yledi.<\/p>\n","protected":false},"author":1,"featured_media":2353,"comment_status":"open","ping_status":"open","sticky":false,"template":"","format":"standard","meta":{"footnotes":""},"categories":[24],"tags":[597,599,598],"class_list":["post-2352","post","type-post","status-publish","format-standard","has-post-thumbnail","hentry","category-ekonomi","tag-canakkale-koprusu","tag-koprunun","tag-yavuzyilmaz"],"_links":{"self":[{"href":"https:\/\/ikimisli.tr\/index.php\/wp-json\/wp\/v2\/posts\/2352","targetHints":{"allow":["GET"]}}],"collection":[{"href":"https:\/\/ikimisli.tr\/index.php\/wp-json\/wp\/v2\/posts"}],"about":[{"href":"https:\/\/ikimisli.tr\/index.php\/wp-json\/wp\/v2\/types\/post"}],"author":[{"embeddable":true,"href":"https:\/\/ikimisli.tr\/index.php\/wp-json\/wp\/v2\/users\/1"}],"replies":[{"embeddable":true,"href":"https:\/\/ikimisli.tr\/index.php\/wp-json\/wp\/v2\/comments?post=2352"}],"version-history":[{"count":1,"href":"https:\/\/ikimisli.tr\/index.php\/wp-json\/wp\/v2\/posts\/2352\/revisions"}],"predecessor-version":[{"id":2354,"href":"https:\/\/ikimisli.tr\/index.php\/wp-json\/wp\/v2\/posts\/2352\/revisions\/2354"}],"wp:featuredmedia":[{"embeddable":true,"href":"https:\/\/ikimisli.tr\/index.php\/wp-json\/wp\/v2\/media\/2353"}],"wp:attachment":[{"href":"https:\/\/ikimisli.tr\/index.php\/wp-json\/wp\/v2\/media?parent=2352"}],"wp:term":[{"taxonomy":"category","embeddable":true,"href":"https:\/\/ikimisli.tr\/index.php\/wp-json\/wp\/v2\/categories?post=2352"},{"taxonomy":"post_tag","embeddable":true,"href":"https:\/\/ikimisli.tr\/index.php\/wp-json\/wp\/v2\/tags?post=2352"}],"curies":[{"name":"wp","href":"https:\/\/api.w.org\/{rel}","templated":true}]}}