{"id":23610,"date":"2025-04-06T23:48:12","date_gmt":"2025-04-06T23:48:12","guid":{"rendered":"https:\/\/ikimisli.tr\/?p=23610"},"modified":"2025-04-06T23:48:12","modified_gmt":"2025-04-06T23:48:12","slug":"kuru-cilt-bobrek-hastaliklarinda-belirti-olabilir","status":"publish","type":"post","link":"https:\/\/ikimisli.tr\/index.php\/2025\/04\/06\/kuru-cilt-bobrek-hastaliklarinda-belirti-olabilir\/","title":{"rendered":"&#8216;Kuru cilt&#8217; b\u00f6brek hastal\u0131klar\u0131nda belirti olabilir"},"content":{"rendered":"<p>Vak\u0131ftan yap\u0131lan a\u00e7\u0131klamada, ciltteki kuruluk ve ka\u015f\u0131nt\u0131n\u0131n, san\u0131lan\u0131n tersine yaln\u0131zca d\u0131\u015f etkenlerden kaynakl\u0131 olmayabilece\u011fi belirtildi.<\/p>\n<p>B\u00f6brek hastal\u0131klar\u0131nda da bu \u00e7e\u015fit belirtilerin g\u00f6r\u00fclebilece\u011fi aktar\u0131lan a\u00e7\u0131klamada, kronik b\u00f6brek hastal\u0131\u011f\u0131n\u0131n bedende toksik unsurlar\u0131n birikmesine yol a\u00e7\u0131p, cildin kurumas\u0131na neden oldu\u011fu, bu durum s\u00fcreklilik arz ediyorsa yaln\u0131zca mevsimsel tesirler yahut beslenme eksikliklerine bakman\u0131n k\u00e2fi olamayabilece\u011fi kaydedildi.<\/p>\n<p>A\u00e7\u0131klamada g\u00f6r\u00fc\u015flerine yer verilen TBV Ba\u015fkan\u0131 Erk, b\u00f6brek hastal\u0131klar\u0131n\u0131n sinsi ilerledi\u011fini tabir etti.<\/p>\n<p>Bunun erken devirde belirti vermedi\u011fine dikkati \u00e7eken Erk, &#8220;Ciltteki kuruluk kolay bir sorun \u00fczere g\u00f6r\u00fcnse de bedenimiz bizi uyar\u0131yor olabilir. Bu nedenle sinyalleri yeterli okumak gerekir. Erken te\u015fhis, b\u00f6brek hastal\u0131klar\u0131n\u0131n ilerlemesini durdurabilir ve genel s\u0131hhatinizi koruyabilir. Bu nedenle, y\u0131lda bir defa yap\u0131lan kan testleri ve doktor kontrolleri b\u00f6brek sa\u011fl\u0131\u011f\u0131n\u0131z\u0131 muhafazan\u0131n en de\u011ferli yollar\u0131ndan birdir.&#8221; bilgisini verdi.<\/p>\n<p><b>&#8220;Ka\u015f\u0131nt\u0131n\u0131n en kesin tedavisi b\u00f6brek nakli&#8221;<\/b><\/p>\n<p>Vakf\u0131n y\u00f6netim kurulu \u00fcyesi Prof. Dr. Ayd\u0131n T\u00fcrkmen ise gerek kronik b\u00f6brek yetersizli\u011fi s\u00fcrecinde gerekse son devir b\u00f6brek yetersizli\u011finde kuruluk ve ka\u015f\u0131nt\u0131n\u0131n \u00e7ok s\u0131k g\u00f6zlenen s\u0131k\u0131nt\u0131lardan biri oldu\u011funu ve hastalar\u0131n yakla\u015f\u0131k 3&#8217;te birinde g\u00f6r\u00fcld\u00fc\u011f\u00fcn\u00fc belirtti.<\/p>\n<p>Hastalara k\u00e2fi aktiflikte diyaliz yap\u0131lamamas\u0131n\u0131n da \u015fiddetli ka\u015f\u0131nt\u0131ya yol a\u00e7abildi\u011fini aktaran T\u00fcrkmen, \u015funlar\u0131 kaydetti:<\/p>\n<p>&#8220;B\u00f6brek yetersizli\u011findeki ka\u015f\u0131nt\u0131y\u0131, kuru cilt, ila\u00e7larla alakal\u0131 ka\u015f\u0131nt\u0131, sar\u0131l\u0131k ve kanser hastalar\u0131nda g\u00f6r\u00fclen ka\u015f\u0131nt\u0131lardan ay\u0131rmak gerekir. B\u00f6brek hastal\u0131\u011f\u0131na ba\u011fl\u0131 geli\u015fen ka\u015f\u0131nt\u0131n\u0131n tedavisi i\u00e7in bedende biriken toksik unsurlar\u0131n seviyesinin d\u00fc\u015f\u00fcr\u00fclmesi gereklidir. Kan fosfor ve parat hormon seviyeleri ola\u011fan d\u00fczeylere getirilmeye \u00e7al\u0131\u015f\u0131l\u0131r. Hasta giriyorsa diyalizin en aktif halde yap\u0131lmas\u0131na ihtimam g\u00f6sterilir. Topikal tedaviler, nemlendiriciler ve fototerapi kullan\u0131labilir. \u0130leri evre b\u00f6brek hastal\u0131\u011f\u0131yla alakal\u0131 ka\u015f\u0131nt\u0131n\u0131n en kesin tedavisi ise b\u00f6brek nakli yap\u0131lmas\u0131d\u0131r.&#8221;<\/p>\n<p>Vakf\u0131n diyetisyeni G\u00f6k\u00e7en Efe Ayd\u0131n de beslenme al\u0131\u015fkanlar\u0131n\u0131n cilt s\u0131hhatini direkt etkileyen nedenler ortas\u0131nda bulundu\u011funu s\u00f6z etti.<\/p>\n<p>Yetersiz su t\u00fcketimi ile \u00e7ok tuzlu ve i\u015flenmi\u015f besinlerin cildin nem kaybetmesine neden oldu\u011funa i\u015faret eden Ayd\u0131n, Bilhassa A, C, E vitamini ve Omega-3 ya\u011f asitlerinden yetersiz bir diyetin, cildin elastikiyetini kaybetmesine ve kurumas\u0131na yol a\u00e7t\u0131\u011f\u0131n\u0131 aktard\u0131.<\/p>\n","protected":false},"excerpt":{"rendered":"<p>T\u00fcrk B\u00f6brek Vakf\u0131 (TBV) Ba\u015fkan\u0131 Timur Erk, basit bir sorun olarak g\u00f6r\u00fclen ciltteki kurulu\u011fun asl\u0131nda bedenin uyar\u0131s\u0131 olabilece\u011fini bildirdi.<\/p>\n","protected":false},"author":1,"featured_media":23611,"comment_status":"open","ping_status":"open","sticky":false,"template":"","format":"standard","meta":{"footnotes":""},"categories":[29],"tags":[4293,519,1046,4294],"class_list":["post-23610","post","type-post","status-publish","format-standard","has-post-thumbnail","hentry","category-saglik","tag-bobrek","tag-hasta","tag-kuru","tag-yetersiz"],"_links":{"self":[{"href":"https:\/\/ikimisli.tr\/index.php\/wp-json\/wp\/v2\/posts\/23610","targetHints":{"allow":["GET"]}}],"collection":[{"href":"https:\/\/ikimisli.tr\/index.php\/wp-json\/wp\/v2\/posts"}],"about":[{"href":"https:\/\/ikimisli.tr\/index.php\/wp-json\/wp\/v2\/types\/post"}],"author":[{"embeddable":true,"href":"https:\/\/ikimisli.tr\/index.php\/wp-json\/wp\/v2\/users\/1"}],"replies":[{"embeddable":true,"href":"https:\/\/ikimisli.tr\/index.php\/wp-json\/wp\/v2\/comments?post=23610"}],"version-history":[{"count":1,"href":"https:\/\/ikimisli.tr\/index.php\/wp-json\/wp\/v2\/posts\/23610\/revisions"}],"predecessor-version":[{"id":23612,"href":"https:\/\/ikimisli.tr\/index.php\/wp-json\/wp\/v2\/posts\/23610\/revisions\/23612"}],"wp:featuredmedia":[{"embeddable":true,"href":"https:\/\/ikimisli.tr\/index.php\/wp-json\/wp\/v2\/media\/23611"}],"wp:attachment":[{"href":"https:\/\/ikimisli.tr\/index.php\/wp-json\/wp\/v2\/media?parent=23610"}],"wp:term":[{"taxonomy":"category","embeddable":true,"href":"https:\/\/ikimisli.tr\/index.php\/wp-json\/wp\/v2\/categories?post=23610"},{"taxonomy":"post_tag","embeddable":true,"href":"https:\/\/ikimisli.tr\/index.php\/wp-json\/wp\/v2\/tags?post=23610"}],"curies":[{"name":"wp","href":"https:\/\/api.w.org\/{rel}","templated":true}]}}