{"id":23729,"date":"2025-04-07T06:12:08","date_gmt":"2025-04-07T06:12:08","guid":{"rendered":"https:\/\/ikimisli.tr\/?p=23729"},"modified":"2025-04-07T06:12:08","modified_gmt":"2025-04-07T06:12:08","slug":"zorlunun-zorlandigi-zor-sorular","status":"publish","type":"post","link":"https:\/\/ikimisli.tr\/index.php\/2025\/04\/07\/zorlunun-zorlandigi-zor-sorular\/","title":{"rendered":"Zorlu&#8217;nun zorland\u0131\u011f\u0131 zor sorular!"},"content":{"rendered":"<p>AK Parti Ankara Milletvekili K\u00fcr\u015fad Kuvvetli, G\u00dcZEL Parti\u2019den istifa ederek AK Parti\u2019ye ge\u00e7mesinin akabinde gelen tenkitlere birinci sefer cevap verdi. K\u00fcme toplant\u0131s\u0131 \u00f6ncesinde a\u00e7\u0131klamalarda bulunan Kuvvetli, vicdan\u0131na ve milletine duydu\u011fu sorumluluk gere\u011fi bu karan\u0131 ald\u0131\u011f\u0131n\u0131 belirtti.<\/p>\n<p><b>&#8216;Ele\u015ftirilere H\u00fcrmetim Sonsuz, Lakin Palavra Siyasetine D\u00e2hil Olmam&#8217;<\/b><\/p>\n<p>Ele\u015ftirileri anlay\u0131\u015fla kar\u015f\u0131lad\u0131\u011f\u0131n\u0131 lisana getiren Kuvvetli, &#8220;Bana oy veren vicdanl\u0131 vatanda\u015flar\u0131m\u0131z\u0131n tenkitlerini h\u00fcrmetle kar\u015f\u0131l\u0131yorum. Hepsinin ba\u015f\u0131m\u0131n \u00fczerinde yeri var. Fakat palavra siyasetinin bir mod\u00fcl\u00fc olmayaca\u011f\u0131m\u0131n da alt\u0131n\u0131 \u00e7izmek istiyorum&#8221; dedi.<\/p>\n<p><b>&#8216;Yeni Bir S\u00fcrece Girdik, Polemiklerden Uzak Duraca\u011f\u0131m&#8217;<\/b><\/p>\n<p>S\u00fcreci bir d\u00f6n\u00fcm noktalar\u0131ndan biri olarak nitelendiren G\u00fc\u00e7l\u00fc, &#8220;Bug\u00fcn benim i\u00e7in de\u011ferli bir g\u00fcn. Yeni bir periyoda girdik. Bu vesileyle yaln\u0131zca \u015funu s\u00f6z etmek istiyorum; bir Anadolu evlad\u0131 olarak bug\u00fcne kadar polemik siyasetine aral\u0131kl\u0131 durdum. Bundan sonra da birebir hali s\u00fcrd\u00fcrece\u011fim&#8221; diye konu\u015ftu.<\/p>\n<p><b>&#8216;Art\u0131k \u0130craat Zaman\u0131&#8217;<\/b><\/p>\n<p>Milletin menfaatlerini \u00f6n planda tutarak hizmet etme anlay\u0131\u015f\u0131n\u0131n devam edece\u011fini belirten Kuvvetli, &#8220;\u015eimdi \u00fclkemiz i\u00e7in, aziz milletimiz i\u00e7in tahlil \u00fcretme ve icraat vaktidir. D\u00fcn oldu\u011fu \u00fczere bundan sonra da T\u00fcrk milletinin gelece\u011fi i\u00e7in \u00e7al\u0131\u015fmaya devam edece\u011fim&#8221; s\u00f6zlerini kulland\u0131.<\/p>\n","protected":false},"excerpt":{"rendered":"<p>G\u00dcZEL Parti\u2019den istifa edip AK Parti\u2019ye ge\u00e7tikten sonra gelen tenkitlere birinci sefer kar\u015f\u0131l\u0131k verdi<\/p>\n","protected":false},"author":1,"featured_media":23730,"comment_status":"open","ping_status":"open","sticky":false,"template":"","format":"standard","meta":{"footnotes":""},"categories":[25],"tags":[3262],"class_list":["post-23729","post","type-post","status-publish","format-standard","has-post-thumbnail","hentry","category-gundem","tag-zorlu"],"_links":{"self":[{"href":"https:\/\/ikimisli.tr\/index.php\/wp-json\/wp\/v2\/posts\/23729","targetHints":{"allow":["GET"]}}],"collection":[{"href":"https:\/\/ikimisli.tr\/index.php\/wp-json\/wp\/v2\/posts"}],"about":[{"href":"https:\/\/ikimisli.tr\/index.php\/wp-json\/wp\/v2\/types\/post"}],"author":[{"embeddable":true,"href":"https:\/\/ikimisli.tr\/index.php\/wp-json\/wp\/v2\/users\/1"}],"replies":[{"embeddable":true,"href":"https:\/\/ikimisli.tr\/index.php\/wp-json\/wp\/v2\/comments?post=23729"}],"version-history":[{"count":1,"href":"https:\/\/ikimisli.tr\/index.php\/wp-json\/wp\/v2\/posts\/23729\/revisions"}],"predecessor-version":[{"id":23731,"href":"https:\/\/ikimisli.tr\/index.php\/wp-json\/wp\/v2\/posts\/23729\/revisions\/23731"}],"wp:featuredmedia":[{"embeddable":true,"href":"https:\/\/ikimisli.tr\/index.php\/wp-json\/wp\/v2\/media\/23730"}],"wp:attachment":[{"href":"https:\/\/ikimisli.tr\/index.php\/wp-json\/wp\/v2\/media?parent=23729"}],"wp:term":[{"taxonomy":"category","embeddable":true,"href":"https:\/\/ikimisli.tr\/index.php\/wp-json\/wp\/v2\/categories?post=23729"},{"taxonomy":"post_tag","embeddable":true,"href":"https:\/\/ikimisli.tr\/index.php\/wp-json\/wp\/v2\/tags?post=23729"}],"curies":[{"name":"wp","href":"https:\/\/api.w.org\/{rel}","templated":true}]}}