{"id":23738,"date":"2025-04-07T06:48:08","date_gmt":"2025-04-07T06:48:08","guid":{"rendered":"https:\/\/ikimisli.tr\/?p=23738"},"modified":"2025-04-07T06:48:08","modified_gmt":"2025-04-07T06:48:08","slug":"ramazan-ayi-oncesi-vatandaslar-kara-kara-dusunuyor","status":"publish","type":"post","link":"https:\/\/ikimisli.tr\/index.php\/2025\/04\/07\/ramazan-ayi-oncesi-vatandaslar-kara-kara-dusunuyor\/","title":{"rendered":"Ramazan ay\u0131 \u00f6ncesi vatanda\u015flar kara kara d\u00fc\u015f\u00fcn\u00fcyor"},"content":{"rendered":"<p>Ramazan Ay\u0131, T\u00fcrkiye&#8217;de sevin\u00e7 yerine kayg\u0131yla kar\u015f\u0131lan\u0131yor. Osmaniye&#8217;nin Kadirli il\u00e7esinde vatanda\u015flar et alamad\u0131klar\u0131n\u0131, yakla\u015fan Ramazan ay\u0131nda ne yapacaklar\u0131n\u0131 bilmediklerini s\u00f6z etti. Kasap \u0130smail \u0130\u00e7demir, \u015f\u00f6yle konu\u015ftu:<\/p>\n<p>&#8220;Maalesef et fiyatlar\u0131m\u0131z \u00e7ok de\u011ferli lakin elimizde olmayan sebeplerden \u00f6t\u00fcr\u00fc \u00fcretimde maliyetler artt\u0131\u011f\u0131ndan, art\u0131\u015f fazla oldu\u011fundan \u00f6t\u00fcr\u00fc et fiyatlar\u0131 bu t\u00fcrl\u00fc. Biz neye al\u0131yorsak ona sat\u0131yoruz. Lakin vatanda\u015f hakl\u0131 isyan\u0131nda, vatanda\u015fa da bir \u015fey diyemiyoruz. Bizim de k\u00e2r marj\u0131m\u0131z d\u00fc\u015f\u00fcyor. Gitgide i\u015flerimiz d\u00fc\u015f\u00fcyor. Vatanda\u015f her t\u00fcrl\u00fc hakl\u0131. Ge\u00e7en sene et 400 lirayd\u0131 400- 450 lira band\u0131nda seyrediyordu, bu sene de 600 lira. Yem fiyatlar\u0131 artt\u0131, birtak\u0131m eserlerin fiyatlar\u0131 artt\u0131 fakat \u015funu da s\u00f6yleyebilirim yani yeniden et her \u015feye bakarak ucuz. Zerzevat, meyveye bakarak ucuz. Bir marul olmu\u015f 50 lira bir biber olmu\u015f 100 lira. Bir kilo et alsan \u00fc\u00e7 tane yeme\u011fe koyars\u0131n, yapars\u0131n. Maalesef T\u00fcrkiye&#8217;nin ac\u0131 ger\u00e7ekleri.&#8221; <\/p>\n<p><b>&#8220;\u00dc\u00c7 G\u00dcN EVVEL TAVUK ET\u0130 YED\u0130M&#8221;<\/b><\/p>\n<p>Bir emekli vatanda\u015f, &#8221;Et fiyatlar\u0131na ne diyebilirim lakin bak\u0131p ge\u00e7iyoruz. Ramazan ay\u0131nda da ne bulursak onu yeriz. Evvelden et yiyebiliyordum&#8221; derken, Menderes B\u00fcy\u00fck\u015fahin vatanda\u015f da \u201cEt alam\u0131yorum. 600 lira et yiyemiyorum, mescitte a\u00e7\u0131kta yat\u0131yorum. Annem babam \u00f6ld\u00fc Allah kimseyi sahipsiz hissettirmesin. \u0130ki \u00fc\u00e7 g\u00fcn evvel tavuk eti yedim di\u011fer da yok&#8221; diye konu\u015ftu.<\/p>\n<p><b>&#8220;MAA\u015eIMIZ YETM\u0130YOR&#8221;<\/b><\/p>\n<p>Mehmet Ate\u015f isimli bir vatanda\u015f ise &#8221;Et alam\u0131yoruz, maa\u015f\u0131m\u0131z yetmiyor. Emekliyiz lakin kira paras\u0131n\u0131 veriyoruz, \u00e7ocuklar bize bak\u0131yor biz kendimiz alam\u0131yoruz. Biz konutta kar\u0131 kocay\u0131z, \u00e7ocuklar bize ne getirirse meskende yap\u0131p yiyoruz. Biz kendi maa\u015f\u0131m\u0131zla fakat kira paras\u0131n\u0131 \u00f6d\u00fcyoruz, ete filan yetmez&#8221; dedi.<\/p>\n<p>Mahmut Kabakl\u0131 da &#8221;Ben et alam\u0131yorum. Bazen kom\u015fular kurban keserlerse veriyorlar. Ben paramla alam\u0131yorum etin kilosu 600 lira bize nazaran k\u0131ymetli. Ramazan ay\u0131nda birileri verirse yiyece\u011fiz ben kendim alam\u0131yorum. Bir yerden bir gelirim yok&#8221; tabirini kulland\u0131.<\/p>\n","protected":false},"excerpt":{"rendered":"<p>Ramazan ay\u0131 \u00f6ncesinde vatanda\u015flar et fiyatlar\u0131ndan s\u0131k\u0131nt\u0131 yand\u0131. Emekli Mehmet Ate\u015f, &#8220;Et alam\u0131yoruz, maa\u015f\u0131m\u0131z yetmiyor. Emekliyiz lakin kira paras\u0131n\u0131 veriyoruz, \u00e7ocuklar bize bak\u0131yor biz kendimiz alam\u0131yoruz&#8221; diye konu\u015ftu.<\/p>\n","protected":false},"author":1,"featured_media":23739,"comment_status":"open","ping_status":"open","sticky":false,"template":"","format":"standard","meta":{"footnotes":""},"categories":[25],"tags":[388,174,574],"class_list":["post-23738","post","type-post","status-publish","format-standard","has-post-thumbnail","hentry","category-gundem","tag-fiyatlari","tag-lira","tag-vatandas"],"_links":{"self":[{"href":"https:\/\/ikimisli.tr\/index.php\/wp-json\/wp\/v2\/posts\/23738","targetHints":{"allow":["GET"]}}],"collection":[{"href":"https:\/\/ikimisli.tr\/index.php\/wp-json\/wp\/v2\/posts"}],"about":[{"href":"https:\/\/ikimisli.tr\/index.php\/wp-json\/wp\/v2\/types\/post"}],"author":[{"embeddable":true,"href":"https:\/\/ikimisli.tr\/index.php\/wp-json\/wp\/v2\/users\/1"}],"replies":[{"embeddable":true,"href":"https:\/\/ikimisli.tr\/index.php\/wp-json\/wp\/v2\/comments?post=23738"}],"version-history":[{"count":1,"href":"https:\/\/ikimisli.tr\/index.php\/wp-json\/wp\/v2\/posts\/23738\/revisions"}],"predecessor-version":[{"id":23740,"href":"https:\/\/ikimisli.tr\/index.php\/wp-json\/wp\/v2\/posts\/23738\/revisions\/23740"}],"wp:featuredmedia":[{"embeddable":true,"href":"https:\/\/ikimisli.tr\/index.php\/wp-json\/wp\/v2\/media\/23739"}],"wp:attachment":[{"href":"https:\/\/ikimisli.tr\/index.php\/wp-json\/wp\/v2\/media?parent=23738"}],"wp:term":[{"taxonomy":"category","embeddable":true,"href":"https:\/\/ikimisli.tr\/index.php\/wp-json\/wp\/v2\/categories?post=23738"},{"taxonomy":"post_tag","embeddable":true,"href":"https:\/\/ikimisli.tr\/index.php\/wp-json\/wp\/v2\/tags?post=23738"}],"curies":[{"name":"wp","href":"https:\/\/api.w.org\/{rel}","templated":true}]}}