{"id":23909,"date":"2025-04-07T16:24:08","date_gmt":"2025-04-07T16:24:08","guid":{"rendered":"https:\/\/ikimisli.tr\/?p=23909"},"modified":"2025-04-07T16:24:08","modified_gmt":"2025-04-07T16:24:08","slug":"bulent-tezcan-bu-teklif-kayyumlari-rahatca-uygulayabilme-yetkisidir","status":"publish","type":"post","link":"https:\/\/ikimisli.tr\/index.php\/2025\/04\/07\/bulent-tezcan-bu-teklif-kayyumlari-rahatca-uygulayabilme-yetkisidir\/","title":{"rendered":"B\u00fclent Tezcan: &#8220;Bu teklif kayyumlar\u0131 rahat\u00e7a uygulayabilme yetkisidir&#8221;"},"content":{"rendered":"<p>TBMM Genel Konseyi&#8217;nde, en d\u00fc\u015f\u00fck emekli ayl\u0131\u011f\u0131n\u0131n 14 bin 469 liraya y\u00fckseltilmesini i\u00e7eren teklifin g\u00f6r\u00fc\u015fmeleri s\u0131ras\u0131nda, CHP Ayd\u0131n Milletvekili B\u00fclent Tezcan, Cumhur \u0130ttifak\u0131 iktidar\u0131n\u0131n uygulad\u0131\u011f\u0131 siyasetlere sert reaksiyon g\u00f6sterdi. Tezcan, iktidar\u0131n tek adam idaresi anlay\u0131\u015f\u0131n\u0131 ele\u015ftirerek, &#8220;Bu teklif, Cumhur \u0130ttifak\u0131 iktidar\u0131n\u0131n nas\u0131l bir T\u00fcrkiye istedi\u011finin foto\u011fraf\u0131d\u0131r. Bu, kayyum uygulamas\u0131n\u0131n \u00e7ok daha geni\u015f bir bi\u00e7imde rahat\u00e7a uygulanabilmesinin yolunu a\u00e7ar&#8221; dedi.<\/p>\n<p><strong>&#8220;Cumhurba\u015fkan\u0131na Sonsuz Yetki Veriliyor&#8221;<\/strong><\/p>\n<p>Tezcan, teklifin i\u00e7eri\u011fiyle ilgili olarak, bilhassa Cumhurba\u015fkan\u0131na verilen yetkileri ele\u015ftirdi. &#8220;Bu kanun, Cumhurba\u015fkan\u0131na devletin her kademesindeki kamu g\u00f6revlisini misyondan alabilme yetkisini veriyor. Yani yaln\u0131zca bu husus bile Cumhurba\u015fkan\u0131n\u0131n yetki h\u0131rs\u0131n\u0131 g\u00f6zler \u00f6n\u00fcne seriyor&#8221; diyen Tezcan, iktidar\u0131n T\u00fcrkiye&#8217;de t\u00fcm kamu g\u00f6revlilerini ve devletin her kurumunu Cumhurba\u015fkan\u0131n\u0131n buyru\u011funa sokmay\u0131 hedefledi\u011fini belirtti. &#8220;Yarg\u0131\u00e7lar, savc\u0131lar, belediye liderleri, kamu vazifelileri, milletvekilleri&#8230; Hepsi Cumhurba\u015fkan\u0131n\u0131n buyru\u011funda olacak. Bu nas\u0131l bir doymazl\u0131k?&#8221; s\u00f6zlerini kulland\u0131.<\/p>\n<p><strong>&#8220;A\u011fz\u0131n\u0131 A\u00e7ana Soru\u015fturma A\u00e7\u0131l\u0131yor&#8221;<\/strong><\/p>\n<p>Tezcan, ayr\u0131yeten h\u00fck\u00fcmetin uygulad\u0131\u011f\u0131 bask\u0131c\u0131 siyasetlerle ilgili \u00f6rnekler vererek, &#8220;A\u011fz\u0131n\u0131 a\u00e7ana soru\u015fturma a\u00e7an savc\u0131lar\u0131n\u0131z var&#8221; dedi ve \u0130stanbul B\u00fcy\u00fck\u015fehir Belediye Ba\u015fkan\u0131 Ekrem \u0130mamo\u011flu&#8217;nun ifade vermek i\u00e7in \u00e7a\u011fr\u0131lmas\u0131na dikkat \u00e7ekti. Tezcan, &#8220;Yar\u0131n Ekrem \u0130mamo\u011flu&#8217;nun tabirine gidece\u011fiz. Zira her mazlumun sesi susturuluyor, her tenkit hata haline getiriliyor&#8221; diyerek, tenkitlerin bask\u0131 alt\u0131na al\u0131nmas\u0131n\u0131 k\u0131nad\u0131.<\/p>\n<p><strong>&#8220;Gazetecilere Y\u00f6nelik Bask\u0131 Artt\u0131&#8221;<\/strong><\/p>\n<p>Tezcan, T\u00fcrkiye&#8217;deki \u00f6zg\u00fcrl\u00fcklerin giderek darald\u0131\u011f\u0131n\u0131 ve bu bask\u0131lar\u0131n bilhassa gazetecilik alan\u0131nda daha bariz hale geldi\u011fini s\u00f6yledi. &#8220;Gazeteciler, yaln\u0131zca r\u00f6portaj yapt\u0131klar\u0131 i\u00e7in tutuklan\u0131yor. Muhalif konu\u015fan herkes susturuluyor&#8221; diyerek, medya \u00f6zg\u00fcrl\u00fc\u011f\u00fcne yap\u0131lan m\u00fcdahalelere dikkat \u00e7ekti. Ayr\u0131yeten, Seyahat Park\u0131 davas\u0131 \u00fczerinden yap\u0131lan tutuklamalar\u0131 da ele\u015ftirerek, &#8220;Gezi, bu \u00fclkenin son y\u0131llardaki en b\u00fcy\u00fck ve en sayg\u0131n direni\u015fidir. Buna ter\u00f6rist diyenler, T\u00fcrkiye\u2019yi nereye ta\u015f\u0131yor?&#8221; s\u00f6zlerini kulland\u0131.<\/p>\n<p><strong>&#8220;T\u00fcrkiye&#8217;yi Otoriter Sisteme S\u00fcr\u00fcklemek \u0130stiyorlar&#8221;<\/strong><\/p>\n<p>Tezcan, son olarak, T\u00fcrkiye\u2019de inan\u00e7l\u0131 bir toplum yarat\u0131lmas\u0131n\u0131n, otoriter rejim kurma gayesini bo\u015fa \u00e7\u0131karaca\u011f\u0131n\u0131 belirterek, &#8220;E\u011fer toplum kendisini inan\u00e7ta hissederse, o vakit dilek etti\u011finiz otoriter nizam\u0131 kurma talihiniz yok&#8221; dedi. Bu kelamlar\u0131yla, h\u00fck\u00fcmetin \u00f6zg\u00fcrl\u00fckler \u00fczerindeki bask\u0131lar\u0131n\u0131n, toplumun inan\u00e7 hissini zedeledi\u011fini vurgulad\u0131.<\/p>\n","protected":false},"excerpt":{"rendered":"<p>TBMM Genel Heyeti&#8217;nde en d\u00fc\u015f\u00fck emekli ayl\u0131\u011f\u0131n\u0131n 14 bin 469 liraya y\u00fckseltilmesini d\u00fczenleyen teklifin g\u00f6r\u00fc\u015fmelerinde konu\u015fan CHP Ayd\u0131n Milletvekili B\u00fclent Tezcan, tek adam idaresine reaksiyon g\u00f6sterdi<\/p>\n","protected":false},"author":1,"featured_media":23910,"comment_status":"open","ping_status":"open","sticky":false,"template":"","format":"standard","meta":{"footnotes":""},"categories":[25],"tags":[3915,188,4326,113],"class_list":["post-23909","post","type-post","status-publish","format-standard","has-post-thumbnail","hentry","category-gundem","tag-baski","tag-cumhur","tag-tezcan","tag-turkiye"],"_links":{"self":[{"href":"https:\/\/ikimisli.tr\/index.php\/wp-json\/wp\/v2\/posts\/23909","targetHints":{"allow":["GET"]}}],"collection":[{"href":"https:\/\/ikimisli.tr\/index.php\/wp-json\/wp\/v2\/posts"}],"about":[{"href":"https:\/\/ikimisli.tr\/index.php\/wp-json\/wp\/v2\/types\/post"}],"author":[{"embeddable":true,"href":"https:\/\/ikimisli.tr\/index.php\/wp-json\/wp\/v2\/users\/1"}],"replies":[{"embeddable":true,"href":"https:\/\/ikimisli.tr\/index.php\/wp-json\/wp\/v2\/comments?post=23909"}],"version-history":[{"count":1,"href":"https:\/\/ikimisli.tr\/index.php\/wp-json\/wp\/v2\/posts\/23909\/revisions"}],"predecessor-version":[{"id":23911,"href":"https:\/\/ikimisli.tr\/index.php\/wp-json\/wp\/v2\/posts\/23909\/revisions\/23911"}],"wp:featuredmedia":[{"embeddable":true,"href":"https:\/\/ikimisli.tr\/index.php\/wp-json\/wp\/v2\/media\/23910"}],"wp:attachment":[{"href":"https:\/\/ikimisli.tr\/index.php\/wp-json\/wp\/v2\/media?parent=23909"}],"wp:term":[{"taxonomy":"category","embeddable":true,"href":"https:\/\/ikimisli.tr\/index.php\/wp-json\/wp\/v2\/categories?post=23909"},{"taxonomy":"post_tag","embeddable":true,"href":"https:\/\/ikimisli.tr\/index.php\/wp-json\/wp\/v2\/tags?post=23909"}],"curies":[{"name":"wp","href":"https:\/\/api.w.org\/{rel}","templated":true}]}}