{"id":23972,"date":"2025-04-07T19:48:10","date_gmt":"2025-04-07T19:48:10","guid":{"rendered":"https:\/\/ikimisli.tr\/?p=23972"},"modified":"2025-04-07T19:48:10","modified_gmt":"2025-04-07T19:48:10","slug":"ingiliz-kustahligi-tepkisiz-kalmasin","status":"publish","type":"post","link":"https:\/\/ikimisli.tr\/index.php\/2025\/04\/07\/ingiliz-kustahligi-tepkisiz-kalmasin\/","title":{"rendered":"\u0130ngiliz k\u00fcstahl\u0131\u011f\u0131 tepkisiz kalmas\u0131n"},"content":{"rendered":"<p>T\u00fcrk pasaportunun prestiji giderek azal\u0131yor. Bir\u00e7ok \u00fclke ola\u011fan, gri ve ye\u015fil pasaporta vize uygularken \u0130ngiltere, diplomatik pasaport sahibi T\u00fcrk vatanda\u015flar\u0131ndan da vize isteyece\u011fini bildirdi.<\/p>\n<p>Yeni uygulama 11 Mart\u2019tan itibaren ge\u00e7erli olacak. Bu tarihten sonra bakanlar, milletvekilleri, b\u00fcy\u00fckel\u00e7iler hatta Cumhurba\u015fkan\u0131 bile \u0130ngiltere\u2019ye giderken vize almak zorunda kalacak. D\u0131\u015fi\u015fleri Bakanl\u0131\u011f\u0131 bu geli\u015fmeyi bir yaz\u0131 ile TBMM\u2019ye bildirildi. \u0130ngiliz vizesinde tek istisna \u201cResmi vazifeyle gidecek bakanlar\u201d olarak bildirildi.<\/p>\n<p><strong>PARMAK \u0130Z\u0130 ALIYOR<\/strong><\/p>\n<p>Diplomatik pasaport sahipleri bug\u00fcne kadar 180 g\u00fcn i\u00e7inde 90 g\u00fcn\u00fc a\u015fmamak kayd\u0131yla \u0130ngiltere seyahatlerinde vizeden muaf tutuluyordu. \u0130ngiltere vize talep eden her T\u00fcrk vatanda\u015f\u0131ndan istisnas\u0131z parmak izi de al\u0131yor. Bug\u00fcne kadar yaln\u0131zca ABD, Kanada ve Suudi Arabistan diplomatik pasaport sahiplerinden vize istiyordu.<\/p>\n<p>\u2018Vize m\u00fcracaat formu\u2019 da 18 \u015eubat tarihinden itibaren \u0130ngiltere\u2019nin Ankara B\u00fcy\u00fckel\u00e7ili\u011fi ve Ba\u015fkonsolosluklar\u0131 taraf\u0131ndan diplomatik pasaport sahiplerinin kullan\u0131m\u0131na a\u00e7\u0131lacak.<\/p>\n<p><img decoding=\"async\" src=\"https:\/\/ikimisli.tr\/wp-content\/uploads\/2025\/04\/ingiliz-kustahligi-tepkisiz-kalmasin-0-WVPaZXkx.jpg\"\/><\/p>\n<p><strong>ARTIK BU HAKLARI YOK<\/strong><\/p>\n<p>\u0130ngiltere, TBMM \u00fcyeleri ve bakanlardan da vize talep edecek. Yaln\u0131zca \u2018resmi g\u00f6revli\u2019 olarak bu \u00fclkeye gidecek bakanlar\u0131n bile vize almas\u0131 tavsiye edildi. Lakin bakan ve ailesi tatil yahut resmi seyahat d\u0131\u015f\u0131nda bu \u00fclkeye gitmesi halinde yeniden vize almak zorunda olacak.<\/p>\n<p>D\u0131\u015fi\u015fleri Bakanl\u0131\u011f\u0131 taraf\u0131ndan verilen diplomatik pasaport, pek \u00e7ok \u00fclkeye vizesiz giri\u015f imkan\u0131 tan\u0131yor. Bu pasaport sahipleri, har\u00e7 fiyat\u0131 de \u00f6demiyor. Hak sahiplerinin e\u015f ve \u00e7ocuklar\u0131na da diplomatik pasaport veriliyor. T\u00fcrkiye\u2019ye t\u0131pk\u0131 uygulamay\u0131 ABD, Kanada ve Suudi Arabistan da yap\u0131yor.<\/p>\n","protected":false},"excerpt":{"rendered":"<p>\u0130ngiltere, T\u00fcrkiye\u2019ye y\u00f6nelik vize uygulamas\u0131n\u0131n alan\u0131n\u0131 geni\u015fletti. 11 Mart\u2019tan itibaren bakanlar bile resmi misyonu yoksa vize alacak.<\/p>\n","protected":false},"author":1,"featured_media":23973,"comment_status":"open","ping_status":"open","sticky":false,"template":"","format":"standard","meta":{"footnotes":""},"categories":[25],"tags":[262,4333,1301,4334,727],"class_list":["post-23972","post","type-post","status-publish","format-standard","has-post-thumbnail","hentry","category-gundem","tag-bakan","tag-diplomatik-pasaport","tag-ingiltere","tag-sahipleri","tag-vize"],"_links":{"self":[{"href":"https:\/\/ikimisli.tr\/index.php\/wp-json\/wp\/v2\/posts\/23972","targetHints":{"allow":["GET"]}}],"collection":[{"href":"https:\/\/ikimisli.tr\/index.php\/wp-json\/wp\/v2\/posts"}],"about":[{"href":"https:\/\/ikimisli.tr\/index.php\/wp-json\/wp\/v2\/types\/post"}],"author":[{"embeddable":true,"href":"https:\/\/ikimisli.tr\/index.php\/wp-json\/wp\/v2\/users\/1"}],"replies":[{"embeddable":true,"href":"https:\/\/ikimisli.tr\/index.php\/wp-json\/wp\/v2\/comments?post=23972"}],"version-history":[{"count":1,"href":"https:\/\/ikimisli.tr\/index.php\/wp-json\/wp\/v2\/posts\/23972\/revisions"}],"predecessor-version":[{"id":23975,"href":"https:\/\/ikimisli.tr\/index.php\/wp-json\/wp\/v2\/posts\/23972\/revisions\/23975"}],"wp:featuredmedia":[{"embeddable":true,"href":"https:\/\/ikimisli.tr\/index.php\/wp-json\/wp\/v2\/media\/23973"}],"wp:attachment":[{"href":"https:\/\/ikimisli.tr\/index.php\/wp-json\/wp\/v2\/media?parent=23972"}],"wp:term":[{"taxonomy":"category","embeddable":true,"href":"https:\/\/ikimisli.tr\/index.php\/wp-json\/wp\/v2\/categories?post=23972"},{"taxonomy":"post_tag","embeddable":true,"href":"https:\/\/ikimisli.tr\/index.php\/wp-json\/wp\/v2\/tags?post=23972"}],"curies":[{"name":"wp","href":"https:\/\/api.w.org\/{rel}","templated":true}]}}