{"id":23998,"date":"2025-04-07T21:24:08","date_gmt":"2025-04-07T21:24:08","guid":{"rendered":"https:\/\/ikimisli.tr\/?p=23998"},"modified":"2025-04-07T21:24:08","modified_gmt":"2025-04-07T21:24:08","slug":"tegmenler-onay-bekliyor","status":"publish","type":"post","link":"https:\/\/ikimisli.tr\/index.php\/2025\/04\/07\/tegmenler-onay-bekliyor\/","title":{"rendered":"Te\u011fmenler onay bekliyor"},"content":{"rendered":"<p><strong>Cem Y\u0131ld\u0131r\u0131m<\/strong><\/p>\n<p>Milli Savunma Bakanl\u0131\u011f\u0131 kaynaklar\u0131, TSK\u2019dan ihra\u00e7 istemiyle YDK\u2019ya sevk edilen te\u011fmenlerle ilgili karar\u0131n, onay sonras\u0131 kamuoyuyla payla\u015f\u0131laca\u011f\u0131n\u0131 duyurdu.<\/p>\n<p>30 A\u011fustos 2024\u2019teki Kara Harp Okullar\u0131 mezuniyet merasiminden sonra \u201cMustafa Kemal\u2019in askerleriyiz\u201d diyerek and i\u00e7en ve T\u00fcrk Silahl\u0131 Kuvvetleri\u2019nden ihra\u00e7 istemi ile Y\u00fcksek<\/p>\n<p>Disiplin Kurulu\u2019na sevk edilen te\u011fmenlerle ilgili Y\u00fcksek Disiplin Kurulu d\u00fcn tamamlad\u0131.<\/p>\n<p><b>GEREK\u00c7E BEKLEN\u0130YOR<\/b><\/p>\n<p>Milli Savunma Bakanl\u0131\u011f\u0131 (MSB) kaynaklar\u0131 d\u00fcn, te\u011fmenlerle ilgili karar\u0131n son evrede oldu\u011funu a\u00e7\u0131klad\u0131. MSB kaynaklar\u0131 a\u00e7\u0131klamas\u0131nda \u201cYDK gerek\u00e7eli kararlar\u0131n\u0131n tamamlanmas\u0131 ve onaya sunulmas\u0131n\u0131 bekliyoruz. YDK kararlar\u0131, onay s\u00fcrecini m\u00fcteakip en k\u0131sa m\u00fcddette kamuoyuyla payla\u015f\u0131lacakt\u0131r\u201d denildi. Karar\u0131n Kara Kuvvetleri Kumandan\u0131 Orgeneral Sel\u00e7uk Bayraktaro\u011flu\u2019nun onay\u0131ndan sonra duyurulaca\u011f\u0131 a\u00e7\u0131kland\u0131.<\/p>\n<p>Te\u011fmenler Ebru Ero\u011flu, Batuhan Gazi K\u0131l\u0131\u00e7, Deniz Demirta\u015f, Talip \u0130zzet Akarsu ve Serhat G\u00fcndar, 16 Ocak\u2019ta Y\u00fcksek Disiplin Kurulu\u2019nda (YDK) yaz\u0131l\u0131 ve kelaml\u0131 savunma yapm\u0131\u015ft\u0131.<\/p>\n<p>Milli Savunma Bakanl\u0131\u011f\u0131 kaynaklar\u0131, Y\u00fcksek Disiplin Kurulu\u2019na sevk edilen te\u011fmenler ile y\u00f6netimciler hakk\u0131nda, \u201c16 Ocak\u2019ta toplanan Y\u00fcksek Disiplin Kurulu\u2019nun gerek\u00e7eli karar\u0131n\u0131 10 i\u015f g\u00fcn\u00fc i\u00e7erisinde yaz\u0131p onaya sunaca\u011f\u0131n\u0131 bildirmi\u015ftik. Kelam konusu YDK gerek\u00e7eli kararlar\u0131n\u0131n bug\u00fcn mesai bitimine kadar tamamlanmas\u0131 ve onaya sunulmas\u0131n\u0131 bekliyoruz. YDK kararlar\u0131, onay s\u00fcrecini m\u00fcteakip en k\u0131sa m\u00fcddette kamuoyuyla payla\u015f\u0131lacakt\u0131r\u201d a\u00e7\u0131klamas\u0131n\u0131 yapt\u0131.<\/p>\n<p>Te\u011fmenler hakk\u0131nda amirlerin ikazlar\u0131na kar\u015f\u0131n planl\u0131 disiplinsizlik yap\u0131ld\u0131\u011f\u0131 gerek\u00e7esiyle soru\u015fturma ba\u015flat\u0131lm\u0131\u015f ve 18 Kas\u0131m 2024\u2019te Y\u00fcksek Disiplin Kurulu\u2019na (YDK) sevk edilmi\u015flerdi.<\/p>\n","protected":false},"excerpt":{"rendered":"<p>T\u00fcrkiye\u2019nin b\u00fct\u00fcnl\u00fc\u011f\u00fcn\u00fc savunmaya and i\u00e7en te\u011fmenler i\u00e7in karar verildi. Son kelam\u0131 Org. Bayraktaro\u011flu s\u00f6yleyecek.<\/p>\n","protected":false},"author":1,"featured_media":23999,"comment_status":"open","ping_status":"open","sticky":false,"template":"","format":"standard","meta":{"footnotes":""},"categories":[25],"tags":[775,2496,1367,4339,4340],"class_list":["post-23998","post","type-post","status-publish","format-standard","has-post-thumbnail","hentry","category-gundem","tag-kara","tag-onay","tag-tegmenler","tag-ydk","tag-yuksek-disiplin-kurulu"],"_links":{"self":[{"href":"https:\/\/ikimisli.tr\/index.php\/wp-json\/wp\/v2\/posts\/23998","targetHints":{"allow":["GET"]}}],"collection":[{"href":"https:\/\/ikimisli.tr\/index.php\/wp-json\/wp\/v2\/posts"}],"about":[{"href":"https:\/\/ikimisli.tr\/index.php\/wp-json\/wp\/v2\/types\/post"}],"author":[{"embeddable":true,"href":"https:\/\/ikimisli.tr\/index.php\/wp-json\/wp\/v2\/users\/1"}],"replies":[{"embeddable":true,"href":"https:\/\/ikimisli.tr\/index.php\/wp-json\/wp\/v2\/comments?post=23998"}],"version-history":[{"count":1,"href":"https:\/\/ikimisli.tr\/index.php\/wp-json\/wp\/v2\/posts\/23998\/revisions"}],"predecessor-version":[{"id":24000,"href":"https:\/\/ikimisli.tr\/index.php\/wp-json\/wp\/v2\/posts\/23998\/revisions\/24000"}],"wp:featuredmedia":[{"embeddable":true,"href":"https:\/\/ikimisli.tr\/index.php\/wp-json\/wp\/v2\/media\/23999"}],"wp:attachment":[{"href":"https:\/\/ikimisli.tr\/index.php\/wp-json\/wp\/v2\/media?parent=23998"}],"wp:term":[{"taxonomy":"category","embeddable":true,"href":"https:\/\/ikimisli.tr\/index.php\/wp-json\/wp\/v2\/categories?post=23998"},{"taxonomy":"post_tag","embeddable":true,"href":"https:\/\/ikimisli.tr\/index.php\/wp-json\/wp\/v2\/tags?post=23998"}],"curies":[{"name":"wp","href":"https:\/\/api.w.org\/{rel}","templated":true}]}}