{"id":24107,"date":"2025-04-08T04:00:07","date_gmt":"2025-04-08T04:00:07","guid":{"rendered":"https:\/\/ikimisli.tr\/?p=24107"},"modified":"2025-04-08T04:00:07","modified_gmt":"2025-04-08T04:00:07","slug":"applein-geliri-uc-aylik-donemde-artti","status":"publish","type":"post","link":"https:\/\/ikimisli.tr\/index.php\/2025\/04\/08\/applein-geliri-uc-aylik-donemde-artti\/","title":{"rendered":"Apple&#8217;\u0131n geliri \u00fc\u00e7 ayl\u0131k d\u00f6nemde artt\u0131"},"content":{"rendered":"<p>Mali takviminde 28 Aral\u0131k 2024&#8217;te biten \u00fc\u00e7 ayl\u0131k periyodu 2025 mali y\u0131l\u0131n\u0131n birinci \u00e7eyre\u011fi olarak kabul eden Apple, bilan\u00e7osunu a\u00e7\u0131klad\u0131.<\/p>\n<p>Buna nazaran, \u015firketin geliri bu devirde y\u0131ll\u0131k y\u00fczde 4 art\u0131\u015fla 124,3 milyar dolara y\u00fckseldi. Apple, evvelki y\u0131l\u0131n t\u0131pk\u0131 devrinde 119,6 milyar dolar gelir elde etmi\u015fti.<\/p>\n<p>\u015eirketin net kar\u0131 da birebir devirde y\u00fczde 7 artarak 36,3 milyar dolara \u00e7\u0131kt\u0131. Firma, evvelki y\u0131l\u0131n t\u0131pk\u0131 periyodunda 33,9 milyar dolar net kar a\u00e7\u0131klam\u0131\u015ft\u0131.<\/p>\n<p>Apple&#8217;\u0131n pay ba\u015f\u0131na kar\u0131 da kelam konusu periyotta 2,18 dolardan 2,40 dolara y\u00fckseldi.<\/p>\n<p>\u015eirketin geliri ve net kar\u0131 bu devirde piyasa beklentilerinin \u00fczerinde ger\u00e7ekle\u015fti.<\/p>\n<p><b>SATI\u015eLARDA D\u00dc\u015e\u00dc\u015e<\/b><\/p>\n<p>S\u00f6z konusu devirde Apple&#8217;\u0131n iPhone sat\u0131\u015flar\u0131 azal\u0131rken, Mac ve iPad sat\u0131\u015flar\u0131nda art\u0131\u015f kaydedildi.<\/p>\n<p>iPhone sat\u0131\u015flar\u0131n\u0131n mebla\u011f\u0131, 28 Aral\u0131k 2024&#8217;te biten \u00fc\u00e7 ayl\u0131k periyotta y\u0131ll\u0131k yakla\u015f\u0131k y\u00fczde 1 azal\u0131\u015fla 69,1 milyar dolara geriledi.<\/p>\n<p>\u015eirketin iPhone sat\u0131\u015flar\u0131 bu devirde piyasa beklentilerini kar\u015f\u0131layamad\u0131.<\/p>\n<p>Ayn\u0131 devirde Mac sat\u0131\u015flar\u0131 y\u00fczde 16 artarak 8,9 milyar dolara, iPad sat\u0131\u015flar\u0131 da y\u00fczde 15 art\u0131\u015fla 8,1 milyar dolara \u00e7\u0131kt\u0131.<\/p>\n","protected":false},"excerpt":{"rendered":"<p>ABD&#8217;li teknoloji devlerinden Apple&#8217;\u0131n geliri, \u00fc\u00e7 ayl\u0131k periyotta y\u0131ll\u0131k bazda y\u00fczde 4 art\u0131\u015f kaydetti.<\/p>\n","protected":false},"author":1,"featured_media":24108,"comment_status":"open","ping_status":"open","sticky":false,"template":"","format":"standard","meta":{"footnotes":""},"categories":[24],"tags":[4359,379,2129],"class_list":["post-24107","post","type-post","status-publish","format-standard","has-post-thumbnail","hentry","category-ekonomi","tag-donemde","tag-kar","tag-milyar-dolar"],"_links":{"self":[{"href":"https:\/\/ikimisli.tr\/index.php\/wp-json\/wp\/v2\/posts\/24107","targetHints":{"allow":["GET"]}}],"collection":[{"href":"https:\/\/ikimisli.tr\/index.php\/wp-json\/wp\/v2\/posts"}],"about":[{"href":"https:\/\/ikimisli.tr\/index.php\/wp-json\/wp\/v2\/types\/post"}],"author":[{"embeddable":true,"href":"https:\/\/ikimisli.tr\/index.php\/wp-json\/wp\/v2\/users\/1"}],"replies":[{"embeddable":true,"href":"https:\/\/ikimisli.tr\/index.php\/wp-json\/wp\/v2\/comments?post=24107"}],"version-history":[{"count":1,"href":"https:\/\/ikimisli.tr\/index.php\/wp-json\/wp\/v2\/posts\/24107\/revisions"}],"predecessor-version":[{"id":24109,"href":"https:\/\/ikimisli.tr\/index.php\/wp-json\/wp\/v2\/posts\/24107\/revisions\/24109"}],"wp:featuredmedia":[{"embeddable":true,"href":"https:\/\/ikimisli.tr\/index.php\/wp-json\/wp\/v2\/media\/24108"}],"wp:attachment":[{"href":"https:\/\/ikimisli.tr\/index.php\/wp-json\/wp\/v2\/media?parent=24107"}],"wp:term":[{"taxonomy":"category","embeddable":true,"href":"https:\/\/ikimisli.tr\/index.php\/wp-json\/wp\/v2\/categories?post=24107"},{"taxonomy":"post_tag","embeddable":true,"href":"https:\/\/ikimisli.tr\/index.php\/wp-json\/wp\/v2\/tags?post=24107"}],"curies":[{"name":"wp","href":"https:\/\/api.w.org\/{rel}","templated":true}]}}