{"id":2439,"date":"2025-01-09T17:30:46","date_gmt":"2025-01-09T17:30:46","guid":{"rendered":"https:\/\/ikimisli.tr\/?p=2439"},"modified":"2025-01-09T17:30:46","modified_gmt":"2025-01-09T17:30:46","slug":"islami-yasaklamak-isteyen-hollandaya-muhammed-surprizi","status":"publish","type":"post","link":"https:\/\/ikimisli.tr\/index.php\/2025\/01\/09\/islami-yasaklamak-isteyen-hollandaya-muhammed-surprizi\/","title":{"rendered":"\u0130slam\u0131 yasaklamak isteyen Hollanda&#8217;ya &#8216;Muhammed&#8217; s\u00fcrprizi"},"content":{"rendered":"<p>Hollanda&#8217;da 2024 y\u0131l\u0131na ili\u015fkin yeni do\u011fan bebeklere verilen isimler listesi a\u00e7\u0131kland\u0131.<\/p>\n<p>Hollanda Sosyal G\u00fcvenlik Kurumu (SVB) taraf\u0131ndan payla\u015f\u0131lan datalara nazaran, ge\u00e7en y\u0131l erkek bebekler ortas\u0131nda en \u00e7ok tercih edilen isim 922 kere verilen &#8220;Noah&#8221; oldu. K\u0131z bebeklerde ise &#8220;Emma&#8221; ismi 657 sefer tercih edilerek en tan\u0131nan isim oldu.<\/p>\n<p><img decoding=\"async\" src=\"https:\/\/ikimisli.tr\/wp-content\/uploads\/2025\/01\/islami-yasaklamak-isteyen-hollandaya-muhammed-surprizi-0-UejfNSfi.jpg\"\/><\/p>\n<p><b>MUHAMMED 4. SIRADA<\/b><\/p>\n<p>Erkek bebeklerde ise &#8220;Muhammed&#8221; ismi, farkl\u0131 yaz\u0131l\u0131\u015flar\u0131yla birlikte toplamda 715 sefer se\u00e7ilerek, en \u00e7ok verilen isimler ortas\u0131nda d\u00f6rd\u00fcnc\u00fc s\u0131rada yer ald\u0131.<\/p>\n<p>Ge\u00e7ti\u011fimiz y\u0131l, yani 2023\u2019te &#8220;Muhammed&#8221; ismi ikinci s\u0131rada yer alm\u0131\u015f ve 721 defa tercih edilmi\u015fti.<\/p>\n<p>Muhammed isminin Hollanda&#8217;daki pop\u00fclaritesinin, \u00fclke n\u00fcfusunun \u00e7e\u015fitlili\u011fini ve bilhassa M\u00fcsl\u00fcman topluluklar\u0131n tesirini yans\u0131tt\u0131\u011f\u0131 belirtiliyor.<\/p>\n<p>Hollanda&#8217;da a\u015f\u0131r\u0131 sa\u011fc\u0131 \u00d6zg\u00fcrl\u00fck Partisi \u00f6nderi Geert Wilders, daha evvel temsilciler meclisine\u00a0 \u201cHollanda\u2019da \u0130slam\u2019\u0131n yasaklanmas\u0131\u201d ve ikili vatanda\u015fl\u0131\u011f\u0131 bulunanlara se\u00e7me ve se\u00e7ilme hakk\u0131 verilmemesine ait yasa tasar\u0131lar\u0131 sunmu\u015ftu.<\/p>\n","protected":false},"excerpt":{"rendered":"<p>Hollanda&#8217;da erkek bebeklere verilen isimler s\u0131ralamas\u0131 a\u00e7\u0131kland\u0131. Bir isim var ki, o Hollanda&#8217;da \u0130slam\u0131 yasaklamak isteyen \u00e7ok sa\u011f ba\u015fkan Geert Wilders&#8217;i k\u00fcplere bindirecek<\/p>\n","protected":false},"author":1,"featured_media":2440,"comment_status":"open","ping_status":"open","sticky":false,"template":"","format":"standard","meta":{"footnotes":""},"categories":[25],"tags":[541],"class_list":["post-2439","post","type-post","status-publish","format-standard","has-post-thumbnail","hentry","category-gundem","tag-hollanda"],"_links":{"self":[{"href":"https:\/\/ikimisli.tr\/index.php\/wp-json\/wp\/v2\/posts\/2439","targetHints":{"allow":["GET"]}}],"collection":[{"href":"https:\/\/ikimisli.tr\/index.php\/wp-json\/wp\/v2\/posts"}],"about":[{"href":"https:\/\/ikimisli.tr\/index.php\/wp-json\/wp\/v2\/types\/post"}],"author":[{"embeddable":true,"href":"https:\/\/ikimisli.tr\/index.php\/wp-json\/wp\/v2\/users\/1"}],"replies":[{"embeddable":true,"href":"https:\/\/ikimisli.tr\/index.php\/wp-json\/wp\/v2\/comments?post=2439"}],"version-history":[{"count":1,"href":"https:\/\/ikimisli.tr\/index.php\/wp-json\/wp\/v2\/posts\/2439\/revisions"}],"predecessor-version":[{"id":2442,"href":"https:\/\/ikimisli.tr\/index.php\/wp-json\/wp\/v2\/posts\/2439\/revisions\/2442"}],"wp:featuredmedia":[{"embeddable":true,"href":"https:\/\/ikimisli.tr\/index.php\/wp-json\/wp\/v2\/media\/2440"}],"wp:attachment":[{"href":"https:\/\/ikimisli.tr\/index.php\/wp-json\/wp\/v2\/media?parent=2439"}],"wp:term":[{"taxonomy":"category","embeddable":true,"href":"https:\/\/ikimisli.tr\/index.php\/wp-json\/wp\/v2\/categories?post=2439"},{"taxonomy":"post_tag","embeddable":true,"href":"https:\/\/ikimisli.tr\/index.php\/wp-json\/wp\/v2\/tags?post=2439"}],"curies":[{"name":"wp","href":"https:\/\/api.w.org\/{rel}","templated":true}]}}