{"id":24487,"date":"2025-04-09T02:36:07","date_gmt":"2025-04-09T02:36:07","guid":{"rendered":"https:\/\/ikimisli.tr\/?p=24487"},"modified":"2025-04-09T02:36:07","modified_gmt":"2025-04-09T02:36:07","slug":"ekonomistler-acikladi-yilin-ilk-enflasyonu-kac-olacak","status":"publish","type":"post","link":"https:\/\/ikimisli.tr\/index.php\/2025\/04\/09\/ekonomistler-acikladi-yilin-ilk-enflasyonu-kac-olacak\/","title":{"rendered":"Ekonomistler a\u00e7\u0131klad\u0131: Y\u0131l\u0131n ilk  enflasyonu ka\u00e7 olacak?"},"content":{"rendered":"<p>Bloomberg HT&#8217;nin ocak ay\u0131na dair d\u00fczenledi\u011fi enflasyon anketi sonu\u00e7land\u0131. Ankete kat\u0131lan 25 kurumun medyan beklentisi enflasyonun ayl\u0131k y\u00fczde 4,33 d\u00fczeyinde ger\u00e7ekle\u015fece\u011fi taraf\u0131nda oldu.<\/p>\n<p>Ekonomistlerin iddias\u0131na nazaran y\u0131ll\u0131k enflasyonun da y\u00fczde 41,25 d\u00fczeyinde ger\u00e7ekle\u015fmesi \u00f6ng\u00f6r\u00fcl\u00fcyor.<\/p>\n<p>Ocak enflasyonu i\u00e7in en d\u00fc\u015f\u00fck ayl\u0131k beklenti y\u00fczde 3,20 olurken en y\u00fcksek beklenti y\u00fczde 4,75 oldu.<\/p>\n<p>Yy\u0131ll\u0131k olarak bak\u0131ld\u0131\u011f\u0131nda ise ocak i\u00e7in en y\u00fcksek enflasyon varsay\u0131m\u0131 y\u00fczde 41,73 olurken en d\u00fc\u015f\u00fck kestirim y\u00fczde 39,60 d\u00fczeyinde oldu.<\/p>\n<p>\u00d6te yandan anket i\u015ftirak\u00e7ileri 2025 y\u0131lsonuna dair de enflasyon beklentisini payla\u015ft\u0131.<\/p>\n<p>Buna nazaran 24 kurumun 2025 y\u0131l sonuna dair enflasyon beklentisi bir evvelki anket devrine nazaran de\u011fi\u015fmeyerek y\u00fczde 28 d\u00fczeyinde ger\u00e7ekle\u015fti.<\/p>\n<p>Ekonomistlerin 2025 y\u0131l\u0131n\u0131n sonuna y\u00f6nelik en y\u00fcksek enflasyon varsay\u0131m\u0131 y\u00fczde 33 olurken en d\u00fc\u015f\u00fck kestirim y\u00fczde 23 d\u00fczeyinde oldu.<\/p>\n","protected":false},"excerpt":{"rendered":"<p>Enflasyon anketine kat\u0131lan 25 kurumun medyan kestirimi ocak enflasyonu kestirimi muhakkak oldu. Buna nazaran ekonomistlerin ayl\u0131k beklentisi y\u00fczde 4,33 olurken, y\u0131ll\u0131k y\u00fczde 41,25 olmas\u0131 taraf\u0131nda.<\/p>\n","protected":false},"author":1,"featured_media":24488,"comment_status":"open","ping_status":"open","sticky":false,"template":"","format":"standard","meta":{"footnotes":""},"categories":[24],"tags":[1306,49,2249,1469],"class_list":["post-24487","post","type-post","status-publish","format-standard","has-post-thumbnail","hentry","category-ekonomi","tag-beklenti","tag-enflasyon","tag-seviyesinde","tag-tahmin"],"_links":{"self":[{"href":"https:\/\/ikimisli.tr\/index.php\/wp-json\/wp\/v2\/posts\/24487","targetHints":{"allow":["GET"]}}],"collection":[{"href":"https:\/\/ikimisli.tr\/index.php\/wp-json\/wp\/v2\/posts"}],"about":[{"href":"https:\/\/ikimisli.tr\/index.php\/wp-json\/wp\/v2\/types\/post"}],"author":[{"embeddable":true,"href":"https:\/\/ikimisli.tr\/index.php\/wp-json\/wp\/v2\/users\/1"}],"replies":[{"embeddable":true,"href":"https:\/\/ikimisli.tr\/index.php\/wp-json\/wp\/v2\/comments?post=24487"}],"version-history":[{"count":1,"href":"https:\/\/ikimisli.tr\/index.php\/wp-json\/wp\/v2\/posts\/24487\/revisions"}],"predecessor-version":[{"id":24489,"href":"https:\/\/ikimisli.tr\/index.php\/wp-json\/wp\/v2\/posts\/24487\/revisions\/24489"}],"wp:featuredmedia":[{"embeddable":true,"href":"https:\/\/ikimisli.tr\/index.php\/wp-json\/wp\/v2\/media\/24488"}],"wp:attachment":[{"href":"https:\/\/ikimisli.tr\/index.php\/wp-json\/wp\/v2\/media?parent=24487"}],"wp:term":[{"taxonomy":"category","embeddable":true,"href":"https:\/\/ikimisli.tr\/index.php\/wp-json\/wp\/v2\/categories?post=24487"},{"taxonomy":"post_tag","embeddable":true,"href":"https:\/\/ikimisli.tr\/index.php\/wp-json\/wp\/v2\/tags?post=24487"}],"curies":[{"name":"wp","href":"https:\/\/api.w.org\/{rel}","templated":true}]}}