{"id":2463,"date":"2025-01-09T19:06:46","date_gmt":"2025-01-09T19:06:46","guid":{"rendered":"https:\/\/ikimisli.tr\/?p=2463"},"modified":"2025-01-09T19:06:46","modified_gmt":"2025-01-09T19:06:46","slug":"tanju-ozcandan-chpye-sitem-ben-bu-partinin-uvey-evladi-degilim","status":"publish","type":"post","link":"https:\/\/ikimisli.tr\/index.php\/2025\/01\/09\/tanju-ozcandan-chpye-sitem-ben-bu-partinin-uvey-evladi-degilim\/","title":{"rendered":"Tanju \u00d6zcan&#8217;dan CHP&#8217;ye sitem: Ben bu partinin \u00fcvey evlad\u0131 de\u011filim"},"content":{"rendered":"<p>Bolu Belediye Ba\u015fkan\u0131 Tanju \u00d6zcan, belediyede d\u00fczenledi\u011fi bas\u0131n toplant\u0131s\u0131nda, 5 y\u0131lda al\u0131nan kararlar ve tedbirler sayesinde gelirin y\u00fckseldi\u011fini, masraflar\u0131n d\u00fc\u015ft\u00fc\u011f\u00fcn\u00fc, en d\u00fc\u015f\u00fck belediye \u00e7al\u0131\u015fan\u0131n\u0131n maa\u015f\u0131n\u0131n taban fiyat\u0131n iki kat\u0131ndan fazla ve T\u00fcrkiye genelinde bir\u00e7ok belediyenin \u00f6dedi\u011fi fiyat\u0131n de \u00fczerinde oldu\u011funu anlatt\u0131.<\/p>\n<p>Bolu Cumhuriyet Ba\u015fsavc\u0131l\u0131\u011f\u0131n\u0131n resen \u201cnefret ve ayr\u0131mc\u0131l\u0131k\u201d hatas\u0131n\u0131 d\u00fczenleyen kanun unsuru kapsam\u0131nda hakk\u0131nda ba\u015flatt\u0131\u011f\u0131 soru\u015fturmay\u0131 hat\u0131rlatan \u00d6zcan, daha evvel bu mevzuyla ilgili takipsizlik karar\u0131 verildi\u011fini kaydetti.<\/p>\n<p>\u00d6zcan, &#8220;Takipsizlik karar\u0131 var ve bu karar kat\u0131la\u015fm\u0131\u015f. O g\u00fcn bana takipsizlik karar\u0131 verenler, bug\u00fcn farkl\u0131 bir karar m\u0131 verecekler? &#8216;Bana nazaran, y\u00f6netim hukukuna nazaran uygun de\u011fildi.&#8217; dedim. Benim bu t\u00fcrl\u00fc dememi, yetkimi, savc\u0131l\u0131k ve mahkeme hukuka uygun bulmu\u015f. Ben yapt\u0131klar\u0131m\u0131 hukuka uygun bulmasam da mahkeme ve savc\u0131l\u0131klar hukuka uygun bulmu\u015f&#8221; de\u011ferlendirmesinde bulundu.<\/p>\n<p>Bir gazetecinin &#8220;CHP&#8217;de \u00fcvey evlat muamelesi mi g\u00f6r\u00fcyorsunuz?&#8217; sorusu \u00fczerine \u00d6zcan, &#8220;Ben bu partinin \u00fcvey evlad\u0131 de\u011filim. Bu partide kimse bana \u00fcvey evlat muamelesi de yapamaz. Hasebiyle, partinin \u015fu ana kadar beni destekleyen, bana sahip \u00e7\u0131kan a\u00e7\u0131klama yapt\u0131\u011f\u0131n\u0131 ben duymad\u0131m yahut arkada\u015flar\u0131m bana iletmedi. Bilmiyorum ancak bana kimse \u00fcvey evlat muamelesi yapamaz. Zira ben bu partinin \u00fcvey evlad\u0131 de\u011filim. \u00d6z evlad\u0131y\u0131m. Partimin bu t\u00fcrl\u00fc bir ortamda bana sahip \u00e7\u0131kmas\u0131n\u0131 bekliyor muyum, elbette bekliyorum&#8221; s\u00f6zlerini kulland\u0131.<\/p>\n<p><b>NE OLMU\u015eTU?<\/b><\/p>\n<p>Adalet Bakan\u0131 Y\u0131lmaz Tun\u00e7, sosyal medya hesab\u0131ndan d\u00fcn yapt\u0131\u011f\u0131 payla\u015f\u0131mda, T\u00fcrkiye&#8217;deki Suriyelilerle ilgili yapt\u0131\u011f\u0131 a\u00e7\u0131klamalar nedeniyle \u00d6zcan hakk\u0131nda soru\u015fturma ba\u015flat\u0131ld\u0131\u011f\u0131n\u0131 bildirmi\u015fti.<\/p>\n<p>Bolu Cumhuriyet Ba\u015fsavc\u0131l\u0131\u011f\u0131ndan yap\u0131lan a\u00e7\u0131klamada, &#8220;Cumhuriyet Ba\u015fsavc\u0131l\u0131\u011f\u0131m\u0131z taraf\u0131ndan resen &#8216;nefret ve ayr\u0131mc\u0131l\u0131k&#8217; hatas\u0131n\u0131 d\u00fczenleyen TCK&#8217;nin 122. unsuru kapsam\u0131nda soru\u015fturma ba\u015flat\u0131lm\u0131\u015ft\u0131r. Ayr\u0131yeten \u00d6zcan hakk\u0131nda 4483 say\u0131l\u0131 yasa kapsam\u0131nda &#8216;g\u00f6revi berbata kullanma&#8217; hatas\u0131ndan \u0130\u00e7i\u015fleri Bakanl\u0131\u011f\u0131ndan soru\u015fturma m\u00fcsaadesi talep edilecektir.&#8221; denilmi\u015fti.<\/p>\n","protected":false},"excerpt":{"rendered":"<p>Suriyeliler ile ilgili sarf etti\u011fi kelamlar nedeniyle hakk\u0131nda soru\u015fturma ba\u015flat\u0131lan Bolu Belediye Ba\u015fkan\u0131 Tanju \u00d6zcan, partisinden bekledi\u011fi takviyesi g\u00f6remedi\u011fini s\u00f6yledi. CHP&#8217;ye sitemde bulunan \u00d6zcan, &#8220;Ben bu partinin \u00fcvey evlad\u0131 de\u011filim. Bu partide bana kimse \u00fcvey evlat muamelesi de yapamaz&#8221; dedi.<\/p>\n","protected":false},"author":1,"featured_media":2464,"comment_status":"open","ping_status":"open","sticky":false,"template":"","format":"standard","meta":{"footnotes":""},"categories":[25],"tags":[628,149,629],"class_list":["post-2463","post","type-post","status-publish","format-standard","has-post-thumbnail","hentry","category-gundem","tag-bana","tag-karar","tag-uvey"],"_links":{"self":[{"href":"https:\/\/ikimisli.tr\/index.php\/wp-json\/wp\/v2\/posts\/2463","targetHints":{"allow":["GET"]}}],"collection":[{"href":"https:\/\/ikimisli.tr\/index.php\/wp-json\/wp\/v2\/posts"}],"about":[{"href":"https:\/\/ikimisli.tr\/index.php\/wp-json\/wp\/v2\/types\/post"}],"author":[{"embeddable":true,"href":"https:\/\/ikimisli.tr\/index.php\/wp-json\/wp\/v2\/users\/1"}],"replies":[{"embeddable":true,"href":"https:\/\/ikimisli.tr\/index.php\/wp-json\/wp\/v2\/comments?post=2463"}],"version-history":[{"count":1,"href":"https:\/\/ikimisli.tr\/index.php\/wp-json\/wp\/v2\/posts\/2463\/revisions"}],"predecessor-version":[{"id":2465,"href":"https:\/\/ikimisli.tr\/index.php\/wp-json\/wp\/v2\/posts\/2463\/revisions\/2465"}],"wp:featuredmedia":[{"embeddable":true,"href":"https:\/\/ikimisli.tr\/index.php\/wp-json\/wp\/v2\/media\/2464"}],"wp:attachment":[{"href":"https:\/\/ikimisli.tr\/index.php\/wp-json\/wp\/v2\/media?parent=2463"}],"wp:term":[{"taxonomy":"category","embeddable":true,"href":"https:\/\/ikimisli.tr\/index.php\/wp-json\/wp\/v2\/categories?post=2463"},{"taxonomy":"post_tag","embeddable":true,"href":"https:\/\/ikimisli.tr\/index.php\/wp-json\/wp\/v2\/tags?post=2463"}],"curies":[{"name":"wp","href":"https:\/\/api.w.org\/{rel}","templated":true}]}}