{"id":24684,"date":"2025-04-09T15:36:11","date_gmt":"2025-04-09T15:36:11","guid":{"rendered":"https:\/\/ikimisli.tr\/?p=24684"},"modified":"2025-04-09T15:36:11","modified_gmt":"2025-04-09T15:36:11","slug":"erdogandan-surpriz-ibradi-ziyareti-turizm-bakanina-acik-destek-mi-verdi","status":"publish","type":"post","link":"https:\/\/ikimisli.tr\/index.php\/2025\/04\/09\/erdogandan-surpriz-ibradi-ziyareti-turizm-bakanina-acik-destek-mi-verdi\/","title":{"rendered":"Erdo\u011fan&#8217;dan s\u00fcrpriz \u0130brad\u0131 ziyareti! Turizm Bakan\u0131&#8217;na a\u00e7\u0131k destek mi verdi?"},"content":{"rendered":"<p>Cumhurba\u015fkan\u0131 ve AK Parti Genel Lideri Recep Tayyip Erdo\u011fan, partisinin 8. Ola\u011fan Vilayet Kongresi i\u00e7in Antalya&#8217;ya geldi. Erdo\u011fan\u2019\u0131n ger\u00e7ekle\u015ftirdi\u011fi \u2018s\u00fcrpriz\u2019 ziyaret ise g\u00fcndemde geni\u015f yank\u0131 uyand\u0131rd\u0131. \u201cA\u00e7\u0131k destek\u201d olarak yorumlanan bu ziyaret siyaset kulislerinde Erdo\u011fan&#8217;\u0131n kamuoyunda tenkit ya\u011fmuruna tutulan Turizm Bakan\u0131&#8217;na a\u00e7\u0131k dayana\u011f\u0131 olarak yorumland\u0131.<\/p>\n<p><b>BAKAN ERSOY HAVAL\u0130MANINDA KAR\u015eILADI<\/b><\/p>\n<p>Cumhurba\u015fkan\u0131 Erdo\u011fan\u2019\u0131 Antalya Havaliman\u0131\u2019nda kar\u015f\u0131layanlar ortas\u0131nda K\u00fclt\u00fcr ve Turizm Bakan\u0131 Mehmet Nuri Ersoy da yer ald\u0131. Erdo\u011fan\u2019\u0131 \u015fahsen kar\u015f\u0131layan Ersoy\u2019un, g\u00fcn boyunca bir an olsun Cumhurba\u015fkan\u0131\u2019n\u0131n yan\u0131ndan ayr\u0131lmamas\u0131 dikkat \u00e7ekti.<\/p>\n<p><img decoding=\"async\" src=\"https:\/\/ikimisli.tr\/wp-content\/uploads\/2025\/04\/erdogandan-surpriz-ibradi-ziyareti-turizm-bakanina-acik-destek-mi-verdi-0-9lWKQG5w.jpg\"\/><\/p>\n<p><b>ERDO\u011eAN\u2019DAN D\u0130KKAT \u00c7EKEN Z\u0130YARET<\/b><\/p>\n<p>Cumhurba\u015fkan\u0131 Erdo\u011fan, kongre \u00f6ncesi s\u00fcrpriz bir kararla \u201cBakan Ersoy\u2019un baba oca\u011f\u0131 olan \u0130brad\u0131 il\u00e7esine\u201d ziyaret ger\u00e7ekle\u015ftirdi. Erdo\u011fan, il\u00e7eye helikopterle ge\u00e7erek cuma namaz\u0131n\u0131 Sururi Vezir Pa\u015fa Camisi\u2019nde k\u0131ld\u0131. Namaz\u0131n akabinde \u0130brad\u0131 Belediyesini ziyaret eden Cumhurba\u015fkan\u0131, Belediye Ba\u015fkan\u0131 Hatice Sekmen ile bir ortaya geldi. Ziyarette, Aile ve Sosyal Hizmetler Bakan\u0131 Mahinur \u00d6zdemir G\u00f6kta\u015f, K\u00fclt\u00fcr ve Turizm Bakan\u0131 Mehmet Nuri Ersoy ve TBMM NATO Parlamenter Asamblesi T\u00fcrk Delegasyonu Ba\u015fkan\u0131, Antalya Milletvekili Mevl\u00fct \u00c7avu\u015fo\u011flu da haz\u0131r bulundu.<\/p>\n<p><b>\u201cA\u00c7IK DESTEK\u201d OLARAK YORUMLANDI<\/b><\/p>\n<p>Cumhurba\u015fkan\u0131 Erdo\u011fan\u2019\u0131n bu ziyareti ve K\u00fclt\u00fcr ve Turizm Bakan\u0131 Mehmet Nuri Ersoy\u2019a yak\u0131n ilgisi, siyasi kulislerde geni\u015f yank\u0131 uyand\u0131rd\u0131. \u201cA\u00e7\u0131k destek\u201d olarak bedellendirilen bu atak, dikkatleri \u00fczerine \u00e7ekti.<\/p>\n<p><img decoding=\"async\" src=\"https:\/\/ikimisli.tr\/wp-content\/uploads\/2025\/04\/erdogandan-surpriz-ibradi-ziyareti-turizm-bakanina-acik-destek-mi-verdi-1-ZrdtD6sj.jpg\"\/><\/p>\n<p><b>MUHALEFET \u0130ST\u0130FAYA \u00c7A\u011eIRMI\u015eTI<\/b><\/p>\n<p>Bakan Ersoy, Bolu Kartalkaya\u2019da 78 ki\u015finin hayat\u0131n\u0131 kaybetti\u011fi Grand Kartal Otel yang\u0131n\u0131 sonras\u0131 muhalefet taraf\u0131ndan sert bir halde ele\u015ftirilmi\u015f ve istifaya davet edilmi\u015fti. Cumhur \u0130ttifak\u0131 orta\u011f\u0131 MHP\u2019nin Genel Ba\u015fkan\u0131 Devlet Bah\u00e7eli ise k\u00fcme toplant\u0131s\u0131nda, \u201cBolu Belediyesi\u2019nin yang\u0131n\u0131 karambole getirme aray\u0131\u015f\u0131n\u0131n g\u00f6rmezlikten gelinemeyece\u011fini\u201d tabir ederek, K\u00fclt\u00fcr ve Turizm Bakanl\u0131\u011f\u0131\u2019n\u0131n olay kar\u015f\u0131s\u0131ndaki duru\u015funu ele\u015ftirmi\u015fti.<\/p>\n<p>\u00d6te yandan siyasi kulislerde Cumhurba\u015fkan\u0131 Erdo\u011fan\u2019\u0131n kabine de\u011fi\u015fikli\u011fine giderek Bakan Ersoy\u2019a yeni d\u00f6nemde vazife vermeyebilece\u011fi taraf\u0131nda arg\u00fcmanlar da konu\u015fuluyordu.<\/p>\n<p>Erdo\u011fan\u2019\u0131n bu s\u00fcrpriz ziyareti, siyasi arenada yeni geli\u015fmelere hamile olabilece\u011finin sinyallerini verirken, ilerleyen g\u00fcnlerde at\u0131lacak ad\u0131mlar merakla bekleniyor.<\/p>\n","protected":false},"excerpt":{"rendered":"<p>Kartalkaya&#8217;da 78 ki\u015finin can verdi\u011fi yang\u0131ndan sonra Turizm Bakan\u0131 kamuoyunda ele\u015ftiri ya\u011fmuruna tutuldu. Kulislerde, istifa etmemekte direnen bakan\u0131n Cumhurba\u015fkan\u0131 Erdo\u011fan taraf\u0131ndan misyonundan al\u0131naca\u011f\u0131 konu\u015fuluyordu. Lakin bug\u00fcn farkl\u0131 bir geli\u015fme oldu. Antalya&#8217;da K\u00fclt\u00fcr ve Turizm Bakan\u0131 Mehmet Nuri Ersoy&#8217;un havaliman\u0131nda kar\u015f\u0131lad\u0131\u011f\u0131 Cumhurba\u015fkan\u0131 Erdo\u011fan, daha sonra Bakan Ersoy&#8217;un baba oca\u011f\u0131 olan \u0130brad\u0131&#8217;ya ge\u00e7ti. Erdo\u011fan cuma namaz\u0131n\u0131 da burada k\u0131ld\u0131.<\/p>\n","protected":false},"author":1,"featured_media":24685,"comment_status":"open","ping_status":"open","sticky":false,"template":"","format":"standard","meta":{"footnotes":""},"categories":[25],"tags":[262,1131,4433,1830,642],"class_list":["post-24684","post","type-post","status-publish","format-standard","has-post-thumbnail","hentry","category-gundem","tag-bakan","tag-cumhurbaskani","tag-erdogani","tag-ersoy","tag-ziyaret"],"_links":{"self":[{"href":"https:\/\/ikimisli.tr\/index.php\/wp-json\/wp\/v2\/posts\/24684","targetHints":{"allow":["GET"]}}],"collection":[{"href":"https:\/\/ikimisli.tr\/index.php\/wp-json\/wp\/v2\/posts"}],"about":[{"href":"https:\/\/ikimisli.tr\/index.php\/wp-json\/wp\/v2\/types\/post"}],"author":[{"embeddable":true,"href":"https:\/\/ikimisli.tr\/index.php\/wp-json\/wp\/v2\/users\/1"}],"replies":[{"embeddable":true,"href":"https:\/\/ikimisli.tr\/index.php\/wp-json\/wp\/v2\/comments?post=24684"}],"version-history":[{"count":1,"href":"https:\/\/ikimisli.tr\/index.php\/wp-json\/wp\/v2\/posts\/24684\/revisions"}],"predecessor-version":[{"id":24688,"href":"https:\/\/ikimisli.tr\/index.php\/wp-json\/wp\/v2\/posts\/24684\/revisions\/24688"}],"wp:featuredmedia":[{"embeddable":true,"href":"https:\/\/ikimisli.tr\/index.php\/wp-json\/wp\/v2\/media\/24685"}],"wp:attachment":[{"href":"https:\/\/ikimisli.tr\/index.php\/wp-json\/wp\/v2\/media?parent=24684"}],"wp:term":[{"taxonomy":"category","embeddable":true,"href":"https:\/\/ikimisli.tr\/index.php\/wp-json\/wp\/v2\/categories?post=24684"},{"taxonomy":"post_tag","embeddable":true,"href":"https:\/\/ikimisli.tr\/index.php\/wp-json\/wp\/v2\/tags?post=24684"}],"curies":[{"name":"wp","href":"https:\/\/api.w.org\/{rel}","templated":true}]}}