{"id":24720,"date":"2025-04-09T17:48:07","date_gmt":"2025-04-09T17:48:07","guid":{"rendered":"https:\/\/ikimisli.tr\/?p=24720"},"modified":"2025-04-09T17:48:07","modified_gmt":"2025-04-09T17:48:07","slug":"tegmenlerin-3-komutani-da-ihrac-edildi","status":"publish","type":"post","link":"https:\/\/ikimisli.tr\/index.php\/2025\/04\/09\/tegmenlerin-3-komutani-da-ihrac-edildi\/","title":{"rendered":"Te\u011fmenlerin 3 komutan\u0131 da ihra\u00e7 edildi"},"content":{"rendered":"<p>Mezuniyet Merasiminde Slogan Atan Te\u011fmenler ve \u00dc\u00e7 Kumandan TSK&#8217;dan \u0130hra\u00e7 Edildi<\/p>\n<p>Kara Harp Okulu\u2019ndaki mezuniyet merasiminde k\u0131l\u0131\u00e7 \u00e7atarak \u201cMustafa Kemal Atat\u00fcrk\u2019\u00fcn askerleriyiz\u201d slogan\u0131 atan be\u015f te\u011fmenle birlikte, \u00fc\u00e7 komutan\u0131n da T\u00fcrk Silahl\u0131 Kuvvetleri\u2019nden (TSK) ihra\u00e7 edildi\u011fi a\u00e7\u0131kland\u0131.<\/p>\n<p><b>MSB A\u00c7IKLADI: TE\u011eMENLER VE KUMANDANLAR \u0130HRA\u00c7 ED\u0130LD\u0130<\/b><\/p>\n<p>Milli Savunma Bakanl\u0131\u011f\u0131 (MSB) taraf\u0131ndan yap\u0131lan a\u00e7\u0131klamada, kelam konusu olay\u0131n akabinde y\u00fcr\u00fct\u00fclen idari ve disiplin soru\u015fturmalar\u0131 sonucunda \u00fc\u00e7 disiplin amiri ve be\u015f te\u011fmene &#8220;Silahl\u0131 Kuvvetlerden Ay\u0131rma Cezas\u0131&#8221; verildi\u011fi duyuruldu.<\/p>\n<p><b>\u0130HRA\u00c7 ED\u0130LEN TE\u011eMENLER<\/b><\/p>\n<p>TSK\u2019dan ihra\u00e7 edilen te\u011fmenler \u015fu halde a\u00e7\u0131kland\u0131:<\/p>\n<p>Ebru Ero\u011flu<\/p>\n<p>\u0130zzet Talip Akarsu<\/p>\n<p>Serhat G\u00fcndar<\/p>\n<p>Deniz Demirta\u015f<\/p>\n<p>Batuhan Gazi K\u0131l\u0131\u00e7<\/p>\n<p><b>KOMUTANLAR DA VAZ\u0130FEDEN ALINDI<\/b><\/p>\n<p>\u0130hra\u00e7 edilenler ortas\u0131nda te\u011fmenlerin kumandanlar\u0131 da yer ald\u0131. Te\u011fmenler hakk\u0131nda \u201columsuz\u201d kanaat bildirmeyen \u00fcst seviye \u00fc\u00e7 komutan\u0131n da TSK ile ili\u015fi\u011finin kesildi\u011fi belirtildi. Bu isimler ise \u015fu bi\u00e7imde:<\/p>\n<p>Alay Kumandan\u0131: Velili Albay Alper Topsakal<\/p>\n<p>Tabur Kumandan\u0131: Yarbay Halit T\u00fcrko\u011flu<\/p>\n<p>B\u00f6l\u00fck Kumandan\u0131: Binba\u015f\u0131 Murat \u00d6zt\u00fcrk<\/p>\n<p><b>M\u0130LL\u0130 SAVUNMA BAKANLI\u011eI\u2019NDAN RESM\u0130 A\u00c7IKLAMA<\/b><\/p>\n<p>Milli Savunma Bakanl\u0131\u011f\u0131\u2019n\u0131n hususla ilgili yapt\u0131\u011f\u0131 a\u00e7\u0131klamada \u015fu s\u00f6zlere yer verildi:<\/p>\n<p>Kara Harp Okulu Sancak D\u00f6nem Teslim ve Mezuniyet Merasimi sonras\u0131nda kamuoyuna yans\u0131yan manzaralar\u0131n akabinde ba\u015flat\u0131lan idari ve disiplin soru\u015fturmalar\u0131 kapsam\u0131nda;<\/p>\n<p>Milli Savunma Bakanl\u0131\u011f\u0131 Y\u00fcksek Disiplin Kurulu taraf\u0131ndan s\u0131ral\u0131 \u00fc\u00e7 disiplin amirine, Kara Kuvvetleri Y\u00fcksek Disiplin Kurulu taraf\u0131ndan be\u015f te\u011fmene T\u00fcrk Silahl\u0131 Kuvvetleri Disiplin Kanunu ve T\u00fcrk Silahl\u0131 Kuvvetleri Y\u00fcksek Disiplin Konseyleri Y\u00f6netmeli\u011fi amir kararlar\u0131 ile \u00f6teki ilgili mevzuat mucibince \u2018Silahl\u0131 Kuvvetlerden Ay\u0131rma Cezas\u0131\u2019 verilmi\u015ftir.<\/p>\n<p>\u00d6nceli\u011fi m\u00fcesses disiplinin korumas\u0131 ve idamesi olan T\u00fcrk Silahl\u0131 Kuvvetleri\u2019nde; disipline kar\u015f\u0131t hi\u00e7bir aksiyon, olay ve duruma m\u00fcsamaha g\u00f6sterilmeyece\u011finden en ufak bir ku\u015fku duyulmamal\u0131d\u0131r.<\/p>\n","protected":false},"excerpt":{"rendered":"<p>Kara Harp Okulu\u2019ndaki mezuniyet merasiminde slogan atan te\u011fmenler hakk\u0131nda y\u00fcr\u00fct\u00fclen soru\u015fturma sonucunda ihra\u00e7 karar\u0131 \u00e7\u0131kt\u0131. 3 komutan\u0131n da t\u0131pk\u0131 m\u00fcnasebetle vazifeden al\u0131nd\u0131<\/p>\n","protected":false},"author":1,"featured_media":24721,"comment_status":"open","ping_status":"open","sticky":false,"template":"","format":"standard","meta":{"footnotes":""},"categories":[25],"tags":[1368,1321,2232,919,1367],"class_list":["post-24720","post","type-post","status-publish","format-standard","has-post-thumbnail","hentry","category-gundem","tag-disiplin","tag-ihrac","tag-komutan","tag-silahli","tag-tegmenler"],"_links":{"self":[{"href":"https:\/\/ikimisli.tr\/index.php\/wp-json\/wp\/v2\/posts\/24720","targetHints":{"allow":["GET"]}}],"collection":[{"href":"https:\/\/ikimisli.tr\/index.php\/wp-json\/wp\/v2\/posts"}],"about":[{"href":"https:\/\/ikimisli.tr\/index.php\/wp-json\/wp\/v2\/types\/post"}],"author":[{"embeddable":true,"href":"https:\/\/ikimisli.tr\/index.php\/wp-json\/wp\/v2\/users\/1"}],"replies":[{"embeddable":true,"href":"https:\/\/ikimisli.tr\/index.php\/wp-json\/wp\/v2\/comments?post=24720"}],"version-history":[{"count":1,"href":"https:\/\/ikimisli.tr\/index.php\/wp-json\/wp\/v2\/posts\/24720\/revisions"}],"predecessor-version":[{"id":24722,"href":"https:\/\/ikimisli.tr\/index.php\/wp-json\/wp\/v2\/posts\/24720\/revisions\/24722"}],"wp:featuredmedia":[{"embeddable":true,"href":"https:\/\/ikimisli.tr\/index.php\/wp-json\/wp\/v2\/media\/24721"}],"wp:attachment":[{"href":"https:\/\/ikimisli.tr\/index.php\/wp-json\/wp\/v2\/media?parent=24720"}],"wp:term":[{"taxonomy":"category","embeddable":true,"href":"https:\/\/ikimisli.tr\/index.php\/wp-json\/wp\/v2\/categories?post=24720"},{"taxonomy":"post_tag","embeddable":true,"href":"https:\/\/ikimisli.tr\/index.php\/wp-json\/wp\/v2\/tags?post=24720"}],"curies":[{"name":"wp","href":"https:\/\/api.w.org\/{rel}","templated":true}]}}