{"id":24727,"date":"2025-04-09T18:12:07","date_gmt":"2025-04-09T18:12:07","guid":{"rendered":"https:\/\/ikimisli.tr\/?p=24727"},"modified":"2025-04-09T18:12:07","modified_gmt":"2025-04-09T18:12:07","slug":"dis-hekimleri-is-birakiyor","status":"publish","type":"post","link":"https:\/\/ikimisli.tr\/index.php\/2025\/04\/09\/dis-hekimleri-is-birakiyor\/","title":{"rendered":"Di\u015f hekimleri i\u015f b\u0131rak\u0131yor"},"content":{"rendered":"<p>Hekim\u00a0Birli\u011fi Sendikas\u0131 Genel Lider Yard\u0131mc\u0131s\u0131 Dt. \u00d6zg\u00fcr \u00d6z, di\u015f doktorlar\u0131n\u0131n ya\u015fad\u0131klar\u0131 sorunlara kar\u015f\u0131 \u00f6b\u00fcr meslek k\u00fcmelerinden ba\u015fka olarak birinci sefer geni\u015f i\u015ftirakle \u00fclke genelinde ve t\u00fcm basamaklarda i\u015f b\u0131rakaca\u011f\u0131n\u0131 duyurdu. Kamu di\u015f tabiplerinin 14 \u015eubat&#8217;ta &#8216;\u0130\u015fimizi a\u015fkla yapmak i\u00e7in i\u015f b\u0131rak\u0131yoruz&#8217; slogan\u0131yla \u00fclke genelinde aksiyon yapaca\u011f\u0131n\u0131 belirten Dt. \u00d6z, &#8220;Di\u015f doktorlar\u0131n\u0131n \u00e7ok \u00f6nemli sorunlar\u0131 mevcut. Gelinen son noktada bu durumun s\u00fcrd\u00fcr\u00fclebilirli\u011fi kalmad\u0131\u011f\u0131 i\u00e7in alana \u00e7\u0131kma zarurili\u011fi hissettiler&#8221; dedi.<\/p>\n<p>Hekim Birli\u011fi Sendikas\u0131 Genel Lider Yard\u0131mc\u0131s\u0131 Dt. \u00d6zg\u00fcr \u00d6z, di\u015f tabiplerinin ya\u015fad\u0131klar\u0131 sorunlara kar\u015f\u0131 ba\u015fka meslek k\u00fcmelerinden farkl\u0131 olarak birinci kez geni\u015f i\u015ftirakle \u00fclke genelinde ve t\u00fcm basamaklarda i\u015f b\u0131rakaca\u011f\u0131n\u0131 duyurdu. Kamu di\u015f doktorlar\u0131n\u0131n 14 \u015eubat&#8217;ta &#8216;\u0130\u015fimizi a\u015fkla yapmak i\u00e7in i\u015f b\u0131rak\u0131yoruz&#8217; slogan\u0131yla \u00fclke genelinde aksiyon yapaca\u011f\u0131n\u0131 belirten Dt. \u00d6z, bahse ait a\u00e7\u0131klamalarda bulundu.<\/p>\n<p><b>&#8216;MHRS SAYILARINDAK\u0130 Y\u00dcKSEKL\u0130\u011eE KAR\u015eIDIR&#8217;<\/b><\/p>\n<p>Dt. \u00d6z, &#8220;Di\u015f doktorlar\u0131n\u0131n \u00e7ok \u00f6nemli sorunlar\u0131 mevcut. Meslek i\u00e7inde \u00fclkemizin en itidali meslek k\u00fcmesi olarak t\u00fcm \u015fiddetli kurallara kar\u015f\u0131n fedakarl\u0131kla zorluklar\u0131 g\u00f6\u011f\u00fcsleyen di\u015f tabipleri \u00e7ok d\u00fc\u015f\u00fck fiyat al\u0131yorlar. Gelinen son noktada bu durumun s\u00fcrd\u00fcr\u00fclebilirli\u011fi kalmad\u0131\u011f\u0131 i\u00e7in alana \u00e7\u0131kma mecburili\u011fi hissettiler. Bir di\u015f tabibi giri\u015fimsel s\u00fcre\u00e7 yap\u0131yor ve bu s\u00fcreci yapabilmesi i\u00e7in vakte muhta\u00e7l\u0131\u011f\u0131 oluyor. \u015eayet k\u00e2fi vakti sa\u011flayacak imkan\u0131 sunmazsan\u0131z, di\u015f tabibi gerekli olan hizmeti \u00fcretemez hale geliyor. Bu nedenle birinci itiraz\u0131m\u0131z, MHRS say\u0131lar\u0131ndaki y\u00fcksekli\u011fe kar\u015f\u0131d\u0131r. Hekim birli\u011fi olarak daha evvel kamuda Hakk\u0131yla Misyon \u00c7al\u0131\u015ftay\u0131 yapm\u0131\u015ft\u0131k ve \u00e7al\u0131\u015ftayda teklifimiz 12+4 formunda MHRS cetvelinin hayata ge\u00e7irilmesiydi. Haftan\u0131n bir g\u00fcn\u00fc t\u0131p tabiplerinin oldu\u011fu \u00fczere di\u015f tabiplerinin uzun s\u00fcren tedavilerini tamamlayabilmesi i\u00e7in kapal\u0131 cetvel uygulamas\u0131na ge\u00e7ilmelidir&#8221; dedi.<\/p>\n<p><b>&#8216;D\u0130\u015e DOKTORLARI EME\u011e\u0130N\u0130N HAKKINI ALAMAMAKTADIR&#8217;<\/b><\/p>\n<p>&#8220;G\u00fcncel ve en b\u00fcy\u00fck sorun tahakkuk kurallar\u0131&#8221; diyen Dt. \u00d6z, &#8220;Beyaz Islahat&#8217;tan sonra kolay tahakkuk oranlar\u0131n\u0131n d\u00fc\u015f\u00fcr\u00fclmesi ile zorla\u015fan tavana ula\u015fabilme durumu, di\u015f tabiplerine yap\u0131lan ayr\u0131mc\u0131 ve e\u015fitsiz bir yakla\u015f\u0131md\u0131r. Ek \u00f6demeler, nisan ay\u0131 prestijiyle y\u00fczde 36&#8217;dan gerileyerek y\u00fczde 24&#8217;lere kadar d\u00fc\u015fm\u00fc\u015ft\u00fcr. B\u00f6ylelikle di\u015f doktorlar\u0131 uygulad\u0131\u011f\u0131 eme\u011fin hakk\u0131n\u0131 alamamaktad\u0131r. Bu mevzudaki teklifimiz, tahakkuk oranlar\u0131ndan ba\u011f\u0131ms\u0131z olarak ek \u00f6deme oran\u0131 T\u00fcrkiye&#8217;nin her yerinde sabit olmal\u0131d\u0131r. Ki\u015fi ay sonunda ne kazanabilece\u011fini bilmelidir. Bu de\u011fi\u015fkenlik nedeni ile hak ma\u011fduriyeti olmamas\u0131 gerekir. Bu husustaki \u00f6nerimizse di\u015f tabibinin nitelikli hizmet \u00fcretmesi a\u00e7\u0131s\u0131ndan ayl\u0131k toplam\u0131ndaki performans\u0131 25 bine geldi\u011fi d\u00fc\u015f\u00fcn\u00fcl\u00fcrse, ek \u00f6deme kat say\u0131s\u0131n\u0131n 2 olmas\u0131 \u015feklindedir&#8221; diye konu\u015ftu.<\/p>\n<p><b>&#8216;00.00&#8217;DAN SONRA N\u00d6BET UYGULANMASIN&#8217;<\/b><\/p>\n<p>S\u0131f\u0131r n\u00f6bet uygulamas\u0131na da de\u011finen Dt. \u00d6z, &#8220;Di\u015f hekimli\u011finde &#8216;Acil&#8217; kavram\u0131 olmamas\u0131 nedeni ile bu uygulaman\u0131n yeri yoktur. Hasebiyle acil kavram\u0131 olmad\u0131\u011f\u0131 i\u00e7in de bizler kolluk kuvvetlerinin bulunmad\u0131\u011f\u0131, k\u00e2fi g\u00fcvenli\u011fin olmad\u0131\u011f\u0131, yaln\u0131zca \u00f6zel g\u00fcvenli\u011fin bulundu\u011fu yerlerde sabaha kadar n\u00f6bet tutma uygulamas\u0131na maruz kalmaktay\u0131z. Burada ulusal israf da kelam bahsidir. Gelen hastalar\u0131n y\u00fczde 83&#8217;\u00fc antibiyotik ile g\u00f6nderilmektedir. Aile tabiplerinin antibiyotik ile ilgili ak\u0131ll\u0131 ila\u00e7 s\u0131n\u0131rlamas\u0131 kapsam\u0131nda \u00f6nlem al\u0131n\u0131rken, \u00f6teki taraftan bu t\u00fcrl\u00fc bir israf\u0131n olmas\u0131 d\u00fc\u015f\u00fcnd\u00fcr\u00fcc\u00fcd\u00fcr. Bu durumun ortadan kald\u0131r\u0131lmas\u0131 gerekir. Ayr\u0131yeten di\u015f tabibi gece bu bi\u00e7imde \u00e7al\u0131\u015ft\u0131\u011f\u0131 i\u00e7in g\u00fcnd\u00fcz \u00e7al\u0131\u015famamaktad\u0131r. Di\u015f doktoru g\u00fcnd\u00fcz \u00e7al\u0131\u015f\u0131p giri\u015fimsel s\u00fcre\u00e7 yaparsa, MHRS \u00fczerindeki y\u00fck\u00fc de eritecektir. Hasebiyle siyasi olarak al\u0131nan karar\u0131n kald\u0131r\u0131lmas\u0131, mert olunmas\u0131, bunun faydas\u0131zl\u0131\u011f\u0131n\u0131n izah edilmesi ve 00.00&#8217;dan sonra n\u00f6bet uygulamas\u0131n&#8221; dedi.<\/p>\n","protected":false},"excerpt":{"rendered":"<p>Hekim Birli\u011fi Sendikas\u0131 Genel Lider Yard\u0131mc\u0131s\u0131 Dt. \u00d6zg\u00fcr \u00d6z, di\u015f tabiplerinin ya\u015fad\u0131klar\u0131 sorunlar nedeniyle 14 \u015eubat tarihinde i\u015f b\u0131rakacaklar\u0131n\u0131 duyurdu.<\/p>\n","protected":false},"author":1,"featured_media":24728,"comment_status":"open","ping_status":"open","sticky":false,"template":"","format":"standard","meta":{"footnotes":""},"categories":[25],"tags":[103,595,524,4438,145],"class_list":["post-24727","post","type-post","status-publish","format-standard","has-post-thumbnail","hentry","category-gundem","tag-dis","tag-hekim","tag-is","tag-problem","tag-ulke"],"_links":{"self":[{"href":"https:\/\/ikimisli.tr\/index.php\/wp-json\/wp\/v2\/posts\/24727","targetHints":{"allow":["GET"]}}],"collection":[{"href":"https:\/\/ikimisli.tr\/index.php\/wp-json\/wp\/v2\/posts"}],"about":[{"href":"https:\/\/ikimisli.tr\/index.php\/wp-json\/wp\/v2\/types\/post"}],"author":[{"embeddable":true,"href":"https:\/\/ikimisli.tr\/index.php\/wp-json\/wp\/v2\/users\/1"}],"replies":[{"embeddable":true,"href":"https:\/\/ikimisli.tr\/index.php\/wp-json\/wp\/v2\/comments?post=24727"}],"version-history":[{"count":1,"href":"https:\/\/ikimisli.tr\/index.php\/wp-json\/wp\/v2\/posts\/24727\/revisions"}],"predecessor-version":[{"id":24729,"href":"https:\/\/ikimisli.tr\/index.php\/wp-json\/wp\/v2\/posts\/24727\/revisions\/24729"}],"wp:featuredmedia":[{"embeddable":true,"href":"https:\/\/ikimisli.tr\/index.php\/wp-json\/wp\/v2\/media\/24728"}],"wp:attachment":[{"href":"https:\/\/ikimisli.tr\/index.php\/wp-json\/wp\/v2\/media?parent=24727"}],"wp:term":[{"taxonomy":"category","embeddable":true,"href":"https:\/\/ikimisli.tr\/index.php\/wp-json\/wp\/v2\/categories?post=24727"},{"taxonomy":"post_tag","embeddable":true,"href":"https:\/\/ikimisli.tr\/index.php\/wp-json\/wp\/v2\/tags?post=24727"}],"curies":[{"name":"wp","href":"https:\/\/api.w.org\/{rel}","templated":true}]}}