{"id":24807,"date":"2025-04-09T23:36:16","date_gmt":"2025-04-09T23:36:16","guid":{"rendered":"https:\/\/ikimisli.tr\/?p=24807"},"modified":"2025-04-09T23:36:16","modified_gmt":"2025-04-09T23:36:16","slug":"prof-dr-naci-gorur-ayni-buyuklukte-depremde-turkiyede-60-bin-taylanda-3-kisi-oldu","status":"publish","type":"post","link":"https:\/\/ikimisli.tr\/index.php\/2025\/04\/09\/prof-dr-naci-gorur-ayni-buyuklukte-depremde-turkiyede-60-bin-taylanda-3-kisi-oldu\/","title":{"rendered":"Prof. Dr. Naci G\u00f6r\u00fcr: Ayn\u0131 b\u00fcy\u00fckl\u00fckte depremde T\u00fcrkiye&#8217;de 60 bin, Taylan&#8217;da 3 ki\u015fi \u00f6ld\u00fc"},"content":{"rendered":"<p>Diyarbak\u0131r B\u00fcy\u00fck\u015fehir Belediye taraf\u0131ndan \u201c6 \u015eubat sars\u0131nt\u0131s\u0131n\u0131n y\u0131l d\u00f6n\u00fcm\u00fcnde diren\u00e7li kentler\u201d paneli yer bilimci Prof. Dr. Naci G\u00f6r\u00fcr\u2019\u00fcn i\u015ftirakiyle yap\u0131ld\u0131. Sezai Karako\u00e7 K\u00fclt\u00fcr Merkezi\u2019nde ger\u00e7ekle\u015ftirilen panele, Diyarbak\u0131r B\u00fcy\u00fck\u015fehir Belediyesi E\u015f Ba\u015fkan\u0131 Do\u011fan Hatun, sivil toplum kurulu\u015fu temsilcileri kat\u0131ld\u0131. Prof. Dr. Naci G\u00f6r\u00fcr, diren\u00e7li kentlerin nas\u0131l olu\u015faca\u011f\u0131 konusunda bilgi verirken, zelzelelerde binlerce insan\u0131n \u00f6lmesinin T\u00fcrkiye&#8217;ye yak\u0131\u015fmad\u0131\u011f\u0131n\u0131 vurgulad\u0131.\u00a0<\/p>\n<p>Profes\u00f6r G\u00f6r\u00fcr \u015funlar\u0131 s\u00f6yledi:<\/p>\n<p>\u201cBu \u00fclkede ya\u015fayan b\u00fct\u00fcn insanlar\u0131m\u0131 can\u0131 g\u00f6n\u00fclden ba\u011fr\u0131ma bas\u0131yorum. Bu ya\u015fa gelmi\u015f olmama kar\u015f\u0131n bu t\u00fcrl\u00fc seyyahlar \u00fczere vilayet il dola\u015f\u0131yorum, anlatmaya \u00e7al\u0131\u015f\u0131yorum. Maksad\u0131m insanlar\u0131n \u00f6lmesin diye. Zelzeleye fark\u0131ndal\u0131k yaratmak, \u015fuur yaratmak, insanlar\u0131 bilgilendirmek i\u00e7in \u00e7al\u0131\u015f\u0131yorum. Yoksa bu ya\u015ftan sonra fazla bir beklentim de yok. Fakat bu \u00fclkenin insanlar\u0131 olarak, muhtemel bir sars\u0131nt\u0131da binlerce can\u0131m\u0131z\u0131, insan\u0131m\u0131z\u0131 topra\u011fa vermek, kurban etmek bize yak\u0131\u015fm\u0131yor. Hakikaten yak\u0131\u015fm\u0131yor.<\/p>\n<p>Bilgi toplumu olan toplumlar, \u00e7a\u011fda\u015f olan toplumlar, teknolojik olarak geli\u015fmi\u015f toplumlar, bir sars\u0131nt\u0131da binlerce zaiyat veren bir toplulu\u011fu bir \u00fclkeyi be\u011fenilen kar\u015f\u0131lam\u0131yorlar. Bilhassa o \u00fclkeleri koku\u015fmu\u015f \u00fclkeler, tefess\u00fch etmi\u015f \u00fclkeler diye damgal\u0131yorlar. D\u00fcnyada rastgele bir \u00fclkede muhtemel b\u00fcy\u00fck bir sars\u0131nt\u0131da binlerce zaiyat veriliyorsa ayd\u0131n d\u00fcnyan\u0131n o \u00fclkeye bak\u0131\u015f\u0131 bunlar \u00e7\u00fcr\u00fcm\u00fc\u015f toplumlard\u0131r diye. Bunu biz ikrar etmiyoruz, g\u00fczelimize da gitmiyor. Kendi \u00fclkeme de yak\u0131\u015ft\u0131ram\u0131yorum. Kendi insanlar\u0131n\u0131n ho\u015flu\u011funu, b\u00fcy\u00fckl\u00fc\u011f\u00fcn\u00fc de biliyorum lakin her sars\u0131nt\u0131dan sonra mahkemelerin tutuklamalar\u0131n\u0131, mahkemelerde olan davalara bakarsan\u0131z b\u00fct\u00fcn mahkeme zelzelede \u00e7\u00fcr\u00fck \u00e7ar\u0131k bina yap\u0131ld\u0131\u011f\u0131 i\u00e7in, \u00e7al\u0131nd\u0131\u011f\u0131 i\u00e7in demir eksik oldu\u011fu i\u00e7in, beton mak\u00fbs oldu\u011fu i\u00e7in mahkumiyetler oluyor. Yani \u00e7a\u011fda\u015f d\u00fcnyan\u0131n bu t\u0131p \u00fclkeler i\u00e7in s\u00f6ylediklerini kendimiz bir manada do\u011frulam\u0131\u015f oluyoruz. Bu bize yak\u0131\u015fm\u0131yor.\u201d<\/p>\n<p><b>&#8216;DEPREMLERDE \u0130NSANIMIZI KURBAN ETMEYEL\u0130M&#8217;<\/b><\/p>\n<p>Depremin baht olmad\u0131\u011f\u0131na vurgu yapan G\u00f6r\u00fcr, bilim ve teknolojinin \u0131\u015f\u0131\u011f\u0131 alt\u0131nda sars\u0131nt\u0131larda kendi insan\u0131m\u0131z\u0131 kurban etmeyelim davetinde bulunarak, \u015funlar\u0131 s\u00f6yledi:<\/p>\n<p>\u201cDeprem bizim yazg\u0131m\u0131z de\u011fildir. Biz hi\u00e7bir vakit bunu dini inan\u00e7lar\u0131m\u0131zla da \u00f6n g\u00f6remeyiz. Bizim dinimiz b\u00fcy\u00fck bir dindir. Allah&#8217;a iftira etmeyelim. \u0130nanc\u0131m\u0131za iftira etmeyelim. Al\u0131nacak b\u00fct\u00fcn tedbirleri bize almay\u0131 emreden bir inan\u00e7 sistemimiz var. Bilim \u00c7in&#8217;de de olsa gidin al\u0131n diyen bir inan\u00e7 sistemimiz var. F\u0131rat&#8217;\u0131n kenar\u0131nda bir koyun \u00f6l\u00fcrse onun mesuliyeti benim diyen bir inan\u00e7 sistemimiz var. M\u00fcnasebetiyle bu i\u015flerin hepsini bir kenara b\u0131rak\u0131p, bilim ve teknolojinin \u0131\u015f\u0131\u011f\u0131 alt\u0131nda art\u0131k \u015fu sars\u0131nt\u0131larda kendi insan\u0131m\u0131z\u0131 kurban etmeyelim. Kendi insan\u0131m\u0131za sahip \u00e7\u0131kal\u0131m. Bunu bu \u00fclke yapabilecek niteliktedir. Bunu yapabilecek paras\u0131 da vard\u0131r. M\u00fchendisi de vard\u0131r. Bilim adam\u0131 da vard\u0131r. Her \u015feyimiz var. K\u00e2fi ki niyetimiz olsun. K\u00e2fi ki bu i\u015fe inanal\u0131m.\u201d<\/p>\n<p><b>&#8216;BANA TARKAN MUAMELES\u0130 YAPTILAR&#8217;<\/b><\/p>\n<p>Yer bilimci Prof. Dr. Naci G\u00f6r\u00fcr, T\u00fcrkiye\u2019de sars\u0131nt\u0131 ikazlar\u0131n\u0131n ne halk ne de kamu taraf\u0131ndan dikkate al\u0131nmad\u0131\u011f\u0131na tabir ederek, daha evvel meydana gelen zelzeleler \u00f6ncesinde bir\u00e7ok ikaz da bulundu\u011funu hat\u0131rlatt\u0131 ve \u015f\u00f6yle devam etti:\u00a0<\/p>\n<p>\u201c\u015eimdi benim buraya gelmemin nedeni yani bu t\u00fcrl\u00fc Diyarbak\u0131r kelam konusu oldu\u011fu vakit Diyarbak\u0131r&#8217;a yanl\u0131\u015fs\u0131z bildirisi vermek i\u00e7in burada bulunuyorum. Benim hedefim bu. Yani hakikat bildirisi ben vereyim de onu siz al\u0131rs\u0131n\u0131z, almazs\u0131n\u0131z, uygulars\u0131n\u0131z, uygulamazs\u0131n\u0131z. Onu bilmiyorum. Uygulamad\u0131\u011f\u0131n\u0131z vakit \u00fcz\u00fcl\u00fcr\u00fcm fakat en az en az\u0131ndan kendi vicdan\u0131mla ba\u015f ba\u015fa kald\u0131\u011f\u0131mda ben Diyarbak\u0131rl\u0131lara bunu s\u00f6yledim derim. Bak\u0131n bunu \u00f6rnek olarak s\u00f6yleyeyim. Elaz\u0131\u011f zelzelesi oldu\u011fu vakit 2020&#8217;de ben 2003&#8217;ten beri Elaz\u0131\u011f&#8217;a her vakit gittim. Elaz\u0131\u011f&#8217;a sars\u0131nt\u0131 geliyor dedim. Nerede sars\u0131nt\u0131 olaca\u011f\u0131n\u0131 kar\u0131\u015f kar\u0131\u015f yerini k\u00f6y\u00fcn\u00fc s\u00f6yledim. Malatya, Sincik&#8217;e kadar. B\u00f6lgesini s\u00f6yledim. \u00c7elikyaka&#8217;da s\u00f6yledim. Yalvard\u0131m. Malatya \u00dcniversitesi&#8217;nde anlatt\u0131m. Malatya Valisine anlatt\u0131m. Elaz\u0131\u011f Valisine anlatt\u0131m. Elaz\u0131\u011f Belediye Liderini anlatt\u0131m. Elaz\u0131\u011f halk\u0131n\u0131 anlatt\u0131m. Bana Tarkan muamelesi yapt\u0131lar. Alk\u0131\u015flad\u0131lar, \u0131sl\u0131k \u00e7ald\u0131lar. Ya\u015fa, varol. D\u00fczg\u00fcn, ho\u015f. Ancak hi\u00e7biri en ufak bir \u015fey yapmad\u0131. Bu kulaktan girdi, bu kulaktan \u00e7\u0131kt\u0131. Ne resmi organlar, ne sivil organlar, ne halk. Hi\u00e7 t\u0131nmad\u0131 bile. Ve s\u00f6ylenen \u015fu, yani genel yarg\u0131 \u015fu: Bana de\u011fmeyen y\u0131lan bin ya\u015fas\u0131n. Bana bir \u015fey olmaz can\u0131m. Yok o denli bir \u015fey olmaz. Bu adam bir \u015feyler s\u00f6yl\u00fcyor ancak o di\u011ferlerine s\u00f6yl\u00fcyor. Bana bir \u015fey olmaz. O denli bir anlay\u0131\u015f var. Ve Elaz\u0131\u011f&#8217;\u0131 sars\u0131nt\u0131 vurdu. Elaz\u0131\u011f&#8217;\u0131 zelzele vurduktan sonra benim ikinci g\u00fcn\u00fc, o zelzelenin ikinci g\u00fcn\u00fc ba\u011f\u0131ra ba\u011f\u0131ra Mara\u015f&#8217;a dikkat edin dedim. A\u00e7\u0131n g\u00f6r\u00fcnt\u00fcleri bulursunuz. Binlerce g\u00f6r\u00fcnt\u00fc var. Mara\u015f&#8217;a zelzele gelebilir dikkatli olun diye. Son \u00fc\u00e7\u00fcn g\u00fcnde onlar\u0131 s\u00f6yledim. Ne Mara\u015f&#8217;\u0131n, Malatya&#8217;n\u0131n resmi organlar\u0131 duydu. Ne sivil insanlar\u0131 duydu. Hi\u00e7 kimse de umursamazd\u0131. Daima olarak milyonlarca takip\u00e7ime ben Twitter&#8217;dan yazd\u0131\u011f\u0131m halde en ufak bir reaksiyon g\u00f6rmedim. Art\u0131k o zelzele de oldu. 50-60 bin ki\u015fiyi resmi say\u0131lara nazaran topra\u011fa g\u00f6md\u00fck. Art\u0131k d\u00fc\u015f\u00fcn\u00fcyorum&#8230; Benim be\u015ferim, benim tertiplerim, benim resmi organlar\u0131m ni\u00e7in bu t\u00fcrl\u00fc? Neden? Neden ya?\u201d\u00a0<\/p>\n<p><b>&#8216;DEPREM\u0130N OLACA\u011eI, NASIL TES\u0130R EDECE\u011e\u0130 B\u0130L\u0130N\u0130YOR&#8217;<\/b><\/p>\n<p>6 \u015eubat 2023\u2019te Kahramanmara\u015f merkezi zelzeleler 5 milyon ton dinamitin t\u0131pk\u0131 anda patlamas\u0131na denk gelen bir g\u00fcc\u00fcn \u00fcretildi\u011fini lisana getiren G\u00f6r\u00fcr, g\u00fcn\u00fcm\u00fczde zelzelenin nerede olabilece\u011finin tespitinin yap\u0131ld\u0131\u011f\u0131n\u0131 da s\u00f6yledi.<\/p>\n<p>G\u00f6r\u00fcr, \u015funlar\u0131 s\u00f6yledi:<\/p>\n<p>&#8220;Ya bu art\u0131k bir \u015fey olur hi\u00e7 bilmiyoruzdur. Anide bir \u015fey olur. Yani ans\u0131z\u0131n y\u00fcr\u00fcrken kente akl\u0131m\u0131za gelmeyecek bi\u00e7imde g\u00f6kten ta\u015f d\u00fc\u015fer, insanlar\u0131 \u00f6ld\u00fcr\u00fcr, konutlar\u0131 y\u0131kar. Deriz ki vallahi yapacak bir \u015fey yok. Allah&#8217;tan geldi yani g\u00f6kten bir ta\u015f d\u00fc\u015ft\u00fc, geldi ben ne yapabilirim? O denli de\u011fil. Zelzelenin olaca\u011f\u0131, gelece\u011fi, nereye, nas\u0131l tesir edece\u011fi biliniyor. Bunu evvelce s\u00f6ylemek m\u00fcmk\u00fcn. Tarih, saat, dakika s\u00f6yleyemiyorsun ancak nereyi sars\u0131nt\u0131n\u0131n vuraca\u011f\u0131n\u0131, hangi d\u00f6nemde vuraca\u011f\u0131n\u0131, vurursa nas\u0131l ziyan verece\u011fini bug\u00fcnk\u00fc bilim ve teknoloji s\u00f6yl\u00fcyor. Bizim i\u015fimiz bu. 6 \u015eubat&#8217;ta olan sars\u0131nt\u0131larda o do\u011frultu at\u0131ml\u0131 fay tam 5 milyon ton, bak dikkat edin. 5 milyon ton dinamitin t\u0131pk\u0131 anda patlamas\u0131na denk bir g\u00fc\u00e7 \u00fcretti. Beyefendiler dikkat edin laf demiyorum. 5 milyon ton hayal g\u00fcc\u00fcn\u00fcz var m\u0131? Bilmiyorum. 5 milyon ton TNT&#8217;yi, dinamiti patlat\u0131rsan\u0131z a\u00e7\u0131\u011fa \u00e7\u0131kan enerjiyi d\u00fc\u015f\u00fcn\u00fcn. y\u00fczlerce atom bombas\u0131. Yani b\u00fcy\u00fck atom bombas\u0131 Japonya&#8217;y\u0131 yok etti, \u00f6ld\u00fcrd\u00fc diyoruz ya bir tane k\u0131yt\u0131r\u0131k bomba att\u0131lar. Y\u00fczlerce bu atom bombas\u0131. Art\u0131k hasebiyle sars\u0131nt\u0131 oldu\u011fu vakit bu sistemler \u00e7ok b\u00fcy\u00fck g\u00fc\u00e7 \u00fcretiyor. G\u00fc\u00e7 dalga halinde yay\u0131l\u0131yor. Bir yerde zelzele olup da g\u00fc\u00e7 a\u00e7\u0131\u011fa \u00e7\u0131karsa zelzele olu\u015fur. Sars\u0131nt\u0131 de yay\u0131l\u0131r. Global, yuvarlak bu t\u00fcrl\u00fc global yay\u0131l\u0131r.\u201d\u00a0<\/p>\n<p>&#8216;T\u00dcRK\u0130YE&#8217;DE 60 B\u0130N, TAYVAN&#8217;DA 3 K\u0130\u015e\u0130 \u00d6LD\u00dc&#8217;<\/p>\n<p>G\u00f6r\u00fcr, konu\u015fmas\u0131nda T\u00fcrkiye\u2019de ile Tayvan\u2019da meydana gelen sars\u0131nt\u0131lardan \u00f6rnek verdi. 6 \u015eubat zelzelesinde 60 bin insan\u0131n hayat\u0131n\u0131 kaybetti\u011fini aktaran G\u00f6r\u00fcr, t\u0131pk\u0131 b\u00fcy\u00fckl\u00fckteki sars\u0131nt\u0131n\u0131n Tayvan\u2019da meydana gelmesiyle 3 ki\u015finin \u00f6ld\u00fc\u011f\u00fcne dikkat \u00e7ekti ve \u201c\u015eimdi yer bilimlerinde bir kural vard\u0131r. Siz ister inan\u0131n, ister inanmay\u0131n. \u015eayet bana bir itimad\u0131n\u0131z varsa benim tavsiyem inan\u0131n. O da \u015fu, bir yerde bir zelzele olursa belli bir vakit sonra birebir yerde, birebir b\u00fcy\u00fckl\u00fckte sars\u0131nt\u0131 bir daha olur. Bu kurald\u0131r, kurald\u0131r. Matematik \u00fczeredir, 2 defa 2, 4 \u00fczeredir. Hi\u00e7 kesin sapmaz. Bizde G\u00fcneydo\u011fu sars\u0131nt\u0131s\u0131 7.6, 7.7 oldu. 50-60 bin ki\u015fiyi topra\u011fa verdik. T\u0131pk\u0131 b\u00fcy\u00fckl\u00fckte sars\u0131nt\u0131 Tayvan&#8217;da oldu. Birebir b\u00fcy\u00fckl\u00fckte zelzele 3 ki\u015fi tesad\u00fcfen \u00f6ld\u00fc. 3 ki\u015fi. Bizde 60 bin ki\u015fi orada 3 ki\u015fi. Neden? Fark\u0131m\u0131z ne? Fark\u0131m\u0131z\u0131 s\u00f6yleyin. Oradaki kentler sars\u0131nt\u0131 diren\u00e7li. Bizde t\u00f6vbe ak\u0131llar\u0131na bile gelmiyor sars\u0131nt\u0131 direncini yapmak. \u00d6len \u00f6l\u00fcyor kalanlar bizimdir mant\u0131\u011f\u0131 al\u0131p y\u00fcr\u00fcyor. Biz pazardaki domatesin fiyat\u0131na daha k\u0131ymet veriyoruz. Biberin fiyat\u0131na daha ehemmiyet veriyoruz. Kendi insan\u0131m\u0131za de\u011fil. Bir sefer bunu \u00e7ok uygun bunu unutmayal\u0131m. Akl\u0131m\u0131zda kals\u0131n\u201d bi\u00e7iminde konu\u015ftu.<\/p>\n","protected":false},"excerpt":{"rendered":"<p>Diyarbak\u0131r\u2019da d\u00fczenlenen panelde konu\u015fan yer bilimci Prof. Dr. Naci G\u00f6r\u00fcr, &#8220;Bizde G\u00fcneydo\u011fu sars\u0131nt\u0131s\u0131 oldu, 50-60 bin ki\u015fiyi topra\u011fa verdik. T\u0131pk\u0131 b\u00fcy\u00fckl\u00fckte sars\u0131nt\u0131 Tayvan&#8217;da oldu, 3 ki\u015fi tesad\u00fcfen \u00f6ld\u00fc&#8221; dedi.<\/p>\n","protected":false},"author":1,"featured_media":24808,"comment_status":"open","ping_status":"open","sticky":false,"template":"","format":"standard","meta":{"footnotes":""},"categories":[25],"tags":[585,285,4449,974,145],"class_list":["post-24807","post","type-post","status-publish","format-standard","has-post-thumbnail","hentry","category-gundem","tag-bilim","tag-deprem","tag-depremin","tag-elazig","tag-ulke"],"_links":{"self":[{"href":"https:\/\/ikimisli.tr\/index.php\/wp-json\/wp\/v2\/posts\/24807","targetHints":{"allow":["GET"]}}],"collection":[{"href":"https:\/\/ikimisli.tr\/index.php\/wp-json\/wp\/v2\/posts"}],"about":[{"href":"https:\/\/ikimisli.tr\/index.php\/wp-json\/wp\/v2\/types\/post"}],"author":[{"embeddable":true,"href":"https:\/\/ikimisli.tr\/index.php\/wp-json\/wp\/v2\/users\/1"}],"replies":[{"embeddable":true,"href":"https:\/\/ikimisli.tr\/index.php\/wp-json\/wp\/v2\/comments?post=24807"}],"version-history":[{"count":1,"href":"https:\/\/ikimisli.tr\/index.php\/wp-json\/wp\/v2\/posts\/24807\/revisions"}],"predecessor-version":[{"id":24809,"href":"https:\/\/ikimisli.tr\/index.php\/wp-json\/wp\/v2\/posts\/24807\/revisions\/24809"}],"wp:featuredmedia":[{"embeddable":true,"href":"https:\/\/ikimisli.tr\/index.php\/wp-json\/wp\/v2\/media\/24808"}],"wp:attachment":[{"href":"https:\/\/ikimisli.tr\/index.php\/wp-json\/wp\/v2\/media?parent=24807"}],"wp:term":[{"taxonomy":"category","embeddable":true,"href":"https:\/\/ikimisli.tr\/index.php\/wp-json\/wp\/v2\/categories?post=24807"},{"taxonomy":"post_tag","embeddable":true,"href":"https:\/\/ikimisli.tr\/index.php\/wp-json\/wp\/v2\/tags?post=24807"}],"curies":[{"name":"wp","href":"https:\/\/api.w.org\/{rel}","templated":true}]}}