{"id":24990,"date":"2025-04-10T09:24:08","date_gmt":"2025-04-10T09:24:08","guid":{"rendered":"https:\/\/ikimisli.tr\/?p=24990"},"modified":"2025-04-10T09:24:08","modified_gmt":"2025-04-10T09:24:08","slug":"ulasimda-flas-60-65-yas-karari-yasak-tarihi-degisti","status":"publish","type":"post","link":"https:\/\/ikimisli.tr\/index.php\/2025\/04\/10\/ulasimda-flas-60-65-yas-karari-yasak-tarihi-degisti\/","title":{"rendered":"Ula\u015f\u0131mda fla\u015f 60-65 ya\u015f karar\u0131: Yasak tarihi de\u011fi\u015fti"},"content":{"rendered":"<p>T\u00fcm \u00d6zel Halk Otob\u00fcsleri Kooperatifleri Birli\u011fi (T\u00d6HOB) ve Ankara \u00d6zel Halk Otob\u00fcs\u00e7\u00fcler Esnaf Odas\u0131 (\u00d6HO), ge\u00e7ti\u011fimiz g\u00fcnlerde yapt\u0131\u011f\u0131 a\u00e7\u0131klama ile Ankara B\u00fcy\u00fck\u015fehir Belediyesi (ABB) taraf\u0131ndan \u00f6zel halk otob\u00fcslerine sa\u011flanan &#8216;gelir deste\u011fi&#8217; uygulamas\u0131na son verilmesini protesto etmi\u015f ve bu kapsamda Ba\u015fkentte yer alan \u00f6zel halk otob\u00fcslerinin 1 \u015eubat prestijiyle indirimli ula\u015f\u0131m kartlar\u0131n\u0131 kabul etmeyece\u011fini duyurmu\u015ftu.\u00a0<\/p>\n<p>Ankaral\u0131 vatanda\u015flar\u0131n yans\u0131s\u0131n\u0131 \u00e7eken karar\u0131n bug\u00fcn uygulanmaya ba\u015flanmas\u0131 beklenirken, \u00f6zel halk otob\u00fcs\u00e7\u00fcleri yapt\u0131klar\u0131 yeni a\u00e7\u0131klama ile uygulaman\u0131n 15 \u015eubat&#8217;a ertelendi\u011fini duyurdu.\u00a0<\/p>\n<p><img decoding=\"async\" src=\"https:\/\/ikimisli.tr\/wp-content\/uploads\/2025\/04\/ulasimda-flas-60-65-yas-karari-yasak-tarihi-degisti-0-GbiKB8ez.jpg\"\/><\/p>\n<p><strong>&#8216;BELED\u0130YE \u0130LE YAPILAN G\u00d6R\u00dc\u015eMELER S\u00dcR\u00dcYOR&#8217;<\/strong><\/p>\n<p>ABB ile yap\u0131lan g\u00f6r\u00fc\u015fmelerde taleplerini ileten \u00f6zel halk otob\u00fcs\u00e7\u00fcleri, otob\u00fcs bini\u015f fiyatlar\u0131n\u0131n zamlanmas\u0131 ve esnaf\u0131n ekonomik kay\u0131plar\u0131n\u0131n giderilmesi kar\u015f\u0131l\u0131\u011f\u0131nda kelam konusu k\u0131s\u0131tlama karar\u0131n\u0131 15 \u015eubat&#8217;a ertelediklerini a\u00e7\u0131klad\u0131.<\/p>\n<p>Yap\u0131lan duyuruda \u015fu tabirlere yer verildi:<\/p>\n<p>&#8220;Ankara B\u00fcy\u00fck\u015fehir Belediyesi ile \u00d6zel Halk Otob\u00fcsleri esnaflar\u0131m\u0131z\u0131n ekonomik d\u00fc\u015f\u00fcnceleri kapsam\u0131nda yap\u0131lan g\u00f6r\u00fc\u015fmeler sonras\u0131nda; B\u00fcy\u00fck\u015fehir Belediye Liderimiz Say\u0131n Mansur Yava\u015f&#8217;\u0131n talimatlar\u0131 ile \u00e7al\u0131\u015fmalar ba\u015flat\u0131lm\u0131\u015ft\u0131r.<\/p>\n<p>Bini\u015f fiyatlar\u0131n\u0131n g\u00fcncellenmesi ve \u00f6zel halk otob\u00fcsleri esnaflar\u0131m\u0131z\u0131n \u00e7al\u0131\u015fmalar\u0131 kar\u015f\u0131l\u0131\u011f\u0131 ekonomik kay\u0131plar\u0131n\u0131n kar\u015f\u0131lanmas\u0131 form\u00fcllerinin belirlenmesi s\u00fcrecinin 15 \u015eubat 2025 tarihine kadar tamamlanmas\u0131na karar verilmi\u015ftir.\u00a0<\/p>\n<p><img decoding=\"async\" src=\"https:\/\/ikimisli.tr\/wp-content\/uploads\/2025\/04\/ulasimda-flas-60-65-yas-karari-yasak-tarihi-degisti-1-z2mAUG2j.jpg\"\/><\/p>\n<p><strong>\u0130ND\u0130R\u0130ML\u0130 KART YASA\u011eI 15 \u015eUBAT&#8217;A KADAR UYGULANMAYACAK<\/strong><\/p>\n<p>\u0130lk devir B\u00fcy\u00fck\u015fehir Belediye Ba\u015fkanl\u0131\u011f\u0131ndan itibaren t\u00fcm zorluk ve zorlamalara kar\u015f\u0131n, esnaflar\u0131m\u0131z\u0131n yan\u0131nda olan Say\u0131n Mansur Yava\u015f&#8217;\u0131n bug\u00fcn geldi\u011fimiz noktada, esnaflar\u0131m\u0131z\u0131n ekonomik \u0131st\u0131raplar\u0131na tahlil olacak kararlar\u0131 alarak, 15 \u015eubat 2025 tarihine kadar uygulamaya ba\u015flayaca\u011f\u0131na inanc\u0131m\u0131z tamd\u0131r.\u00a0<\/p>\n<p>Bu bilgilendirme \u00f6ncesi yapm\u0131\u015f oldu\u011fumuz duyurumuz, 15 \u015eubat 2025 tarihine kadar uygulanmayacakt\u0131r.\u00a0<\/p>\n<p>Kamuoyuna h\u00fcrmetlerimizle arz ederiz.\u00a0<\/p>\n<p>&#8211; T\u00d6HOB ANKARA \u00d6HO<br \/>&#8211; T\u00fcrkiye \u00d6zel Halk Otob\u00fcsleri<br \/>&#8211; Ankara \u015eehiri\u00e7i \u00d6zel Halk Kooperatifleri Birli\u011fi<br \/>&#8211; Otob\u00fcs\u00e7\u00fcler Esnaf Odas\u0131\u00a0<\/p>\n","protected":false},"excerpt":{"rendered":"<p>Ankara&#8217;da \u00f6zel halk otob\u00fcs\u00e7\u00fcleri, ge\u00e7ti\u011fimiz g\u00fcnlerde yapt\u0131\u011f\u0131 a\u00e7\u0131klama ile 1 \u015eubat prestijiyle 60-65 ya\u015f ve \u00f6\u011frenci ula\u015f\u0131m kartlar\u0131n\u0131n otob\u00fcslerde kullan\u0131lamayaca\u011f\u0131n\u0131 belirtmi\u015fti. Reaksiyon \u00e7eken uygulaman\u0131n bug\u00fcn ba\u015flamas\u0131 beklenirken, Ankara B\u00fcy\u00fck\u015fehir Belediyesi ile yap\u0131lan g\u00f6r\u00fc\u015fmelerin akabinde k\u0131s\u0131tlamalar\u0131n 15 \u015eubat&#8217;a ertelendi\u011fi a\u00e7\u0131kland\u0131.<\/p>\n","protected":false},"author":1,"featured_media":24991,"comment_status":"open","ping_status":"open","sticky":false,"template":"","format":"standard","meta":{"footnotes":""},"categories":[25],"tags":[4468,734,1684,623,4469],"class_list":["post-24990","post","type-post","status-publish","format-standard","has-post-thumbnail","hentry","category-gundem","tag-15-subat","tag-ankara","tag-esnaf","tag-otobus","tag-ozel-halk-otobusleri"],"_links":{"self":[{"href":"https:\/\/ikimisli.tr\/index.php\/wp-json\/wp\/v2\/posts\/24990","targetHints":{"allow":["GET"]}}],"collection":[{"href":"https:\/\/ikimisli.tr\/index.php\/wp-json\/wp\/v2\/posts"}],"about":[{"href":"https:\/\/ikimisli.tr\/index.php\/wp-json\/wp\/v2\/types\/post"}],"author":[{"embeddable":true,"href":"https:\/\/ikimisli.tr\/index.php\/wp-json\/wp\/v2\/users\/1"}],"replies":[{"embeddable":true,"href":"https:\/\/ikimisli.tr\/index.php\/wp-json\/wp\/v2\/comments?post=24990"}],"version-history":[{"count":1,"href":"https:\/\/ikimisli.tr\/index.php\/wp-json\/wp\/v2\/posts\/24990\/revisions"}],"predecessor-version":[{"id":24994,"href":"https:\/\/ikimisli.tr\/index.php\/wp-json\/wp\/v2\/posts\/24990\/revisions\/24994"}],"wp:featuredmedia":[{"embeddable":true,"href":"https:\/\/ikimisli.tr\/index.php\/wp-json\/wp\/v2\/media\/24991"}],"wp:attachment":[{"href":"https:\/\/ikimisli.tr\/index.php\/wp-json\/wp\/v2\/media?parent=24990"}],"wp:term":[{"taxonomy":"category","embeddable":true,"href":"https:\/\/ikimisli.tr\/index.php\/wp-json\/wp\/v2\/categories?post=24990"},{"taxonomy":"post_tag","embeddable":true,"href":"https:\/\/ikimisli.tr\/index.php\/wp-json\/wp\/v2\/tags?post=24990"}],"curies":[{"name":"wp","href":"https:\/\/api.w.org\/{rel}","templated":true}]}}