{"id":25053,"date":"2025-04-10T13:48:06","date_gmt":"2025-04-10T13:48:06","guid":{"rendered":"https:\/\/ikimisli.tr\/?p=25053"},"modified":"2025-04-10T13:48:06","modified_gmt":"2025-04-10T13:48:06","slug":"son-dakika-chpli-tuncay-ozkan-hakkinda-sorusturma","status":"publish","type":"post","link":"https:\/\/ikimisli.tr\/index.php\/2025\/04\/10\/son-dakika-chpli-tuncay-ozkan-hakkinda-sorusturma\/","title":{"rendered":"SON DAK\u0130KA: CHP&#8217;li Tuncay \u00d6zkan hakk\u0131nda soru\u015fturma"},"content":{"rendered":"<p>CHP \u0130zmir Milletvekili Tuncay \u00d6zkan hakk\u0131nda soru\u015fturma ba\u015flat\u0131ld\u0131. Ba\u015fsavc\u0131l\u0131k, \u00d6zkan&#8217;\u0131n &#8220;Cezaevinde siyasi suikast olabilece\u011fi&#8221; s\u00f6ylemi hakk\u0131nda soru\u015fturma ba\u015flatt\u0131\u011f\u0131n\u0131 duyurdu.<\/p>\n<p>RT\u00dcK Ba\u015fkan\u0131 Ebubekir \u015eahin d\u00fcnk\u00fc payla\u015f\u0131m\u0131nda, &#8220;SZC TV ekranlar\u0131nda yay\u0131nlanan \u201cBa\u015fkent Kulisleri\u201d isimli programda \u00fcz\u00fclerek \u015fahit olduk ki So\u011fuk Sava\u015f periyodundan kalma kimi eski komplo tezleri g\u00fcndeme getirilmi\u015ftir. 15 Temmuz hain darbe te\u015febb\u00fcs\u00fcnden sonra cezaevlerindeki g\u00fcvenlik ve s\u0131hhatle ilgili g\u00fczelle\u015fmeler ortad\u0131r. H\u00e2l b\u00f6yleyken Milletvekili Tuncay \u00d6zkan\u2019\u0131n cezaevlerimizi gaye alarak servis edilen yemekler ya da verilen s\u0131hhat hizmetleri \u00fczerinden siyasi suikastler olabilece\u011fi tezi b\u00fcsb\u00fct\u00fcn ger\u00e7ek d\u0131\u015f\u0131d\u0131r. Siyasi kimli\u011finin yan\u0131 s\u0131ra eski bir gazeteci de olan Tuncay \u00d6zkan\u2019\u0131n, toplumsal bar\u0131\u015fa ziyan veren bu a\u00e7\u0131klamalar\u0131n\u0131n s\u00f6z \u00f6zg\u00fcrl\u00fc\u011f\u00fc olmad\u0131\u011f\u0131n\u0131 \u00e7ok d\u00fczg\u00fcn bildi\u011fini d\u00fc\u015f\u00fcn\u00fcyoruz. Toplumun adalet sistemine olan inan\u00e7 hissini maksat alan t\u0131pk\u0131 vakitte cezaevinde bulunan insanlar\u0131n yak\u0131nlar\u0131n\u0131 panik ve deh\u015fete sevk edebilecek bu a\u00e7\u0131klamalar asla kabul edilemez. Kelam konusu programla ilgili \u00dcst \u015euram\u0131z taraf\u0131ndan inceleme ba\u015flat\u0131lm\u0131\u015ft\u0131r.&#8221; a\u00e7\u0131klamas\u0131n\u0131 yapm\u0131\u015ft\u0131. <\/p>\n<p>\u0130nceleme karar\u0131na dair \u00d6zkan da Ebubekir \u015eahin&#8217;e, &#8220;Z\u0131rva tevil g\u00f6t\u00fcrmez! Ne oldu Fetullah\u00e7\u0131lar\u0131n s\u0131k\u0131nt\u0131lar\u0131yla dertlenmek sana m\u0131 kald\u0131? Onlar\u0131 m\u0131 aklayacaks\u0131n akl\u0131n s\u0131ra? Ger\u00e7ek bal\u00e7\u0131kla s\u0131vanmaz. Senin batakl\u0131\u011f\u0131n\u0131n \u00e7amuru bile ger\u00e7ekleri kapatmaya yetmez.&#8221; cevab\u0131n\u0131 vermi\u015fti.<\/p>\n<p><em><strong>AYRINTILAR GEL\u0130YOR&#8230; <\/strong><\/em><\/p>\n","protected":false},"excerpt":{"rendered":"<p>Son dakika haberi: \u00a0CHP \u0130zmir Milletvekili Tuncay \u00d6zkan hakk\u0131nda soru\u015fturma ba\u015flat\u0131ld\u0131.<\/p>\n","protected":false},"author":1,"featured_media":25054,"comment_status":"open","ping_status":"open","sticky":false,"template":"","format":"standard","meta":{"footnotes":""},"categories":[25],"tags":[1154],"class_list":["post-25053","post","type-post","status-publish","format-standard","has-post-thumbnail","hentry","category-gundem","tag-ozkan"],"_links":{"self":[{"href":"https:\/\/ikimisli.tr\/index.php\/wp-json\/wp\/v2\/posts\/25053","targetHints":{"allow":["GET"]}}],"collection":[{"href":"https:\/\/ikimisli.tr\/index.php\/wp-json\/wp\/v2\/posts"}],"about":[{"href":"https:\/\/ikimisli.tr\/index.php\/wp-json\/wp\/v2\/types\/post"}],"author":[{"embeddable":true,"href":"https:\/\/ikimisli.tr\/index.php\/wp-json\/wp\/v2\/users\/1"}],"replies":[{"embeddable":true,"href":"https:\/\/ikimisli.tr\/index.php\/wp-json\/wp\/v2\/comments?post=25053"}],"version-history":[{"count":1,"href":"https:\/\/ikimisli.tr\/index.php\/wp-json\/wp\/v2\/posts\/25053\/revisions"}],"predecessor-version":[{"id":25055,"href":"https:\/\/ikimisli.tr\/index.php\/wp-json\/wp\/v2\/posts\/25053\/revisions\/25055"}],"wp:featuredmedia":[{"embeddable":true,"href":"https:\/\/ikimisli.tr\/index.php\/wp-json\/wp\/v2\/media\/25054"}],"wp:attachment":[{"href":"https:\/\/ikimisli.tr\/index.php\/wp-json\/wp\/v2\/media?parent=25053"}],"wp:term":[{"taxonomy":"category","embeddable":true,"href":"https:\/\/ikimisli.tr\/index.php\/wp-json\/wp\/v2\/categories?post=25053"},{"taxonomy":"post_tag","embeddable":true,"href":"https:\/\/ikimisli.tr\/index.php\/wp-json\/wp\/v2\/tags?post=25053"}],"curies":[{"name":"wp","href":"https:\/\/api.w.org\/{rel}","templated":true}]}}