{"id":25104,"date":"2025-04-10T17:24:08","date_gmt":"2025-04-10T17:24:08","guid":{"rendered":"https:\/\/ikimisli.tr\/?p=25104"},"modified":"2025-04-10T17:24:08","modified_gmt":"2025-04-10T17:24:08","slug":"modern-zamanlarin-ozani-baris-manco","status":"publish","type":"post","link":"https:\/\/ikimisli.tr\/index.php\/2025\/04\/10\/modern-zamanlarin-ozani-baris-manco\/","title":{"rendered":"Modern zamanlar\u0131n ozan\u0131: Bar\u0131\u015f Man\u00e7o"},"content":{"rendered":"<p>Usta sanat\u00e7\u0131 \u0130smail Hakk\u0131 Man\u00e7o ile T\u00fcrk m\u00fczi\u011fi sanatkarlar\u0131ndan Rikkat Uyan\u0131k \u00e7iftinin \u00e7ocuklar\u0131 olarak 2 Ocak 1943&#8217;te \u00dcsk\u00fcdar&#8217;da d\u00fcnyaya geldi.<\/p>\n<p>Man\u00e7o ailesi birinci \u00e7ocuklar\u0131na &#8220;Sava\u015f&#8221; ismini verirken, \u0130kinci D\u00fcnya Sava\u015f\u0131&#8217;n\u0131n son g\u00fcnlerinde do\u011fan ikinci \u00e7ocuklar\u0131na ise &#8220;Mehmet Bar\u0131\u015f&#8221; ismini vermeyi uygun buldu. Man\u00e7o&#8217;nun daha sonra Oktay ve \u0130nci ismini ta\u015f\u0131yan iki karde\u015fi daha oldu. Anne ve babas\u0131 3 ya\u015f\u0131ndayken ayr\u0131lan Bar\u0131\u015f Man\u00e7o, \u00e7ocuklu\u011funu babas\u0131n\u0131n yan\u0131nda ge\u00e7irdi.<\/p>\n<p>Kad\u0131k\u00f6y Gazi Mustafa Kemal Pa\u015fa \u0130lkokulu&#8217;nda ba\u015flad\u0131\u011f\u0131 e\u011fitimine Galatasaray Lisesi&#8217;nde devam eden usta sanat\u00e7\u0131, babas\u0131n\u0131n vefat\u0131n\u0131n akabinde Galatasaray&#8217;dan ayr\u0131ld\u0131 ve e\u011fitimini \u015ei\u015fli Terakki Lisesi&#8217;nde tamamlad\u0131.<\/p>\n<p><b>&#8220;Bu d\u00fcnyaya m\u00fczik\u00e7i olarak gelmedim&#8221;<\/b><\/p>\n<p>Man\u00e7o, birinci k\u00fcmesini 1958&#8217;de Galatasaray Lisesi&#8217;nde okurken &#8220;Bar\u0131\u015f Man\u00e7o ve Kafadarlar&#8221; ismiyle kurdu ve birinci bestesini &#8220;Dream Girl&#8221; ismiyle \u00e7\u0131kard\u0131. \u00dcnl\u00fc sanat\u00e7\u0131, m\u00fczik hayat\u0131ndaki birinci konserini tekrar Galatasaray Lisesi&#8217;nin konferans salonunda verdi.<\/p>\n<p>&#8220;Harmoniler&#8221; k\u00fcmesiyle 1962&#8217;de birinci 45&#8217;lik pla\u011f\u0131n\u0131 \u00e7\u0131karan Man\u00e7o, \u015fimdi 19 ya\u015f\u0131ndayken yay\u0131mlad\u0131\u011f\u0131 bu alb\u00fcmde, \u0130ngilizce kelaml\u0131 &#8220;Twist in USA&#8221; ve &#8220;The Jet&#8221; isimli iki kesime imza att\u0131.<\/p>\n<p>Usta sanat\u00e7\u0131, bu alb\u00fcm\u00fcn akabinde bir y\u0131l sonra Bel\u00e7ika&#8217;da bulunan a\u011fabeyi Sava\u015f Man\u00e7o&#8217;nun yan\u0131na giderek, Bel\u00e7ika Ho\u015f Sanatlar Akademisine kaydoldu. Bu okulda foto\u011fraf, grafik, desen ve i\u00e7 mimari okuyan Man\u00e7o, bir taraftan da gece bek\u00e7ili\u011fi ve garsonluk \u00fczere i\u015flerde \u00e7al\u0131\u015ft\u0131.<\/p>\n<p>M\u00fczikle ba\u011f\u0131n\u0131 koparmayan Bar\u0131\u015f Man\u00e7o, bir r\u00f6portaj\u0131nda kendisini \u015f\u00f6yle tan\u0131ml\u0131yordu:<\/p>\n<p>&#8220;Bar\u0131\u015f Man\u00e7o m\u00fczik s\u00f6yler, ikincisi \u00e7ocuk program\u0131 yapar, \u00fc\u00e7\u00fcnc\u00fcs\u00fc d\u00fcnyay\u0131 gezer. Bu toplum beni m\u00fczik s\u00f6ylerken tan\u0131d\u0131 ve \u00e7ocuklarla ilgilenirken bir daha tan\u0131d\u0131 ve bu ortada d\u00fcnyay\u0131 dola\u015f\u0131p \u00f6teki insanlar\u0131 anlatan ki\u015fi olarak tan\u0131d\u0131. Ben bu d\u00fcnyaya m\u00fczik\u00e7i olarak gelmedim. Benim birinci i\u015fim bu de\u011fil. Ben fikirlerimi bu d\u00fcnyaya aktarmak i\u00e7in geldi\u011fime inan\u0131yorum. Bu niyetler bazen m\u00fczik e\u015fli\u011finde daha ho\u015f, daha ho\u015f, daha be\u011fenilen alg\u0131lan\u0131yor. Onun i\u00e7in bana verilen bu nimeti kulland\u0131m.&#8221;<\/p>\n<p>Yabanc\u0131 m\u00fczisyenlerden olu\u015fan &#8220;Vah\u015fi Kediler&#8221; k\u00fcmesiyle da bir m\u00fchlet \u00e7al\u0131\u015fan Man\u00e7o, 1964&#8217;te doldurdu\u011fu biri \u0130ngilizce, ikisi Frans\u0131zca \u00fc\u00e7 \u015fark\u0131l\u0131k 45&#8217;li\u011fi Fransa&#8217;da yay\u0131nland\u0131. 12 Ocak 1965&#8217;te Paris Olympia Konseri&#8217;ni veren sanat\u00e7\u0131, Mazhar Alanson ve Fuat G\u00fcner&#8217;in \u00f6nc\u00fcl\u00fc\u011f\u00fcndeki &#8220;Kayg\u0131s\u0131zlar&#8221; k\u00fcmesiyle 1967&#8217;de &#8220;Kol D\u00fc\u011fmeleri&#8221;ni \u00e7\u0131kard\u0131.<\/p>\n<p><b>&#8220;Da\u011flar Da\u011flar&#8221; pla\u011f\u0131 mesle\u011finde d\u00f6n\u00fcm noktas\u0131 oldu<\/b><\/p>\n<p>D\u00f6nemin aranjman modas\u0131na reaksiyon g\u00f6steren Bar\u0131\u015f Man\u00e7o, &#8220;K\u0131z\u0131lc\u0131klar Oldu mu?&#8221;, &#8220;Derule&#8221;, &#8220;Kirpiklerin Ok Ok Eyle&#8221; \u00fczere t\u00fcrk\u00fcleri rock&#8217;n roll ve twist \u015fekillerinde seslendirdi. &#8220;Sychedelic&#8221; m\u00fczik ak\u0131m\u0131ndan da etkilenen k\u00fcme, &#8220;A\u011flama De\u011fmez Hayat&#8221; m\u00fczi\u011fiyle muvaffakiyet yakalad\u0131.<\/p>\n<p>&#8220;Alt\u0131n Plak&#8221; m\u00fckafat\u0131 kazanan bu alb\u00fcm\u00fcn akabinde Bar\u0131\u015f Man\u00e7o ve Kayg\u0131s\u0131zlar, Fransa&#8217;ya gitti. Burada plak \u00e7al\u0131\u015fmas\u0131 yap\u0131lsa da alb\u00fcm uzun m\u00fchlet piyasaya s\u00fcr\u00fclmedi ve Kayg\u0131s\u0131zlar ile yollar\u0131n\u0131 ay\u0131ran Bar\u0131\u015f Man\u00e7o, 1970&#8217;te yurda d\u00f6nd\u00fc.<\/p>\n<p>Sanat\u00e7\u0131n\u0131n 1970&#8217;de besteledi\u011fi &#8220;Da\u011flar Da\u011flar&#8221; pla\u011f\u0131 mesle\u011finde adeta d\u00f6n\u00fcm noktas\u0131 oldu ve Man\u00e7o&#8217;ya mesle\u011findeki tek Platin Plak \u00d6d\u00fcl\u00fc&#8217;n\u00fc kazand\u0131rd\u0131. Devrin \u00fcnl\u00fc m\u00fczisyenlerinden C\u00fcneyd Orhon&#8217;un da e\u015flik etti\u011fi plak, k\u0131sa m\u00fcddette 700 bin satt\u0131.<\/p>\n<p>D\u00f6nemin \u00fcnl\u00fc m\u00fczik k\u00fcmelerinden &#8220;Mo\u011follar&#8221; ile de bir m\u00fcddet \u00e7al\u0131\u015fan Bar\u0131\u015f Man\u00e7o&#8217;nun, Anadolu turnesi s\u0131ras\u0131nda otob\u00fcs\u00fc dinamitli h\u00fccuma u\u011frad\u0131. Man\u00e7o&#8217;nun sa\u00e7lar\u0131n\u0131n uzun olmas\u0131 hasebiyle ger\u00e7ekle\u015ftirildi\u011fi \u00f6ne s\u00fcr\u00fclen h\u00fccumda sanatkarlar yara almad\u0131. Antalya&#8217;da ise m\u00fczisyenlerden birinin yabanc\u0131 as\u0131ll\u0131 olmas\u0131 nedeniyle g\u00f6zalt\u0131na al\u0131nan Bar\u0131\u015f Man\u00e7o, birinci duru\u015fmada \u00f6zg\u00fcr kald\u0131.<\/p>\n<p><b>1976&#8217;da birinci \u0130ngilizce alb\u00fcm\u00fcn\u00fc yay\u0131nlad\u0131<\/b><\/p>\n<p>Bar\u0131\u015f Man\u00e7o daha sonra Mo\u011follar&#8217;la yollar\u0131 ay\u0131r\u0131p &#8220;Kurtalan Ekspres&#8221;i kurdu. \u0130smini \u0130stanbul&#8217;dan G\u00fcneydo\u011fu&#8217;ya giden trenden alan Kurtalan Ekspres&#8217;in o y\u0131llardaki tak\u0131m\u0131nda Murat Ses, Par\u0131lt\u0131 Moray, Celal \u0130timat, \u00d6zkan U\u011fur ve Engin Y\u00f6r\u00fcko\u011flu \u00fczere m\u00fczisyenler vard\u0131. K\u00fcmede ayr\u0131l\u0131klar ya\u015fan\u0131rken Kurtalan Ekspres&#8217;e Man\u00e7o&#8217;nun uzun y\u0131llar birlikte \u00e7al\u0131\u015faca\u011f\u0131 Ahmet G\u00fcven\u00e7 ve Bahad\u0131r Akkuzu dahil oldu.<\/p>\n<p>Askerli\u011fini yedek subay olarak Polatl\u0131 ve Amasya&#8217;da yapan Bar\u0131\u015f Man\u00e7o, daha sonra Kurtalan Ekspres&#8217;le Anadolu turnelerine \u00e7\u0131kt\u0131.<\/p>\n<p>\u0130lk y\u0131llar\u0131nda k\u0131sa sa\u00e7l\u0131 olarak sahneye \u00e7\u0131kan usta sanatkar\u0131n T\u00fcrkiye&#8217;de herkesin haf\u0131zas\u0131na kaz\u0131nan uzun sa\u00e7lar\u0131, otantik k\u0131yafetleri, bilezik, y\u00fcz\u00fck ve kemerle tasarlad\u0131\u011f\u0131 imaj\u0131 ile tiyatral yetenekleri epeyce ilgi \u00e7ekti.<\/p>\n<p>Bar\u0131\u015f Man\u00e7o, birinci uzun\u00e7alar\u0131 (LP) &#8220;2023&#8221;\u00fc, 1975&#8217;te \u00e7\u0131kard\u0131. &#8220;Progresif rock&#8221; esintileri ta\u015f\u0131yan alb\u00fcmde Cumhuriyet&#8217;in 100. y\u0131l\u0131 an\u0131s\u0131na besteledi\u011fi enstr\u00fcmantal m\u00fczi\u011fi &#8220;2023&#8221;\u00fcn yan\u0131 s\u0131ra &#8220;Yine Yol G\u00f6r\u00fcnd\u00fc Gurbete&#8221; ve &#8220;Yol Verin A\u011falar Beyler&#8221; \u00fczere m\u00fczikler be\u011feni toplad\u0131.<\/p>\n<p>Yurt d\u0131\u015f\u0131nda da ba\u015far\u0131l\u0131 olmay\u0131 hedefleyen Man\u00e7o, Bel\u00e7ika&#8217;ya gitti ve 1976&#8217;da &#8220;Baris Mancho&#8221; isimli birinci \u0130ngilizce kelaml\u0131 alb\u00fcm\u00fcn\u00fc yay\u0131nlad\u0131.<\/p>\n<p>&#8220;Yeni Bir G\u00fcn&#8221; alb\u00fcm\u00fcn\u00fc ise 1979&#8217;da m\u00fczikseverlerin be\u011fenisine sunan sanat\u00e7\u0131 &#8220;Hey&#8221; mecmuas\u0131n\u0131n, &#8220;Y\u0131l\u0131n Erkek Sanat\u00e7\u0131s\u0131&#8221; ve &#8220;Y\u0131l\u0131n Alb\u00fcm\u00fc&#8221; m\u00fckafatlar\u0131n\u0131 ald\u0131. Birebir y\u0131l \u00e7\u0131kt\u0131\u011f\u0131 Anadolu turnesinin t\u00fcm gelirlerini sa\u011f\u0131r ve dilsiz \u00e7ocuklar\u0131n e\u011fitimi ve tedavisi i\u00e7in ba\u011f\u0131\u015flayan Man\u00e7o, daha sonra Hollanda, Bel\u00e7ika, \u0130ngiltere, Almanya ve K\u0131br\u0131s&#8217;ta konserler verdi.<\/p>\n<p><b>&#8220;S\u00f6z\u00fcm Meclisten D\u0131\u015far\u0131&#8221; alb\u00fcm\u00fcyle b\u00fcy\u00fck be\u011feni toplad\u0131<\/b><\/p>\n<p>Bel\u00e7ika&#8217;daki konserden d\u00f6nerken 24 A\u011fustos 1979&#8217;da Edirne&#8217;de bir trafik kazas\u0131 ge\u00e7iren Man\u00e7o, bir m\u00fchlet sahnelerden uzak kald\u0131 ve 1981 y\u0131l\u0131n\u0131n sonlar\u0131na ger\u00e7ek &#8220;S\u00f6z\u00fcm Meclisten D\u0131\u015far\u0131&#8221; alb\u00fcm\u00fcyle b\u00fcy\u00fck be\u011feni toplad\u0131.<\/p>\n<p>&#8220;G\u00fcl Pembe&#8221;, &#8220;Ali M\u00fcellif Veli Bozar&#8221;, &#8220;Alla Beni Pulla Beni&#8221; \u00fczere hit m\u00fcziklerin yan\u0131 s\u0131ra en uygun T\u00fcrk\u00e7e kelaml\u0131 rock m\u00fcziklerinden &#8220;D\u00f6nence&#8221;yi de bar\u0131nd\u0131ran alb\u00fcm\u00fcn pek \u00e7ok m\u00fczi\u011fi, bir m\u00fchlet TRT&#8217;nin denetleme \u015furas\u0131na tak\u0131larak, televizyon ve radyoda \u00e7al\u0131namad\u0131.<\/p>\n<p>Halkla kurdu\u011fu ba\u011f\u0131 1983&#8217;te &#8220;Esta\u011ffurullah Ne Haddimize&#8221;, 1985&#8217;te &#8220;24 ayar&#8221;, 1986&#8217;da &#8220;Sahibinden \u0130htiya\u00e7tan&#8221; alb\u00fcmleriyle g\u00fc\u00e7lendiren Man\u00e7o, 1989&#8217;da &#8220;Dar\u0131s\u0131 Ba\u015f\u0131n\u0131za&#8221;, 1992&#8217;de &#8220;Mega Man\u00e7o&#8221;, 1995&#8217;te &#8220;M\u00fcsaadenizle \u00c7ocuklar&#8221;, 1996&#8217;da &#8220;Live in Japan&#8221; alb\u00fcmlerini sevenleriyle bulu\u015fturdu.<\/p>\n<p>M\u00fczikte a\u00e7t\u0131\u011f\u0131 yolun yan\u0131 s\u0131ra m\u00fczik kelamlar\u0131yla de k\u00fclt\u00fcr hayat\u0131na k\u0131ymetli katk\u0131larda bulunan Man\u00e7o, bir\u00e7ok m\u00fczi\u011finin son k\u0131tas\u0131nda, t\u0131pk\u0131 halk \u015fiiri gelene\u011finde oldu\u011fu \u00fczere kendi ismine yer verdi. &#8220;Modern \u00c7a\u011f Ozan\u0131&#8221; olarak isimlendirilen ve yap\u0131tlar\u0131nda unutulan bedelleri hat\u0131rlatan Man\u00e7o, m\u00fcziklerinde toplumsal mevzulara ve ailenin de\u011ferine de dikkati \u00e7ekti.<\/p>\n<p>Daha evvel k\u0131sa bir evlilik yapan Bar\u0131\u015f Man\u00e7o, 1979&#8217;da Lale \u00c7a\u011flar&#8217;la d\u00fcnya konutuna girdi ve \u00e7iftin &#8220;Do\u011fukan Hazar&#8221; ve &#8220;Bat\u0131kan Zorbey&#8221; ismini verdikleri iki o\u011fullar\u0131 oldu.<\/p>\n<p><b>&#8220;Baba Bizi Eversene&#8221; sinemas\u0131n\u0131n ba\u015frol\u00fcnde yer ald\u0131<\/b><\/p>\n<p>\u0130\u00e7indeki \u00e7ocu\u011fu hi\u00e7bir vakit kaybetmedi\u011fini tabir eden usta sanat\u00e7\u0131, sinema sinemas\u0131 olarak yaln\u0131zca direkt\u00f6r Oksal Pekmezo\u011flu&#8217;nun 1975&#8217;te \u00e7ekti\u011fi &#8220;Baba Bizi Eversene&#8221; sinemas\u0131n\u0131n ba\u015frol\u00fcnde yer ald\u0131.<\/p>\n<p>Bar\u0131\u015f Man\u00e7o, yakla\u015f\u0131k 15 y\u0131l boyunca planlad\u0131\u011f\u0131 &#8220;7&#8217;den 77&#8217;ye&#8221; program\u0131 projesini, 1988&#8217;de TRT idaresine kabul ettirmeyi ba\u015fard\u0131 ve \u00e7ocuklara \u00f6\u011f\u00fctler verdi\u011fi &#8220;Adam Olacak \u00c7ocuk&#8221;, ya\u015fl\u0131lara h\u00fcrmetin ehemmiyetine dikkati \u00e7ekti\u011fi &#8220;\u0130kinci Kahvalt\u0131&#8221;, d\u00fcnyay\u0131 dola\u015ft\u0131\u011f\u0131 &#8220;D\u00f6nence&#8221; ve T\u00fcrkiye&#8217;yi dola\u015ft\u0131\u011f\u0131 &#8220;Dere Zirve T\u00fcrkiye&#8221; \u00fczere k\u0131s\u0131mlar\u0131 olan program\u0131, TRT 1, TGRT ve ATV&#8217;de 1988-1998 y\u0131llar\u0131 ortas\u0131nda 10 y\u0131l boyunca her pazar \u00f6\u011flenden evvel yay\u0131mlanarak, g\u00fc\u00e7 bir rekora imza att\u0131.<\/p>\n<p>&#8220;T\u00fcrk televizyonlar\u0131n\u0131n birinci gezgini&#8221; olarak da g\u00f6sterilen Bar\u0131\u015f Man\u00e7o, 5 k\u0131tada 140 de\u011fi\u015fik y\u00f6rede 800 bin kilometreye yak\u0131n yol kat etti ve 1990&#8217;da Ertu\u011frul F\u0131rkateyni&#8217;nin Japonya&#8217;ya geli\u015finin 100. y\u0131l\u0131 hasebiyle d\u00fczenlenen &#8220;T\u00fcrk-Japon dostlu\u011fu&#8221; aktiflikleri kapsam\u0131nda gitti\u011fi Japonya&#8217;da b\u00fcy\u00fck bir co\u015fkuyla kar\u015f\u0131land\u0131. Verdi\u011fi konserlerde m\u00fcziklerinde Japonca kelamlara de yer veren Bar\u0131\u015f Man\u00e7o&#8217;ya &#8220;Min-On Vakf\u0131 Y\u00fcksek Erdem Madalyas\u0131&#8221; verildi. Man\u00e7o, buradaki konser kayd\u0131n\u0131 da &#8220;Live in Japan&#8221; ismiyle yay\u0131mlad\u0131.<\/p>\n<p>T\u00fcrk d\u00fcnyas\u0131 ile de \u00e7ok yeterli ba\u011flant\u0131lar geli\u015ftiren usta sanat\u00e7\u0131ya, T\u00fcrkmenistan Devlet Ba\u015fkan\u0131 Saparmurat Niyazov taraf\u0131ndan &#8220;T\u00fcrkmen vatanda\u015fl\u0131\u011f\u0131&#8221; verildi. Bel\u00e7ika ve Fransa da sanat\u00e7\u0131y\u0131 bir\u00e7ok sefer \u00f6d\u00fcllendirdi.<\/p>\n<p><b>40 y\u0131ll\u0131k sanat hayat\u0131nda 200 besteye imza att\u0131<\/b><\/p>\n<p>\u0130lk alb\u00fcm\u00fcne Cumhuriyet&#8217;in 100. y\u0131l\u0131n\u0131n kutlanaca\u011f\u0131 &#8220;2023&#8221; ismini veren Bar\u0131\u015f Man\u00e7o, bir r\u00f6portaj\u0131nda, &#8220;Benim birka\u00e7 hayalim var, 80 ya\u015f\u0131ndayken elimde bastonum, tahminen kolumda Do\u011fukan, onun yard\u0131m\u0131yla \u00e7\u0131kar\u0131m sahneye ve senfoni orkestras\u0131na 2023&#8217;\u00fc \u00e7ald\u0131rmak en b\u00fcy\u00fck ideallerimden birisi.&#8221; demi\u015fti.<\/p>\n<p>M\u00fczik hayat\u0131n\u0131 anlatt\u0131\u011f\u0131 &#8220;40. Y\u0131l&#8221; m\u00fczi\u011fini besteleyen Bar\u0131\u015f Man\u00e7o, bir periyoda damgas\u0131n\u0131 vuran m\u00fcziklerini yine d\u00fczenleyerek seslendirdi. Daha evvel de tansiyon \u0131st\u0131raplar\u0131 ya\u015fayan sanat\u00e7\u0131, 31 Ocak&#8217;\u0131 1 \u015eubat 1999&#8217;a ba\u011flayan gece, saat 23.30 s\u0131ralar\u0131nda ani tansiyon d\u00fc\u015fmesi sonucu k\u00f6t\u00fcle\u015fti. Ambulansla Siyami Ersek G\u00f6\u011f\u00fcs Kalp ve Damar Cerrahisi Merkezi&#8217;ne kald\u0131r\u0131lan 56 ya\u015f\u0131ndaki Bar\u0131\u015f Man\u00e7o, m\u00fcdahaleye kar\u015f\u0131n kurtar\u0131lamad\u0131.<\/p>\n<p>Sanat\u00e7\u0131n\u0131n cenazesi, Atat\u00fcrk K\u00fclt\u00fcr Merkezi&#8217;nde yap\u0131lan merasimin akabinde Levent Mescidi&#8217;nden kald\u0131r\u0131larak, Kanl\u0131ca Mezarl\u0131\u011f\u0131&#8217;na defnedildi.<\/p>\n<p>Yakla\u015f\u0131k 40 y\u0131ll\u0131k sanat hayat\u0131nda 200 besteye imza atan, ulusal ve milletleraras\u0131 alanda pek \u00e7ok m\u00fckafata lay\u0131k g\u00f6r\u00fclen sanatkar\u0131n \u00f6d\u00fcllerinin tamam\u0131 ise \u015f\u00f6yle:<\/p>\n<p>1980&#8217;de &#8220;Alt\u0131n Orfe&#8221; M\u00fckafat\u0131, 1987&#8217;de &#8220;Bel\u00e7ika K\u00fclt\u00fcr El\u00e7isi&#8221;, 1991&#8217;de &#8220;T\u00fcrkiye Cumhuriyeti Devlet Sanat\u00e7\u0131s\u0131&#8221;, &#8220;Hacettepe \u00dcniversitesi Onursal Doktora ve Japonya Soka \u00dcniversitesi K\u00fclt\u00fcr ve Bar\u0131\u015f \u00d6d\u00fcl\u00fc&#8221;, 1992&#8217;de &#8220;Bel\u00e7ika Krall\u0131\u011f\u0131 Leopold II \u015e\u00f6valyesi Ni\u015fan\u0131&#8221; ve &#8220;Frans\u0131z K\u00fclt\u00fcr Bakanl\u0131\u011f\u0131 Edebiyat ve Sanat \u015e\u00f6valyesi Ni\u015fan\u0131&#8221;, 1994&#8217;te Kocaeli \u00dcniversitesi Bar\u0131\u015f Diplomas\u0131, 1995&#8217;te T\u00fcrkmenistan Cumhurba\u015fkanl\u0131\u011f\u0131 T\u00fcrkmen vatanda\u015fl\u0131\u011f\u0131, 1995&#8217;te Pamukkale \u00dcniversitesinden onursal doktora, 1995&#8217;te &#8220;Japonya Min-On Vakf\u0131 Y\u00fcksek Gurur Madalyas\u0131&#8221;, 1997&#8217;de &#8220;Bel\u00e7ika Liege Prensli\u011fi Onursal Hem\u015ferilik Berat\u0131&#8221;<\/p>\n","protected":false},"excerpt":{"rendered":"<p>Anadolu rock ve pop m\u00fczi\u011fin \u00f6nde gelen isimlerinden m\u00fczik\u00e7i, bestekar, kelam m\u00fcellifi ve TV programc\u0131s\u0131 Mehmet Bar\u0131\u015f Man\u00e7o, vefat\u0131n\u0131n 26&#8217;nci y\u0131l\u0131nda an\u0131l\u0131yor.<\/p>\n","protected":false},"author":1,"featured_media":25105,"comment_status":"open","ping_status":"open","sticky":false,"template":"","format":"standard","meta":{"footnotes":""},"categories":[26],"tags":[4481,4480,818,1429,163],"class_list":["post-25104","post","type-post","status-publish","format-standard","has-post-thumbnail","hentry","category-kultur-sanat","tag-baris-manco","tag-manco","tag-sanatci","tag-sarki","tag-turk"],"_links":{"self":[{"href":"https:\/\/ikimisli.tr\/index.php\/wp-json\/wp\/v2\/posts\/25104","targetHints":{"allow":["GET"]}}],"collection":[{"href":"https:\/\/ikimisli.tr\/index.php\/wp-json\/wp\/v2\/posts"}],"about":[{"href":"https:\/\/ikimisli.tr\/index.php\/wp-json\/wp\/v2\/types\/post"}],"author":[{"embeddable":true,"href":"https:\/\/ikimisli.tr\/index.php\/wp-json\/wp\/v2\/users\/1"}],"replies":[{"embeddable":true,"href":"https:\/\/ikimisli.tr\/index.php\/wp-json\/wp\/v2\/comments?post=25104"}],"version-history":[{"count":1,"href":"https:\/\/ikimisli.tr\/index.php\/wp-json\/wp\/v2\/posts\/25104\/revisions"}],"predecessor-version":[{"id":25106,"href":"https:\/\/ikimisli.tr\/index.php\/wp-json\/wp\/v2\/posts\/25104\/revisions\/25106"}],"wp:featuredmedia":[{"embeddable":true,"href":"https:\/\/ikimisli.tr\/index.php\/wp-json\/wp\/v2\/media\/25105"}],"wp:attachment":[{"href":"https:\/\/ikimisli.tr\/index.php\/wp-json\/wp\/v2\/media?parent=25104"}],"wp:term":[{"taxonomy":"category","embeddable":true,"href":"https:\/\/ikimisli.tr\/index.php\/wp-json\/wp\/v2\/categories?post=25104"},{"taxonomy":"post_tag","embeddable":true,"href":"https:\/\/ikimisli.tr\/index.php\/wp-json\/wp\/v2\/tags?post=25104"}],"curies":[{"name":"wp","href":"https:\/\/api.w.org\/{rel}","templated":true}]}}