{"id":2513,"date":"2025-01-09T23:54:42","date_gmt":"2025-01-09T23:54:42","guid":{"rendered":"https:\/\/ikimisli.tr\/?p=2513"},"modified":"2025-01-09T23:54:42","modified_gmt":"2025-01-09T23:54:42","slug":"yrpde-4-istifa-daha","status":"publish","type":"post","link":"https:\/\/ikimisli.tr\/index.php\/2025\/01\/09\/yrpde-4-istifa-daha\/","title":{"rendered":"YRP&#8217;de 4 istifa daha"},"content":{"rendered":"<p>\u015eanl\u0131urfa\u2019da YRP meclis \u00fcyelerinin istifalar\u0131 t\u00fcm s\u00fcratiyle devam ediyor. \u015eanl\u0131urfa\u2019n\u0131n Haliliye, Karak\u00f6pr\u00fc, Bozova ve Eyy\u00fcbiye belediyesindeki d\u00f6rt YRP\u2019li meclis \u00fcyesi \u00a0partilerinden istifa etti\u011fini a\u00e7\u0131klad\u0131. Meclis \u00fcyeleri ba\u011f\u0131m\u0131z olarak vazifelerine devam edeceklerini kaydetti.<\/p>\n<p><strong>4 YRP\u2019L\u0130 \u0130S\u0130M \u0130ST\u0130FA ETT\u0130<\/strong><\/p>\n<p>YRP\u2019den istifa eden meclis \u00fcyeleri \u015funlar\u0131;<\/p>\n<p>Haliliye Belediye Meclis \u00dcyesi Ahmet Akag\u00fcnd\u00fcz, Karak\u00f6pr\u00fc Belediye Meclis \u00dcyesi Halil K\u0131z\u0131lelma, Bozova Belediye Meclis \u00dcyesi M. Salih \u015eim\u015fek, Eyy\u00fcbiye Belediye Meclis \u00dcyesi Fuat Sa\u011f\u0131ro\u011flu.<\/p>\n<p><strong>9 MECL\u0130S \u00dcYES\u0130 \u0130ST\u0130FA ETM\u0130\u015eT\u0130<\/strong><\/p>\n<p>YRP&#8217;li \u015eanl\u0131urfa B\u00fcy\u00fck\u015fehir Belediye Ba\u015fkan\u0131 Kas\u0131m G\u00fclp\u0131nar&#8217;\u0131n partisinden istifas\u0131n\u0131n akabinde B\u00fcy\u00fck\u015fehir Belediye Ba\u015fkanvekili Ahmet Oru\u00e7\u2019un da bulundu\u011fu 9 meclis \u00fcyesi YRP\u2019den \u00a0istifa etmi\u015fti.<\/p>\n","protected":false},"excerpt":{"rendered":"<p>\u015eanl\u0131urfa\u2019da Yine Refah Partili d\u00f6rt meclis \u00fcyesi partilerinden istifa etti\u011fini a\u00e7\u0131klad\u0131. Ge\u00e7ti\u011fimiz y\u0131l \u015eanl\u0131urfa B\u00fcy\u00fck\u015fehir Belediye Ba\u015fkan\u0131 Kas\u0131m G\u00fclp\u0131nar&#8217;\u0131n YRP\u2019den istifa etmesinin akabinde 9 meclis \u00fcyesi de YRP\u2019den istifa etmi\u015fti.<\/p>\n","protected":false},"author":1,"featured_media":2514,"comment_status":"open","ping_status":"open","sticky":false,"template":"","format":"standard","meta":{"footnotes":""},"categories":[25],"tags":[40,445,638,639],"class_list":["post-2513","post","type-post","status-publish","format-standard","has-post-thumbnail","hentry","category-gundem","tag-belediye","tag-istifa","tag-meclis-uyesi","tag-yrp"],"_links":{"self":[{"href":"https:\/\/ikimisli.tr\/index.php\/wp-json\/wp\/v2\/posts\/2513","targetHints":{"allow":["GET"]}}],"collection":[{"href":"https:\/\/ikimisli.tr\/index.php\/wp-json\/wp\/v2\/posts"}],"about":[{"href":"https:\/\/ikimisli.tr\/index.php\/wp-json\/wp\/v2\/types\/post"}],"author":[{"embeddable":true,"href":"https:\/\/ikimisli.tr\/index.php\/wp-json\/wp\/v2\/users\/1"}],"replies":[{"embeddable":true,"href":"https:\/\/ikimisli.tr\/index.php\/wp-json\/wp\/v2\/comments?post=2513"}],"version-history":[{"count":1,"href":"https:\/\/ikimisli.tr\/index.php\/wp-json\/wp\/v2\/posts\/2513\/revisions"}],"predecessor-version":[{"id":2515,"href":"https:\/\/ikimisli.tr\/index.php\/wp-json\/wp\/v2\/posts\/2513\/revisions\/2515"}],"wp:featuredmedia":[{"embeddable":true,"href":"https:\/\/ikimisli.tr\/index.php\/wp-json\/wp\/v2\/media\/2514"}],"wp:attachment":[{"href":"https:\/\/ikimisli.tr\/index.php\/wp-json\/wp\/v2\/media?parent=2513"}],"wp:term":[{"taxonomy":"category","embeddable":true,"href":"https:\/\/ikimisli.tr\/index.php\/wp-json\/wp\/v2\/categories?post=2513"},{"taxonomy":"post_tag","embeddable":true,"href":"https:\/\/ikimisli.tr\/index.php\/wp-json\/wp\/v2\/tags?post=2513"}],"curies":[{"name":"wp","href":"https:\/\/api.w.org\/{rel}","templated":true}]}}