{"id":25135,"date":"2025-04-10T19:12:05","date_gmt":"2025-04-10T19:12:05","guid":{"rendered":"https:\/\/ikimisli.tr\/?p=25135"},"modified":"2025-04-10T19:12:05","modified_gmt":"2025-04-10T19:12:05","slug":"akp-ve-mhpnin-oylariyla-gecti-mecliste-tartismali-duzenleme-chp-harekete-gecti","status":"publish","type":"post","link":"https:\/\/ikimisli.tr\/index.php\/2025\/04\/10\/akp-ve-mhpnin-oylariyla-gecti-mecliste-tartismali-duzenleme-chp-harekete-gecti\/","title":{"rendered":"AKP ve MHP\u2019nin oylar\u0131yla ge\u00e7ti&#8230; Meclis\u2019te tart\u0131\u015fmal\u0131 d\u00fczenleme: CHP harekete ge\u00e7ti"},"content":{"rendered":"<p>T\u00fcrkiye B\u00fcy\u00fck Millet Meclisi Genel Kurulu\u2019nda g\u00f6r\u00fc\u015f\u00fclen 191 S\u0131ra Say\u0131l\u0131 Kimi Kanunlarda De\u011fi\u015fiklik Yap\u0131lmas\u0131na Dair Kanun Teklifi, per\u015fembe g\u00fcn\u00fc kabul edildi.<\/p>\n<p>Yeni d\u00fczenlemeyle, Cumhurba\u015fkanl\u0131\u011f\u0131 b\u00fcnyesindeki Devlet Denetleme Kurulu\u2019na (DDK), her kademe ve r\u00fctbedeki kamu g\u00f6revlisini vazifeden alma yetkisi verildi.<\/p>\n<p>Bundan bu t\u00fcrl\u00fc, odalar, bakanl\u0131klar ve belediyelerdeki t\u00fcm kamu \u00e7al\u0131\u015fanlar\u0131, DDK\u2019n\u0131n ilgili heyet \u00fcyesi yahut denet\u00e7isinin &#8220;g\u00f6revden uzakla\u015ft\u0131rma&#8221; karar\u0131na tabi olacak.<\/p>\n<p>Kanun teklifi, AKP, MHP ve BBP\u2019den olu\u015fan Cumhur \u0130ttifak\u0131 milletvekillerinin oylar\u0131yla TBMM Genel Kurulu\u2019nda kabul edildi.<\/p>\n<p><b>CHP AYM&#8217;YE G\u0130DECEK<\/b><\/p>\n<p>TBMM Genel Kurulu\u2019nda kabul edilen ve Devlet Denetleme Kurulu\u2019na (DDK) geni\u015f yetkiler tan\u0131yan d\u00fczenleme, muhalefetin reaksiyonunu \u00e7ekti.<\/p>\n<p>Cumhuriyet Halk Partisi (CHP), kanunun iptali ve y\u00fcr\u00fcrl\u00fc\u011f\u00fcn\u00fcn durdurulmas\u0131 talebiyle Anayasa Mahkemesi\u2019ne ba\u015fvuraca\u011f\u0131n\u0131 a\u00e7\u0131klad\u0131.<\/p>\n<p>CHP K\u00fcme Ba\u015fkanvekili G\u00f6khan G\u00fcnayd\u0131n, toplumsal medya platformu X \u00fczerinden yapt\u0131\u011f\u0131 payla\u015f\u0131mda, &#8220;Buradan bir kere daha irademizi ve kararl\u0131l\u0131\u011f\u0131m\u0131z\u0131 ortaya koyal\u0131m&#8221; s\u00f6zlerini kulland\u0131.<\/p>\n<p>G\u00fcnayd\u0131n, \u015fu tabirlere yer verdi:<\/p>\n<p>-Bu gece TBMM\u2019de, Cumhurba\u015fkan\u0131\u2019na, gibisi fakat t\u00fcm\u00fcyle kontrols\u00fcz sultanlarda g\u00f6r\u00fclen yetkiler veren bir d\u00fczenleme g\u00f6r\u00fc\u015f\u00fclecek. Nas\u0131l m\u0131?<\/p>\n<p>-Devlet Denetleme Kurulu\u2019na, her kademe ve r\u00fctbedeki g\u00f6revliyi misyondan uzakla\u015ft\u0131rma yetkisi veren bir d\u00fczenleme AKP k\u00fcmesinin teklifiyle Genel Kurul\u2019a indirildi. Devlet Denetleme Kurulu Lider ve \u00fcyelerini Cumhurba\u015fkan\u0131 at\u0131yor.<\/p>\n<p>-Kurul, Cumhurba\u015fkan\u0131\u2019n\u0131n iste\u011fi \u00fczerine, t\u00fcm kamu kurulu\u015f ve kurumlar\u0131nda, her t\u00fcrl\u00fc inceleme, ara\u015ft\u0131rma ve denetleme yapabiliyor. Mevcut duruma nazaran inceleme, ara\u015ft\u0131rma ve denetleme sonucunda d\u00fczenlenen raporlar gere\u011fi yap\u0131lmak \u00fczere Ba\u015fbakanl\u0131k\u2019a g\u00f6nderiliyor ve DDK raporlar\u0131 yay\u0131nlanabiliyordu. Bu kadar.<\/p>\n<p>Ancak bu gece Kurulu\u015f Kanunu\u2019na eklenmeye \u00e7al\u0131\u015f\u0131lan d\u00fczenlemeyle DDK \u00fcyesi yahut denet\u00e7iye, \u201ckamu hizmetinin gerekleri taraf\u0131ndan vazifesi ba\u015f\u0131nda kalmas\u0131nda sak\u0131nca g\u00f6r\u00fclen her kademe ve r\u00fctbedeki vazifeliler hakk\u0131nda misyondan uzakla\u015ft\u0131rma karar\u0131 verme\u201d yetkisi tan\u0131n\u0131yor. B\u00f6ylesine a\u00e7\u0131k ve kolay; ucu a\u00e7\u0131k, keyfiyete varan bir takdir yetkisi ile art\u0131k hi\u00e7 kimsenin misyon teminat\u0131 olmayacak. S\u0131rf atanm\u0131\u015flar i\u00e7in de\u011fil, bu keyfiyet se\u00e7ilmi\u015fleri de kaps\u0131yor. Art\u0131k bir soru\u015fturma, kovu\u015fturma, yarg\u0131 karar\u0131 vs s\u00fcre\u00e7lere de gerek yok. Cumhurba\u015fkan\u0131 DDK Ba\u015fkan\u0131\u2019n\u0131 \u00e7a\u011f\u0131r\u0131yor, \u201c\u015fu belediye ba\u015fkan\u0131 hakk\u0131nda denetim yap\u201d diyor, Lider bir Konsey \u00fcyesini g\u00f6revlendiriyor, o da gidip \u201cg\u00f6rev ba\u015f\u0131nda kalmas\u0131 sak\u0131ncal\u0131d\u0131r\u201d diyerek se\u00e7ilmi\u015f belediye liderini misyondan uzakla\u015ft\u0131rabiliyor. Her \u015fey jet s\u00fcratiyle, her \u015fey kanuna uygun ve elbette t\u00fcm\u00fcyle hukuka kar\u015f\u0131t.<\/p>\n<p>-Peki bu d\u00fczenlemeyi AKP birinci defa mi getiriyor? Hay\u0131r. Birincisinde 5 numaral\u0131 Cumhurba\u015fkanl\u0131\u011f\u0131 Kararnamesi (CBK) ile t\u0131pk\u0131 yetkiyi DDK\u2019ya almay\u0131 denediler. CHP Grubu\u2019nun ba\u015fvurusu \u00fczerine AYM d\u00fczenlemeyi iptal etti.<\/p>\n<p>-\u0130kincisinde bir torba kanun i\u00e7erisinde Meclis Genel Kurulu\u2019na indirdiler, muhalafetin ortak ve faal direnciyle d\u00fczenlemeyi torba kanun i\u00e7inden \u00e7\u0131karmak zorunda kald\u0131lar. Art\u0131k \u00fc\u00e7\u00fcnc\u00fc defa deniyorlar.<\/p>\n<p>-Ba\u015fta CHP k\u00fcmesi olmak \u00fczere demokrasiye inanan t\u00fcm parti k\u00fcmeleri ve milletvekilleri, g\u00fcnlerdir engelleme yap\u0131yorlar. Meclis aritmeti\u011fi dayatmas\u0131yla bu a\u00e7\u0131k hukuka muhalif demokrasi t\u0131rpan\u0131n\u0131 yasala\u015ft\u0131r\u0131p Resmi Gazete\u2019de yay\u0131nlatmaya \u00e7al\u0131\u015facaklar. Bu durumda ku\u015fkusuz en h\u0131zl\u0131 bi\u00e7imde AYM\u2019ye iptal ve y\u00fcr\u00fcrl\u00fc\u011f\u00fcn\u00fcn durdurulmas\u0131 ba\u015fvurusu yapaca\u011f\u0131z. Bu somut durum, hukuk ile kanun ortas\u0131ndaki fark\u0131 a\u00e7\u0131k\u00e7a ortaya koymak \u00fczere, Hukuk fak\u00fcltelerinde \u00f6rnek olay olarak okutulabilir ku\u015fkusuz.<\/p>\n<p>-Buradan bir sefer daha irademizi ve kararl\u0131l\u0131\u011f\u0131m\u0131z\u0131 ortaya koyal\u0131m. Kum saati \u00e7al\u0131\u015f\u0131yor. Hukuksuzluklar\u0131n\u0131z, adaletsizlikleriniz, haks\u0131zl\u0131klar\u0131n\u0131z ve zulm\u00fcn\u00fczle birlikte tarihe g\u00f6m\u00fcleceksiniz. T\u00fcrkiye kesinlikle ve yine laik, demokratik ve toplumsal bir hukuk devleti niteli\u011fine kavu\u015facak; bar\u0131\u015fa, \u00f6zg\u00fcrl\u00fc\u011fe ve huzura yelken a\u00e7acakt\u0131r.<\/p>\n","protected":false},"excerpt":{"rendered":"<p>Cumhurba\u015fkan\u0131na ba\u011fl\u0131 Devlet Denetleme Kurulu\u2019na geni\u015f yetkiler tan\u0131yan kanun teklifi, AKP ve MHP milletvekillerinin oylar\u0131yla TBMM Genel Kurulu\u2019nda kabul edildi. CHP K\u00fcme Ba\u015fkanvekili G\u00f6khan G\u00fcnayd\u0131n, d\u00fczenlemede &#8220;sultanlarda g\u00f6r\u00fclen yetkiler&#8221; bulundu\u011funu belirterek, Anayasa Mahkemesi\u2019ne iptal ve y\u00fcr\u00fcrl\u00fc\u011f\u00fcn durdurulmas\u0131 talebiyle ba\u015fvuracaklar\u0131n\u0131 duyurdu.<\/p>\n","protected":false},"author":1,"featured_media":25136,"comment_status":"open","ping_status":"open","sticky":false,"template":"","format":"standard","meta":{"footnotes":""},"categories":[25],"tags":[188,4485,740,935,55],"class_list":["post-25135","post","type-post","status-publish","format-standard","has-post-thumbnail","hentry","category-gundem","tag-cumhur","tag-ddk","tag-duzenleme","tag-kanun","tag-kurul"],"_links":{"self":[{"href":"https:\/\/ikimisli.tr\/index.php\/wp-json\/wp\/v2\/posts\/25135","targetHints":{"allow":["GET"]}}],"collection":[{"href":"https:\/\/ikimisli.tr\/index.php\/wp-json\/wp\/v2\/posts"}],"about":[{"href":"https:\/\/ikimisli.tr\/index.php\/wp-json\/wp\/v2\/types\/post"}],"author":[{"embeddable":true,"href":"https:\/\/ikimisli.tr\/index.php\/wp-json\/wp\/v2\/users\/1"}],"replies":[{"embeddable":true,"href":"https:\/\/ikimisli.tr\/index.php\/wp-json\/wp\/v2\/comments?post=25135"}],"version-history":[{"count":1,"href":"https:\/\/ikimisli.tr\/index.php\/wp-json\/wp\/v2\/posts\/25135\/revisions"}],"predecessor-version":[{"id":25137,"href":"https:\/\/ikimisli.tr\/index.php\/wp-json\/wp\/v2\/posts\/25135\/revisions\/25137"}],"wp:featuredmedia":[{"embeddable":true,"href":"https:\/\/ikimisli.tr\/index.php\/wp-json\/wp\/v2\/media\/25136"}],"wp:attachment":[{"href":"https:\/\/ikimisli.tr\/index.php\/wp-json\/wp\/v2\/media?parent=25135"}],"wp:term":[{"taxonomy":"category","embeddable":true,"href":"https:\/\/ikimisli.tr\/index.php\/wp-json\/wp\/v2\/categories?post=25135"},{"taxonomy":"post_tag","embeddable":true,"href":"https:\/\/ikimisli.tr\/index.php\/wp-json\/wp\/v2\/tags?post=25135"}],"curies":[{"name":"wp","href":"https:\/\/api.w.org\/{rel}","templated":true}]}}