{"id":25145,"date":"2025-04-10T19:48:14","date_gmt":"2025-04-10T19:48:14","guid":{"rendered":"https:\/\/ikimisli.tr\/?p=25145"},"modified":"2025-04-10T19:48:14","modified_gmt":"2025-04-10T19:48:14","slug":"son-dakika-ayse-barimin-sirketinden-ayrildigi-konusulan-cansu-dereden-aciklama","status":"publish","type":"post","link":"https:\/\/ikimisli.tr\/index.php\/2025\/04\/10\/son-dakika-ayse-barimin-sirketinden-ayrildigi-konusulan-cansu-dereden-aciklama\/","title":{"rendered":"Son dakika&#8230; Ay\u015fe Bar\u0131m&#8217;\u0131n \u015firketinden ayr\u0131ld\u0131\u011f\u0131 konu\u015fulan Cansu Dere&#8217;den a\u00e7\u0131klama"},"content":{"rendered":"<p>Dizi kesiminde monopolle\u015fme su\u00e7lamas\u0131yla hakk\u0131nda soru\u015fturma ba\u015flat\u0131lan menajer Ay\u015fe Bar\u0131m, 12 y\u0131l evvelki Seyahat Park\u0131 olaylar\u0131na ait su\u00e7lamayla tutukland\u0131.<\/p>\n<p><b>ETK\u0130 AJANLI\u011eI<\/b><\/p>\n<p>Bar\u0131m&#8217;la ilgili savc\u0131l\u0131\u011f\u0131n tutuklamaya sevk yaz\u0131s\u0131nda &#8216;etki ajanl\u0131\u011f\u0131&#8217; tabiri de yer ald\u0131. Kamuoyunda &#8216;etki ajanl\u0131\u011f\u0131&#8217; bolarak bilinen d\u00fczenleme, geri \u00e7ekilmi\u015f ve yasala\u015fmam\u0131\u015ft\u0131.<\/p>\n<p>&#8216;H\u00fck\u00fcmeti ortadan kald\u0131rmaya te\u015febb\u00fcse yard\u0131m etme&#8217; kabahatinden tutuklanan Bar\u0131m&#8217;\u0131n s\u00f6z\u00fcnde &#8220;Bireysel olarak kendim gittim&#8221; dedi\u011fi \u00f6\u011frenildi.<\/p>\n<p>Bar\u0131m&#8217;\u0131n s\u00f6z\u00fcnden \u00f6ne \u00e7\u0131kanlar \u015f\u00f6yle:<\/p>\n<p>&#8220;\u00c7ok a\u011f\u0131r bir karalama ve iftira kampanyas\u0131yla kar\u015f\u0131 kar\u015f\u0131yay\u0131m. Bu m\u00fchlet i\u00e7erisinde neden oldu\u011funu<br \/>anlamad\u0131\u011f\u0131m \u00e7ok \u00f6nemli iftiralara u\u011frad\u0131m. Seyahat Park\u0131na hat\u0131rlad\u0131\u011f\u0131m kadar\u0131yla 1 ya da 2 kere gitmi\u015fimdir, ayr\u0131ca gitmi\u015fli\u011fim yoktur.&#8221;<\/p>\n<p><b>OSMAN KAVALA \u0130LE BA\u011eI SORULDU<\/b><\/p>\n<p>Gezi tutuklusu Osman Kavala ile ilgili soruya ise Ay\u015fe Bar\u0131m \u015f\u00f6yle yan\u0131tlad\u0131:<\/p>\n<p>&#8220;Mehmet Osman Kavala ile, Fatih Ak\u0131n isimli direkt\u00f6r\u00fcn\u00fc sinemas\u0131n\u0131n tan\u0131t\u0131m s\u00fcrecini yaparken temas ettim. Bahse bahis sineman\u0131n \u00e7ekimleri 2013&#8217;te yap\u0131lm\u0131\u015ft\u0131r. T\u00fcrkiye&#8217;deki after partisini ise Kavala&#8217;ya ili\u015fkin i\u015f merkezinde yapmaya<br \/>karar ald\u0131k. Osman Kavala ile irtibat\u0131m bundan ibarettir.&#8221;<\/p>\n<p><b>CANSU DERE&#8217;DEN A\u00c7IKLAMA<\/b><\/p>\n<p>Adliyeye sevk edilen Bar\u0131m, \u00e7\u0131kar\u0131ld\u0131\u011f\u0131 mahkemece tutuklanmas\u0131n\u0131n akabinde oyuncu Cansu Dere&#8217;nin \u00fcnl\u00fc menajerin \u015firketinden ayr\u0131ld\u0131\u011f\u0131 sav edildi. Milliyet&#8217;te yer alan habere nazaran, Dere&#8217;nin di\u011fer bir menajerle anla\u015ft\u0131\u011f\u0131 \u00f6ne s\u00fcr\u00fcld\u00fc.<\/p>\n<p><img decoding=\"async\" src=\"https:\/\/ikimisli.tr\/wp-content\/uploads\/2025\/04\/son-dakika-ayse-barimin-sirketinden-ayrildigi-konusulan-cansu-dereden-aciklama-0-n2OarSOR.jpg\"\/><\/p>\n<p><strong>Cansu Dere<\/strong><\/p>\n<p>Bas\u0131na yans\u0131yan bu sav sonras\u0131nda Cansu Dere, Instagram hesab\u0131ndan \u015fu a\u00e7\u0131klama yapt\u0131:<\/p>\n<p>&#8220;K\u00fc\u00e7\u00fck bir d\u00fczeltme, bilgilendirme: ID \u0130leti\u015fim&#8217;de son devirde 1 y\u0131l kadar bulundum ve Mart 2024&#8217;te yollar\u0131m\u0131z\u0131 ay\u0131rd\u0131k. Yani ayr\u0131l\u0131\u011f\u0131m\u0131n \u00fczerinden tam 11 ay ge\u00e7ti. Hasebiyle benim taraf\u0131mda yeni bir haber yok, hem sorular\u0131n\u0131za hem de haberlere birinci a\u011f\u0131zdan a\u00e7\u0131klama getirmek istedim. Sevgilerimle.&#8221;<\/p>\n<p><img decoding=\"async\" src=\"https:\/\/ikimisli.tr\/wp-content\/uploads\/2025\/04\/son-dakika-ayse-barimin-sirketinden-ayrildigi-konusulan-cansu-dereden-aciklama-1-dWMCIfYT.jpeg\"\/><\/p>\n","protected":false},"excerpt":{"rendered":"<p>&#8216;H\u00fck\u00fcmeti ortadan kald\u0131rmaya te\u015febb\u00fcse yard\u0131m&#8217; su\u00e7lamas\u0131yla tutuklanan ID \u0130leti\u015fim&#8217;in sahibi menajer Ay\u015fe Bar\u0131m&#8217;\u0131n \u015firketinden ayr\u0131ld\u0131\u011f\u0131 tez edilen oyuncu Cansu Dere, toplumsal medya hesab\u0131ndan a\u00e7\u0131klama yapt\u0131.<\/p>\n","protected":false},"author":1,"featured_media":25146,"comment_status":"open","ping_status":"open","sticky":false,"template":"","format":"standard","meta":{"footnotes":""},"categories":[27],"tags":[4486,4098],"class_list":["post-25145","post","type-post","status-publish","format-standard","has-post-thumbnail","hentry","category-magazin","tag-dere","tag-kavala"],"_links":{"self":[{"href":"https:\/\/ikimisli.tr\/index.php\/wp-json\/wp\/v2\/posts\/25145","targetHints":{"allow":["GET"]}}],"collection":[{"href":"https:\/\/ikimisli.tr\/index.php\/wp-json\/wp\/v2\/posts"}],"about":[{"href":"https:\/\/ikimisli.tr\/index.php\/wp-json\/wp\/v2\/types\/post"}],"author":[{"embeddable":true,"href":"https:\/\/ikimisli.tr\/index.php\/wp-json\/wp\/v2\/users\/1"}],"replies":[{"embeddable":true,"href":"https:\/\/ikimisli.tr\/index.php\/wp-json\/wp\/v2\/comments?post=25145"}],"version-history":[{"count":1,"href":"https:\/\/ikimisli.tr\/index.php\/wp-json\/wp\/v2\/posts\/25145\/revisions"}],"predecessor-version":[{"id":25149,"href":"https:\/\/ikimisli.tr\/index.php\/wp-json\/wp\/v2\/posts\/25145\/revisions\/25149"}],"wp:featuredmedia":[{"embeddable":true,"href":"https:\/\/ikimisli.tr\/index.php\/wp-json\/wp\/v2\/media\/25146"}],"wp:attachment":[{"href":"https:\/\/ikimisli.tr\/index.php\/wp-json\/wp\/v2\/media?parent=25145"}],"wp:term":[{"taxonomy":"category","embeddable":true,"href":"https:\/\/ikimisli.tr\/index.php\/wp-json\/wp\/v2\/categories?post=25145"},{"taxonomy":"post_tag","embeddable":true,"href":"https:\/\/ikimisli.tr\/index.php\/wp-json\/wp\/v2\/tags?post=25145"}],"curies":[{"name":"wp","href":"https:\/\/api.w.org\/{rel}","templated":true}]}}