{"id":25153,"date":"2025-04-10T20:12:13","date_gmt":"2025-04-10T20:12:13","guid":{"rendered":"https:\/\/ikimisli.tr\/?p=25153"},"modified":"2025-04-10T20:12:13","modified_gmt":"2025-04-10T20:12:13","slug":"akpye-gectiler-tegmenleri-unuttular","status":"publish","type":"post","link":"https:\/\/ikimisli.tr\/index.php\/2025\/04\/10\/akpye-gectiler-tegmenleri-unuttular\/","title":{"rendered":"AKP&#8217;ye ge\u00e7tiler, te\u011fmenleri unuttular"},"content":{"rendered":"<p>Kara Harp Okulu&#8217;nun mezuniyet merasiminde &#8216;Mustafa Kemal&#8217;in askerleriyiz&#8217; slogan\u0131 ile Subay yemini eden ve k\u0131l\u0131\u00e7 \u00e7atan 5 te\u011fmen, Kara Kuvvetleri Y\u00fcksek Disiplin \u015euras\u0131&#8217;n\u0131n verdi\u011fi karar ile T\u00fcrk Silahl\u0131 Kuvvetleri&#8217;nden ihra\u00e7 edildi.<\/p>\n<p>Toplumun geni\u015f kesitlerinden reaksiyonla kar\u015f\u0131la\u015f\u0131lan karara siyaset\u00e7iler, sanatkarlar ve \u00e7ok say\u0131da gazeteci reaksiyon g\u00f6sterirken, ge\u00e7mi\u015fte te\u011fmenlere verdi\u011fi takviye a\u00e7\u0131klamalara ile bilinen Konya Milletvekili \u00dcnal Karaman sessiz kald\u0131. \u00d6te yandan ocak ay\u0131nda UYGUN Parti&#8217;den istifa eden ve ge\u00e7ti\u011fimiz haftalarda AKP&#8217;ye kat\u0131lan K\u00fcr\u015fad G\u00fc\u00e7l\u00fc da ge\u00e7mi\u015fte te\u011fmenlere s\u0131k\u0131 s\u0131k\u0131ya dayanak a\u00e7\u0131klamas\u0131 yapmas\u0131na ra\u011fmen kelam konusu ihra\u00e7 karar\u0131na reaksiyonsuz kald\u0131.\u00a0<\/p>\n<p><img decoding=\"async\" src=\"https:\/\/ikimisli.tr\/wp-content\/uploads\/2025\/04\/akpye-gectiler-tegmenleri-unuttular-0-3uOKs71e.jpg\"\/><\/p>\n<p><strong>AKP \u0130LE ANLA\u015eTI, TE\u011eMENLER\u0130 UNUTTU<\/strong><\/p>\n<p>20 Ocak&#8217;ta \u00c2L\u00c2 Parti&#8217;den istifa eden Konya milletvekili \u00dcnal Karaman&#8217;\u0131n AKP ile anla\u015ft\u0131\u011f\u0131 ve gelecek hafta Cumhurba\u015fkan\u0131 Erdo\u011fan&#8217;\u0131n takaca\u011f\u0131 rozet ile yeni partisine ge\u00e7ece\u011fi belirtilirken, bu s\u00fcre\u00e7te Karaman&#8217;\u0131n te\u011fmenler i\u00e7in sessizli\u011fe b\u00fcr\u00fcnmesi dikkatlerden ka\u00e7mad\u0131.\u00a0<\/p>\n<p>16 Kas\u0131m tarihli payla\u015f\u0131m\u0131nda 5 te\u011fmen i\u00e7in ihra\u00e7 istenmesine sert reaksiyon g\u00f6steren Karaman, \u015fu tabirleri kullanm\u0131\u015ft\u0131:<\/p>\n<p>&#8220;Mustafa Kemal\u2019in askeri olmak ordu millet gelene\u011fimizin beden bulmu\u015f hali olan T\u00fcrk Silahl\u0131 Kuvvetlerimizde ne vakitten beri ihra\u00e7 sebebi oldu? <\/p>\n<p>T\u00fcrkiye Cumhuriyeti Devletimizin kurucusu, T\u00fcrk milletinin halask\u00e2r\u0131, T\u00fcrk ordular\u0131n\u0131n ba\u015fbu\u011fu Gazi Mustafa Kemal Atat\u00fcrk\u2019\u00fcn askeri olmak,1283\u2019\u00fc ebediyen i\u00e7inde g\u00f6ren, milletimizin y\u00fcz ak\u0131 T\u00fcrk te\u011fmenleri i\u00e7in ihra\u00e7 m\u00fcnasebeti de\u011fil, \u00f6m\u00fcr uzunlu\u011fu ta\u015f\u0131yacaklar\u0131 bir onur ni\u015fanesidir.<\/p>\n<p><img decoding=\"async\" src=\"https:\/\/ikimisli.tr\/wp-content\/uploads\/2025\/04\/akpye-gectiler-tegmenleri-unuttular-1-aaSm8bFF.png\"\/><\/p>\n<p>\u00a0Y\u00fcksek Disiplin Kurulu\u2019nun haks\u0131z ve hukuksuz ihra\u00e7 talebini reddederek bu ak\u0131l tutulmas\u0131na bir son vermesi T\u00fcrk milletinin en b\u00fcy\u00fck beklentisidir.&#8221;<\/p>\n<p><strong>K\u00dcR\u015eAD \u015e\u0130DDETL\u0130 DA SESS\u0130Z KALDI\u00a0<\/strong><\/p>\n<p>\u00d6te yandan uzun s\u00fcre boyunca \u0130Y\u0130 Parti S\u00f6zc\u00fcs\u00fc olarak misyon yapan K\u00fcr\u015fad Kuvvetli da ge\u00e7ti\u011fimiz g\u00fcnlerde AKP&#8217;ye kat\u0131lm\u0131\u015ft\u0131. G\u00dcZEL Parti&#8217;de oldu\u011fu s\u00fcre\u00e7te 5 te\u011fmen i\u00e7in istenilen ihra\u00e7 karar\u0131na y\u00f6nelik sert a\u00e7\u0131klamalarda bulunan \u015eiddetli, d\u00fcn verilen TSK&#8217;dan ay\u0131rma cezas\u0131n\u0131n akabinde te\u011fmenler i\u00e7in rastgele bir dayanak payla\u015f\u0131m\u0131nda bulunmad\u0131.\u00a0<\/p>\n","protected":false},"excerpt":{"rendered":"<p>Ocak ay\u0131nda G\u00dcZEL Parti&#8217;den istifa eden milletvekilleri K\u00fcr\u015fad G\u00fc\u00e7l\u00fc ve \u00dcnal Karaman, AKP&#8217;ye kat\u0131lmalar\u0131n\u0131n akabinde te\u011fmenleri unuttu. UYGUN Parti&#8217;de vekillik yapt\u0131\u011f\u0131 s\u00fcre\u00e7te TSK&#8217;dan ay\u0131rma cezas\u0131yla haklar\u0131nda soru\u015fturma y\u00fcr\u00fct\u00fclen 5 te\u011fmen i\u00e7in arka arda dayanak a\u00e7\u0131klamalar\u0131 yapan iki isim, AKP&#8217;ye ge\u00e7i\u015f yapt\u0131klar\u0131 s\u00fcre\u00e7te te\u011fmenler i\u00e7in sessizli\u011fe b\u00fcr\u00fcnd\u00fc.<\/p>\n","protected":false},"author":1,"featured_media":25154,"comment_status":"open","ping_status":"open","sticky":false,"template":"","format":"standard","meta":{"footnotes":""},"categories":[25],"tags":[1321,775,298,1367,163],"class_list":["post-25153","post","type-post","status-publish","format-standard","has-post-thumbnail","hentry","category-gundem","tag-ihrac","tag-kara","tag-millet","tag-tegmenler","tag-turk"],"_links":{"self":[{"href":"https:\/\/ikimisli.tr\/index.php\/wp-json\/wp\/v2\/posts\/25153","targetHints":{"allow":["GET"]}}],"collection":[{"href":"https:\/\/ikimisli.tr\/index.php\/wp-json\/wp\/v2\/posts"}],"about":[{"href":"https:\/\/ikimisli.tr\/index.php\/wp-json\/wp\/v2\/types\/post"}],"author":[{"embeddable":true,"href":"https:\/\/ikimisli.tr\/index.php\/wp-json\/wp\/v2\/users\/1"}],"replies":[{"embeddable":true,"href":"https:\/\/ikimisli.tr\/index.php\/wp-json\/wp\/v2\/comments?post=25153"}],"version-history":[{"count":1,"href":"https:\/\/ikimisli.tr\/index.php\/wp-json\/wp\/v2\/posts\/25153\/revisions"}],"predecessor-version":[{"id":25157,"href":"https:\/\/ikimisli.tr\/index.php\/wp-json\/wp\/v2\/posts\/25153\/revisions\/25157"}],"wp:featuredmedia":[{"embeddable":true,"href":"https:\/\/ikimisli.tr\/index.php\/wp-json\/wp\/v2\/media\/25154"}],"wp:attachment":[{"href":"https:\/\/ikimisli.tr\/index.php\/wp-json\/wp\/v2\/media?parent=25153"}],"wp:term":[{"taxonomy":"category","embeddable":true,"href":"https:\/\/ikimisli.tr\/index.php\/wp-json\/wp\/v2\/categories?post=25153"},{"taxonomy":"post_tag","embeddable":true,"href":"https:\/\/ikimisli.tr\/index.php\/wp-json\/wp\/v2\/tags?post=25153"}],"curies":[{"name":"wp","href":"https:\/\/api.w.org\/{rel}","templated":true}]}}