{"id":25183,"date":"2025-04-10T22:00:07","date_gmt":"2025-04-10T22:00:07","guid":{"rendered":"https:\/\/ikimisli.tr\/?p=25183"},"modified":"2025-04-10T22:00:07","modified_gmt":"2025-04-10T22:00:07","slug":"rekor-ustune-rekor-kirdilar-belcikada-8-ay-sonra-uzlasi-saglandi","status":"publish","type":"post","link":"https:\/\/ikimisli.tr\/index.php\/2025\/04\/10\/rekor-ustune-rekor-kirdilar-belcikada-8-ay-sonra-uzlasi-saglandi\/","title":{"rendered":"Rekor \u00fcst\u00fcne rekor k\u0131rd\u0131lar: Bel\u00e7ika&#8217;da 8 ay sonra uzla\u015f\u0131 sa\u011fland\u0131"},"content":{"rendered":"<p>Bel\u00e7ika&#8217;da se\u00e7imlerin \u00fczerinden ge\u00e7en 236 g\u00fcn\u00fcn akabinde koalisyon g\u00f6r\u00fc\u015fmelerinde uzla\u015f\u0131ya var\u0131ld\u0131.<\/p>\n<p>Kraliyet taraf\u0131ndan yap\u0131lan a\u00e7\u0131klamaya nazaran, h\u00fck\u00fcmeti kurmakla vazifeli Bart De Wever d\u00fcn ak\u015famki g\u00f6r\u00fc\u015fmelerinde Kral Philippe&#8217;ye koalisyon m\u00fczakerelerinde muahede sa\u011fland\u0131\u011f\u0131n\u0131 bildirdi. 236 g\u00fcnd\u00fcr h\u00fck\u00fcmet kurulamayan \u00fclkede \u015fimdiki s\u00fcre\u00e7te partilerin, kabineyi olu\u015fturacak isimler \u00fczerinde mutabakat\u0131 bekleniyor.<\/p>\n<p>Ard\u0131ndan yeni kabine Kral&#8217;\u0131n onay\u0131na sunulacak. Kral&#8217;\u0131n yeni bakanlar\u0131n atamalar\u0131n\u0131 onaylayan kararnameleri imzalamas\u0131n\u0131n sonra ise h\u00fck\u00fcmet i\u00e7in yemin merasimi yap\u0131lacak.<\/p>\n<p>Ayn\u0131 g\u00fcn yeni Ba\u015fbakan, h\u00fck\u00fcmeti ve koalisyon muahedesini Federal Parlamento&#8217;ya sunacak ve h\u00fck\u00fcmet fiilen vazifesine ba\u015flayacak. O vakte kadar mevcut Ba\u015fbakan Alexander de Croo misyonu s\u00fcrd\u00fcrecek.<\/p>\n<p><b>\u00dcLKE 8 AYDIR H\u00dcK\u00dcMETS\u0130Z<\/b><\/p>\n<p>Flaman milliyet\u00e7isi, sa\u011f e\u011filimli Yeni Flaman \u0130ttifak\u0131&#8217;n\u0131n (N-VA) lideri De Wever, 9 Haziran 2024&#8217;te yap\u0131lan genel se\u00e7imlerden birinci \u00e7\u0131km\u0131\u015ft\u0131.<\/p>\n<p>Kral&#8217;dan h\u00fck\u00fcmeti kurma vazifesini devralan De Wever m\u00fczakereleri, &#8220;Arizona koalisyonu&#8221; ismi verilen; liberal &#8220;MR&#8221;, merkez e\u011filimli &#8220;Les Engages&#8221;, sosyalist &#8220;Vooruit&#8221; ile Hristiyan demokrat &#8220;CD&#038;V&#8221;&#8216; partilerinin ba\u015fkanlar\u0131 ile s\u00fcrd\u00fcrd\u00fc.<\/p>\n<p>ABD&#8217;nin Arizona eyaletinin renklerini and\u0131rd\u0131\u011f\u0131 gerek\u00e7esiyle, siyasi yelpazenin farkl\u0131 k\u0131s\u0131mlar\u0131ndan 5 partiyi bulu\u015fturan m\u00fczakere masas\u0131nda en kuvvetli ba\u015fl\u0131k De Wever&#8217;in &#8220;S\u00fcper Not&#8221; ismini verdi\u011fi bir &#8220;sosyoekonomik paket&#8221; oldu.<\/p>\n<p>Taraflar, savunma, g\u00f6\u00e7 ve iltica, iklim, halk s\u0131hhati \u00fczere hususlarda nispeten kolay uzla\u015f\u0131rken, sol e\u011filimli ve liberal partilerin, Bel\u00e7ika&#8217;n\u0131n a\u00e7\u0131k veren b\u00fct\u00e7esi nedeniyle De Wever&#8217;in kemer s\u0131kma tekliflerine kar\u015f\u0131 \u00e7\u0131kmalar\u0131, m\u00fczakerelerin uzun s\u00fcrmesine yol a\u00e7t\u0131.<\/p>\n<p><b>REKOR \u00dcST\u00dcNE REKOR<\/b><\/p>\n<p>Federal sistemle y\u00f6netilen Bat\u0131 Avrupa \u00fclkesi Bel\u00e7ika, daha evvel de \u00e7ok sefer h\u00fck\u00fcmet kurma krizinden ge\u00e7ti.<\/p>\n<p>\u00dc\u00e7 resmi lisan\u0131 olan \u00fclke, federal h\u00fck\u00fcmetin yan\u0131 s\u0131ra Flaman B\u00f6lge H\u00fck\u00fcmeti, Valonya H\u00fck\u00fcmeti, Br\u00fcksel-Ba\u015fkent B\u00f6lgesi H\u00fck\u00fcmeti, Frans\u0131z Toplumu H\u00fck\u00fcmeti, Alman Toplumu H\u00fck\u00fcmeti olmak \u00fczere 6 h\u00fck\u00fcmetle y\u00f6netiliyor.<\/p>\n<p>\u00dclke 1979 se\u00e7imlerinin akabinde 107 g\u00fcn, 1988&#8217;de 148 g\u00fcn, 2007&#8217;de 194 g\u00fcn, 2010&#8217;da 541 g\u00fcn, 2019 se\u00e7imleri sonras\u0131 ise 652 g\u00fcn h\u00fck\u00fcmetsiz kalm\u0131\u015ft\u0131.<\/p>\n<p>Bel\u00e7ika, 2010&#8217;daki se\u00e7imin akabinde &#8220;Bar\u0131\u015f vaktinde h\u00fck\u00fcmetsiz ge\u00e7en en uzun s\u00fcre&#8221; kategorisinde Guinness Rekorlar Kitab\u0131&#8217;na girmi\u015fti.<\/p>\n","protected":false},"excerpt":{"rendered":"<p>Bel\u00e7ika&#8217;da yeni h\u00fck\u00fcmet i\u00e7in 8 ay sonra uzla\u015fma sa\u011fland\u0131. Avrupa Birli\u011fi (AB) ve NATO ba\u015fta olmak \u00fczere bir\u00e7ok memleketler aras\u0131 kurulu\u015fa konut sahipli\u011fi yapan yakla\u015f\u0131k 12 milyon n\u00fcfuslu \u00fclkede h\u00fck\u00fcmet kurulmas\u0131 s\u00fcreci, \u00fcst \u00fcste k\u0131r\u0131lan rekorlar nedeniyle her keresinde d\u00fcnya g\u00fcndemini me\u015fgul ediyor.<\/p>\n","protected":false},"author":1,"featured_media":25184,"comment_status":"open","ping_status":"open","sticky":false,"template":"","format":"standard","meta":{"footnotes":""},"categories":[43],"tags":[89,941,4488,1033,145],"class_list":["post-25183","post","type-post","status-publish","format-standard","has-post-thumbnail","hentry","category-dunya","tag-gun","tag-hukumet","tag-hukumeti","tag-kral","tag-ulke"],"_links":{"self":[{"href":"https:\/\/ikimisli.tr\/index.php\/wp-json\/wp\/v2\/posts\/25183","targetHints":{"allow":["GET"]}}],"collection":[{"href":"https:\/\/ikimisli.tr\/index.php\/wp-json\/wp\/v2\/posts"}],"about":[{"href":"https:\/\/ikimisli.tr\/index.php\/wp-json\/wp\/v2\/types\/post"}],"author":[{"embeddable":true,"href":"https:\/\/ikimisli.tr\/index.php\/wp-json\/wp\/v2\/users\/1"}],"replies":[{"embeddable":true,"href":"https:\/\/ikimisli.tr\/index.php\/wp-json\/wp\/v2\/comments?post=25183"}],"version-history":[{"count":1,"href":"https:\/\/ikimisli.tr\/index.php\/wp-json\/wp\/v2\/posts\/25183\/revisions"}],"predecessor-version":[{"id":25185,"href":"https:\/\/ikimisli.tr\/index.php\/wp-json\/wp\/v2\/posts\/25183\/revisions\/25185"}],"wp:featuredmedia":[{"embeddable":true,"href":"https:\/\/ikimisli.tr\/index.php\/wp-json\/wp\/v2\/media\/25184"}],"wp:attachment":[{"href":"https:\/\/ikimisli.tr\/index.php\/wp-json\/wp\/v2\/media?parent=25183"}],"wp:term":[{"taxonomy":"category","embeddable":true,"href":"https:\/\/ikimisli.tr\/index.php\/wp-json\/wp\/v2\/categories?post=25183"},{"taxonomy":"post_tag","embeddable":true,"href":"https:\/\/ikimisli.tr\/index.php\/wp-json\/wp\/v2\/tags?post=25183"}],"curies":[{"name":"wp","href":"https:\/\/api.w.org\/{rel}","templated":true}]}}