{"id":25221,"date":"2025-04-11T01:24:06","date_gmt":"2025-04-11T01:24:06","guid":{"rendered":"https:\/\/ikimisli.tr\/?p=25221"},"modified":"2025-04-11T01:24:06","modified_gmt":"2025-04-11T01:24:06","slug":"ihrac-edilen-tegmenler-hakkinda-yeni-gelisme-karar-kesinlesirse-tazminat-da-odeyecekler","status":"publish","type":"post","link":"https:\/\/ikimisli.tr\/index.php\/2025\/04\/11\/ihrac-edilen-tegmenler-hakkinda-yeni-gelisme-karar-kesinlesirse-tazminat-da-odeyecekler\/","title":{"rendered":"\u0130hra\u00e7 edilen te\u011fmenler hakk\u0131nda yeni geli\u015fme: Karar kesinle\u015firse tazminat da \u00f6deyecekler"},"content":{"rendered":"<p>30 A\u011fustos 2024&#8217;teki Kara Harp Okulu resmi mezuniyet merasimi sonras\u0131nda te\u011fmenlerin k\u0131l\u0131\u00e7 \u00e7atarak, &#8221;Mustafa Kemal\u2019in askerleriyiz&#8221; slogan\u0131 atmas\u0131n\u0131n akabinde ba\u015flat\u0131lan disiplin soru\u015fturmas\u0131nda be\u015f te\u011fmen, &#8216;T\u00fcrk Silahl\u0131 Kuvvetleri&#8217;nden ay\u0131rma&#8217; cezas\u0131 istemiyle Y\u00fcksek Disiplin Heyeti&#8217;ne sevk edilmi\u015fti. Kara Kuvvetleri Komutanl\u0131\u011f\u0131 Y\u00fcksek Disiplin Kurulu d\u00fcn be\u015f te\u011fmene, \u201cSilahl\u0131 Kuvvetlerden ay\u0131rma cezas\u0131&#8221; verdi.<\/p>\n<p>Milli Savunma Bakanl\u0131\u011f\u0131 internet sitesinden \u201cbas\u0131n a\u00e7\u0131klamas\u0131\u201d halinde duyurulan karar\u0131n m\u00fcnasebeti \u015fimdi te\u011fmenlere ve avukatlar\u0131na bildirim edilmedi. Milli Savunma Bakanl\u0131\u011f\u0131, te\u011fmenlerin \u00fc\u00e7 disiplin amirinin de &#8221;Silahl\u0131 Kuvvetlerden ay\u0131rma cezas\u0131&#8221; ald\u0131\u011f\u0131n\u0131 a\u00e7\u0131klad\u0131.<\/p>\n<p>Bu ortada, YDK\u2019da yap\u0131lan inceleme ve de\u011ferlendirmeler sonucunda, \u00e7o\u011funlu\u011fun &#8221;Silahl\u0131 Kuvvetlerden ay\u0131rma cezas\u0131&#8221; verilmesi taraf\u0131ndaki karar\u0131na birtak\u0131m \u00fcyelerin \u015ferh d\u00fc\u015ft\u00fc\u011f\u00fc, karar\u0131n oy \u00e7oklu\u011fuyla al\u0131nd\u0131\u011f\u0131 \u00f6\u011frenildi.<\/p>\n<p>Y\u00fcksek Disiplin Kurulu Y\u00f6netmeli\u011fine nazaran, ihraca ait gerek\u00e7eli kararda, disiplinsizli\u011fin olu\u015ftu\u011funu g\u00f6steren konular ile karar\u0131n oy \u00e7oklu\u011fu ile al\u0131nd\u0131\u011f\u0131 belirtilecek. Karar, lider ve \u00fcyeler taraf\u0131ndan imzalanacak. Karara kar\u015f\u0131 oy kullanan YDK \u00fcyelerinin, m\u00fcnasebetlerine de kararda yer verilecek.<\/p>\n<p><b>DAVA A\u00c7ILACAK<\/b><\/p>\n<p>\u0130hra\u00e7 karar\u0131n\u0131n yaz\u0131l\u0131 olarak bildiri edilmesi bekleniyor. Y\u00fcksek disiplin heyetleri taraf\u0131ndan verilen &#8221;Silahl\u0131 Kuvvetlerden ay\u0131rma cezalar\u0131na&#8221; kar\u015f\u0131 idari yarg\u0131 yoluna ba\u015fvurulabiliyor.<\/p>\n<p>Te\u011fmenlerin avukatlar\u0131, karar\u0131n yaz\u0131l\u0131 bildiriminin akabinde mevzuyu Y\u00f6netim Mahkemesine ta\u015f\u0131yacak, te\u011fmenlerin TSK\u2019dan ay\u0131rma disiplin cezas\u0131 ile cezaland\u0131r\u0131lmas\u0131 s\u00fcrecinin y\u00fcr\u00fctmesinin durdurulmas\u0131 ve iptaline karar verilmesi istenecek.<\/p>\n<p>Te\u011fmenler ihra\u00e7 karar\u0131n\u0131n nihaile\u015fmesinin akabinde y\u00f6netime tazminat da \u00f6demek zorunda kalacak.<\/p>\n<p>Askeriyeden ayr\u0131lacaklara \u00f6dettirilecek tazminata ait y\u00f6netmelik, her ne sebeple olursa olsun T\u00fcrk Silahl\u0131 Kuvvetlerinden ayr\u0131lanlara, Devlet taraf\u0131ndan yap\u0131lan masraflar, y\u00f6netmelikte yer alan masraflar\u0131 kapsayacak bi\u00e7imde maliyet hesaplamas\u0131 yap\u0131larak tazminat olarak \u00f6dettirilmesini \u00f6ng\u00f6r\u00fcyor.<\/p>\n<p>Bu nedenle te\u011fmenlerden de e\u011fitim, tahsil masraf\u0131ndan do\u011fan alacaklar faiziyle tahsil edilecek.<\/p>\n","protected":false},"excerpt":{"rendered":"<p>Kara Harp Okulu resmi mezuniyet merasimi sonras\u0131nda, k\u0131l\u0131\u00e7 \u00e7atarak, &#8221;Mustafa Kemal\u2019in askerleriyiz&#8221; slogan\u0131 att\u0131klar\u0131 i\u00e7in ihra\u00e7 edilen be\u015f te\u011fmen, gerek\u00e7eli karar\u0131n bildirisini bekliyor. Te\u011fmenlerin avukatlar\u0131, karar\u0131n yaz\u0131l\u0131 bildirisinin akabinde mevzuyu Y\u00f6netim Mahkemesine ta\u015f\u0131yacak. Te\u011fmenler, karara ait yarg\u0131 s\u00fcre\u00e7lerinin tamamlanmas\u0131n\u0131n akabinde, sonucun birebir kalmas\u0131 durumunda, e\u011fitim-\u00f6\u011frenim sarfiyatlar\u0131 i\u00e7in tazminat \u00f6deyecek.<\/p>\n","protected":false},"author":1,"featured_media":25222,"comment_status":"open","ping_status":"open","sticky":false,"template":"","format":"standard","meta":{"footnotes":""},"categories":[25],"tags":[4495,1368,775,919,1367],"class_list":["post-25221","post","type-post","status-publish","format-standard","has-post-thumbnail","hentry","category-gundem","tag-ayirma","tag-disiplin","tag-kara","tag-silahli","tag-tegmenler"],"_links":{"self":[{"href":"https:\/\/ikimisli.tr\/index.php\/wp-json\/wp\/v2\/posts\/25221","targetHints":{"allow":["GET"]}}],"collection":[{"href":"https:\/\/ikimisli.tr\/index.php\/wp-json\/wp\/v2\/posts"}],"about":[{"href":"https:\/\/ikimisli.tr\/index.php\/wp-json\/wp\/v2\/types\/post"}],"author":[{"embeddable":true,"href":"https:\/\/ikimisli.tr\/index.php\/wp-json\/wp\/v2\/users\/1"}],"replies":[{"embeddable":true,"href":"https:\/\/ikimisli.tr\/index.php\/wp-json\/wp\/v2\/comments?post=25221"}],"version-history":[{"count":1,"href":"https:\/\/ikimisli.tr\/index.php\/wp-json\/wp\/v2\/posts\/25221\/revisions"}],"predecessor-version":[{"id":25223,"href":"https:\/\/ikimisli.tr\/index.php\/wp-json\/wp\/v2\/posts\/25221\/revisions\/25223"}],"wp:featuredmedia":[{"embeddable":true,"href":"https:\/\/ikimisli.tr\/index.php\/wp-json\/wp\/v2\/media\/25222"}],"wp:attachment":[{"href":"https:\/\/ikimisli.tr\/index.php\/wp-json\/wp\/v2\/media?parent=25221"}],"wp:term":[{"taxonomy":"category","embeddable":true,"href":"https:\/\/ikimisli.tr\/index.php\/wp-json\/wp\/v2\/categories?post=25221"},{"taxonomy":"post_tag","embeddable":true,"href":"https:\/\/ikimisli.tr\/index.php\/wp-json\/wp\/v2\/tags?post=25221"}],"curies":[{"name":"wp","href":"https:\/\/api.w.org\/{rel}","templated":true}]}}