{"id":25286,"date":"2025-04-11T06:12:10","date_gmt":"2025-04-11T06:12:10","guid":{"rendered":"https:\/\/ikimisli.tr\/?p=25286"},"modified":"2025-04-11T06:12:10","modified_gmt":"2025-04-11T06:12:10","slug":"hadiseden-5-tegmenin-ordudan-ihrac-edilmesine-tepki","status":"publish","type":"post","link":"https:\/\/ikimisli.tr\/index.php\/2025\/04\/11\/hadiseden-5-tegmenin-ordudan-ihrac-edilmesine-tepki\/","title":{"rendered":"Hadise&#8217;den 5 te\u011fmenin ordudan ihra\u00e7 edilmesine tepki"},"content":{"rendered":"<p>30 A\u011fustos 2024&#8217;teki Kara Harp Okullar\u0131 mezuniyet t\u00f6renindeki resmi program sona erdikten sonra te\u011fmenler k\u0131l\u0131\u00e7 \u00e7at\u0131p daima bir a\u011f\u0131zdan &#8220;Mustafa Kemal&#8217;in askerleriyiz&#8221; slogan\u0131 atm\u0131\u015ft\u0131. Devir birincisi Ebru Ero\u011flu liderli\u011finde de &#8216;Subay yemini&#8217; okunmu\u015ftu. <\/p>\n<p>Bu imgeler toplumsal medyada yay\u0131nlan\u0131nca MSB &#8220;Y\u00fcr\u00fcrl\u00fckten kalkan yemin okundu\u011fu ve disiplinsizlik&#8221; gerek\u00e7esiyle inceleme ba\u015flatm\u0131\u015ft\u0131.<\/p>\n<p><img decoding=\"async\" src=\"https:\/\/ikimisli.tr\/wp-content\/uploads\/2025\/04\/hadiseden-5-tegmenin-ordudan-ihrac-edilmesine-tepki-0-aJt3LNIW.jpg\"\/><\/p>\n<p>Daha sonra 5 te\u011fmen ile amirleri pozisyonundaki 3 subay disiplin \u015furas\u0131na sevk edilmi\u015fti.<\/p>\n<p>Te\u011fmenler bu geli\u015fmenin akabinde &#8220;Mustafa Kemal&#8217;in askeri olmaktan onur duyuyoruz&#8221; a\u00e7\u0131klamas\u0131 yapm\u0131\u015ft\u0131.<\/p>\n<p><b>MSB&#8217;DEN \u0130HRA\u00c7 A\u00c7IKLAMASI YAPILDI<\/b><\/p>\n<p>Milli Savunma Bakanl\u0131\u011f\u0131&#8217;ndan (MSB) d\u00fcn yap\u0131lan a\u00e7\u0131klamada 5 te\u011fmen ve 3 disiplin amiri i\u00e7in TSK&#8217;dan ihra\u00e7 karar\u0131 verildi\u011fi duyuruldu.<\/p>\n<p>MSB&#8217;nin ihra\u00e7 a\u00e7\u0131klamas\u0131n\u0131n tamam\u0131 \u015f\u00f6yle:<\/p>\n<p>&#8220;Ba\u015flat\u0131lan idari ve disiplin soru\u015fturmalar\u0131 kapsam\u0131nda; Ulusal Savunma Bakanl\u0131\u011f\u0131 Y\u00fcksek Disiplin Kurulu taraf\u0131ndan s\u0131ral\u0131 3 disiplin amirine, Kara Kuvvetleri Y\u00fcksek Disiplin Kurulu taraf\u0131ndan 5 te\u011fmene T\u00fcrk Silahl\u0131 Kuvvetleri Disiplin Kanunu ve T\u00fcrk Silahl\u0131 Kuvvetleri Y\u00fcksek Disiplin Konseyleri Y\u00f6netmeli\u011fi amir kararlar\u0131 ile \u00f6b\u00fcr mezk\u00fbr mevzuat mucibince &#8216;Silahl\u0131 Kuvvetlerden Ay\u0131rma Cezas\u0131&#8217; verilmi\u015ftir. \u00d6nceli\u011fi m\u00fcesses disiplinin korumas\u0131 ve idamesi olan T\u00fcrk Silahl\u0131 Kuvvetlerimizde; disipline kar\u015f\u0131t hi\u00e7bir hareket, olay ve duruma m\u00fcsamaha g\u00f6sterilmeyece\u011finden en ufak bir ku\u015fku duyulmamal\u0131d\u0131r.&#8221;<\/p>\n<p>\u0130hra\u00e7 edilen te\u011fmenler ise yans\u0131lar\u0131n\u0131 \u015fu s\u00f6zlerle lisana getirdi:  &#8220;Bekledi\u011fimiz \u015feydi. Vatan sa\u011f olsun. Birinci g\u00fcn durdu\u011fumuz yerde durmaya devam edece\u011fiz. Harp Okuluna girerken de Atat\u00fcrk&#8217;\u00fcn \u0131\u015f\u0131\u011f\u0131nda girdik. Bundan sonra da Ulu Liderimiz Mustafa Kemal Atat\u00fcrk&#8217;\u00fcn \u0131\u015f\u0131\u011f\u0131nda y\u00fcr\u00fcmeye devam edece\u011fiz. T\u00fcrel b\u00fct\u00fcn haklar\u0131m\u0131z\u0131 sonuna kadar kullanaca\u011f\u0131z ve gururlu \u00fcniformam\u0131z\u0131 tekrar giyece\u011fiz.&#8221;<\/p>\n<p><img decoding=\"async\" src=\"https:\/\/ikimisli.tr\/wp-content\/uploads\/2025\/04\/hadiseden-5-tegmenin-ordudan-ihrac-edilmesine-tepki-1-R4RjAr87.jpg\"\/><\/p>\n<p><b>HAD\u0130SE: MUSTAFA KEMAL&#8217;\u0130N ASKERLER\u0130Y\u0130Z<\/b><\/p>\n<p>Sosyal medyadan bu karara reaksiyon ya\u011farken te\u011fmenlere takviye bildirileri geldi. M\u00fczik\u00e7i Hadise&#8217;de Instagram hesab\u0131ndan yapt\u0131\u011f\u0131 payl\u015fa\u0131mda Hadise, &#8220;Mustafa Kemal&#8217;in ismini gururla ananlar\u0131n cezaland\u0131r\u0131ld\u0131\u011f\u0131 bir \u00fclkede ya\u015f\u0131yor olmak \u00fcz\u00fcc\u00fc ve d\u00fc\u015f\u00fcnd\u00fcr\u00fcc\u00fc. Atat\u00fcrk&#8217;e ve onun miras\u0131na sahip \u00e7\u0131kmak hata de\u011fildir. Mustafa Kemal&#8217;in askerleriyiz! tabirlerini kulland\u0131.<\/p>\n<p><img decoding=\"async\" src=\"https:\/\/ikimisli.tr\/wp-content\/uploads\/2025\/04\/hadiseden-5-tegmenin-ordudan-ihrac-edilmesine-tepki-2-KAVBKPm3.jpeg\"\/><\/p>\n","protected":false},"excerpt":{"rendered":"<p>30 A\u011fustos 2024&#8217;teki Kara Harp Okullar\u0131 mezuniyet merasiminde &#8220;Mustafa Kemal&#8217;in askerleriyiz&#8221; diyerek ant i\u00e7en 5 te\u011fmenin TSK&#8217;dan ihra\u00e7 edilmesine m\u00fczik Hadise reaksiyon g\u00f6sterdi.<\/p>\n","protected":false},"author":1,"featured_media":25287,"comment_status":"open","ping_status":"open","sticky":false,"template":"","format":"standard","meta":{"footnotes":""},"categories":[27],"tags":[1368,2987,2560],"class_list":["post-25286","post","type-post","status-publish","format-standard","has-post-thumbnail","hentry","category-magazin","tag-disiplin","tag-mustafa-kemal","tag-tegmen"],"_links":{"self":[{"href":"https:\/\/ikimisli.tr\/index.php\/wp-json\/wp\/v2\/posts\/25286","targetHints":{"allow":["GET"]}}],"collection":[{"href":"https:\/\/ikimisli.tr\/index.php\/wp-json\/wp\/v2\/posts"}],"about":[{"href":"https:\/\/ikimisli.tr\/index.php\/wp-json\/wp\/v2\/types\/post"}],"author":[{"embeddable":true,"href":"https:\/\/ikimisli.tr\/index.php\/wp-json\/wp\/v2\/users\/1"}],"replies":[{"embeddable":true,"href":"https:\/\/ikimisli.tr\/index.php\/wp-json\/wp\/v2\/comments?post=25286"}],"version-history":[{"count":1,"href":"https:\/\/ikimisli.tr\/index.php\/wp-json\/wp\/v2\/posts\/25286\/revisions"}],"predecessor-version":[{"id":25291,"href":"https:\/\/ikimisli.tr\/index.php\/wp-json\/wp\/v2\/posts\/25286\/revisions\/25291"}],"wp:featuredmedia":[{"embeddable":true,"href":"https:\/\/ikimisli.tr\/index.php\/wp-json\/wp\/v2\/media\/25287"}],"wp:attachment":[{"href":"https:\/\/ikimisli.tr\/index.php\/wp-json\/wp\/v2\/media?parent=25286"}],"wp:term":[{"taxonomy":"category","embeddable":true,"href":"https:\/\/ikimisli.tr\/index.php\/wp-json\/wp\/v2\/categories?post=25286"},{"taxonomy":"post_tag","embeddable":true,"href":"https:\/\/ikimisli.tr\/index.php\/wp-json\/wp\/v2\/tags?post=25286"}],"curies":[{"name":"wp","href":"https:\/\/api.w.org\/{rel}","templated":true}]}}