{"id":25357,"date":"2025-04-11T10:36:08","date_gmt":"2025-04-11T10:36:08","guid":{"rendered":"https:\/\/ikimisli.tr\/?p=25357"},"modified":"2025-04-11T10:36:08","modified_gmt":"2025-04-11T10:36:08","slug":"narinin-annesi-ve-agabeyi-icin-yeni-karar","status":"publish","type":"post","link":"https:\/\/ikimisli.tr\/index.php\/2025\/04\/11\/narinin-annesi-ve-agabeyi-icin-yeni-karar\/","title":{"rendered":"Narin&#8217;in annesi ve a\u011fabeyi i\u00e7in yeni karar"},"content":{"rendered":"<p>Diyarbak\u0131r&#8217;da, Narin G\u00fcran cinayetine ait mahkemece \u2018\u0130\u015ftirak halinde \u00e7ocu\u011fa kar\u015f\u0131 taamm\u00fcden \u00f6ld\u00fcrme\u2019 hatas\u0131ndan a\u011f\u0131rla\u015ft\u0131r\u0131lm\u0131\u015f m\u00fcebbet cezas\u0131 verilen a\u011fabeyi Enes G\u00fcran ve annesi Y\u00fcksel G\u00fcran, tutuklu bulunduklar\u0131 cezaevinden di\u011fer cezaevlerine sevk edildi.<\/p>\n<p><img decoding=\"async\" src=\"https:\/\/ikimisli.tr\/wp-content\/uploads\/2025\/04\/narinin-annesi-ve-agabeyi-icin-yeni-karar-0-XrftPp32.jpg\"\/><\/p>\n<p>Ba\u011flar il\u00e7esi k\u0131rsal Tav\u015fantepe Mahallesi&#8217;nde 21 A\u011fustos&#8217;ta kaybolduktan sonra arama \u00e7al\u0131\u015fmalar\u0131n\u0131n 19&#8217;uncu g\u00fcn\u00fcnde dere yata\u011f\u0131nda \u00e7uvalda, \u00fczeri 30, 25 ve 20 kilo y\u00fck\u00fcndeki 3 ta\u015fla kapat\u0131l\u0131p, \u00e7al\u0131l\u0131klarla gizlenmi\u015f halde cans\u0131z v\u00fccudu bulunan Narin G\u00fcran&#8217;\u0131n cinayetine ait tutuklanan 12 bireyden 4&#8217;\u00fc hakk\u0131nda, Diyarbak\u0131r 8&#8217;inci A\u011f\u0131r Ceza Mahkemesi&#8217;nde dava a\u00e7\u0131ld\u0131. Diyarbak\u0131r Cumhuriyet Ba\u015fsavc\u0131l\u0131\u011f\u0131 taraf\u0131ndan haz\u0131rlanan iddianamede; arac\u0131nda Narin&#8217;e ili\u015fkin DNA ve k\u0131l \u00f6rne\u011fi bulunan amcas\u0131 Salim G\u00fcran, annesi Y\u00fcksel G\u00fcran ve a\u011fabeyi Enes G\u00fcran ile g\u00f6zalt\u0131na al\u0131nd\u0131ktan sonra cesedi dere yata\u011f\u0131na ta\u015f\u0131d\u0131\u011f\u0131n\u0131 itiraf eden kom\u015fular\u0131 Nevzat Bahtiyar hakk\u0131nda, HTS ve baz istasyonu kay\u0131tlar\u0131na nazaran, olay an\u0131nda t\u0131pk\u0131 meskende olduklar\u0131 tespit edildi\u011fi belirtilerek, &#8216;\u0130\u015ftirak halinde \u00e7ocu\u011fa kar\u015f\u0131 taamm\u00fcden \u00f6ld\u00fcrme&#8217; hatas\u0131ndan a\u011f\u0131rla\u015ft\u0131r\u0131lm\u0131\u015f m\u00fcebbet mahpus cezas\u0131 istendi. Davan\u0131n 26 Aral\u0131k&#8217;ta ba\u015flayan ve 28 Aral\u0131k\u2019ta sona eren 2&#8217;nci duru\u015fmas\u0131nda Salim G\u00fcran, Enes G\u00fcran ve Y\u00fcksel G\u00fcran\u2019a \u2018\u0130\u015ftirak halinde \u00e7ocu\u011fa kar\u015f\u0131 taamm\u00fcden \u00f6ld\u00fcrme\u2019 c\u00fcrm\u00fcnden a\u011f\u0131rla\u015ft\u0131r\u0131lm\u0131\u015f m\u00fcebbet, Nevzat Bahtiyar\u2019a ise \u2018Su\u00e7 kan\u0131tlar\u0131n\u0131 yok etme, gizleme yahut de\u011fi\u015ftirme\u2019 kabahatinden 4 y\u0131l 6 ay mahpus cezas\u0131 verildi. Mahkeme, san\u0131klar\u0131n tutukluluk halinin devam\u0131na h\u00fckmetti.<\/p>\n<p><b>ANNE VE A\u011eABEY \u00d6B\u00dcR CEZAEVLER\u0130NE SEVK ED\u0130LD\u0130LER<\/b><\/p>\n<p>Narin G\u00fcran\u2019\u0131n annesi Y\u00fcksel G\u00fcran ile a\u011fabeyi Enes G\u00fcran, tutuklu bulunduklar\u0131 cezaevinden \u00f6teki cezaevlerine sevk edildi. Avukat Y\u0131lmaz Demiro\u011flu, sosyal medya hesab\u0131ndan yapt\u0131\u011f\u0131 payla\u015f\u0131mda anne Y\u00fcksel G\u00fcran\u2019\u0131n \u00f6b\u00fcr bir vilayetteki cezaevine sevk edildi\u011fini belirterek, \u201cAnneyi \u00f6teki bir vilayetteki cezaevine sevk etmi\u015fler. K\u00fc\u00e7\u00fcc\u00fck \u00e7ocuklar\u0131n annesi ile g\u00f6r\u00fc\u015fmesinin \u00f6n\u00fcne p\u00fcr\u00fcz uzakl\u0131klar olu\u015fturulabilir. Ne yap\u0131l\u0131rsa yap\u0131ls\u0131n adaletin terazisinin \u015fa\u015fmaz oldu\u011funu biliyoruz. Tarih bu fikri ve uygulamay\u0131 benimseyenleri kesinlikle yazacak\u201d dedi.<\/p>\n<p>A\u011fabey Enes G\u00fcran\u2019\u0131n avukat\u0131 Uzman Akbilek ise payla\u015f\u0131m\u0131nda, \u201cM\u00fcvekkil Enes G\u00fcran, sabah saatleri prestiji ile tutuklu bulundu\u011fu Diyarbak\u0131r 1 No\u2019lu T Tipi Kapal\u0131 Ceza \u0130nfaz Kurumu\u2019ndan al\u0131narak, \u015fimdi tespit edemedi\u011fimiz \u00f6teki bir cezaevine nakledilmi\u015ftir. M\u00fcvekkilimiz, karar giymemi\u015f olup; mahall\u00ee mahkemece verilen karar \u015fimdi ilgili BAM (B\u00f6lge Adliye Mahkemesi) ceza dairesine intikal etmemi\u015fken verilen idari karar san\u0131\u011f\u0131n devam etmekte olan ma\u011fduriyetini kat be kat artt\u0131racak niteliktedir\u201d s\u00f6zlerini kulland\u0131.<\/p>\n<p><img decoding=\"async\" src=\"https:\/\/ikimisli.tr\/wp-content\/uploads\/2025\/04\/narinin-annesi-ve-agabeyi-icin-yeni-karar-1-RpvlCTzF.jpg\"\/><\/p>\n<p><img decoding=\"async\" src=\"https:\/\/ikimisli.tr\/wp-content\/uploads\/2025\/04\/narinin-annesi-ve-agabeyi-icin-yeni-karar-2-dPD8XXCB.jpg\"\/><\/p>\n","protected":false},"excerpt":{"rendered":"<p>Diyarbak\u0131r&#8217;da Narin G\u00fcran cinayetine ait g\u00f6r\u00fclen davada a\u011f\u0131rla\u015ft\u0131r\u0131lm\u0131\u015f m\u00fcebbet cezas\u0131 verilen a\u011fabeyi Enes G\u00fcran ve anne Y\u00fcksel G\u00fcran, tutuklu bulunduklar\u0131 cezaevinden \u00f6teki cezaevlerine sevk edildi.<\/p>\n","protected":false},"author":1,"featured_media":25358,"comment_status":"open","ping_status":"open","sticky":false,"template":"","format":"standard","meta":{"footnotes":""},"categories":[25],"tags":[4517,536,1761,53,4516],"class_list":["post-25357","post","type-post","status-publish","format-standard","has-post-thumbnail","hentry","category-gundem","tag-agabey","tag-agir","tag-anne","tag-ceza","tag-enes-guran"],"_links":{"self":[{"href":"https:\/\/ikimisli.tr\/index.php\/wp-json\/wp\/v2\/posts\/25357","targetHints":{"allow":["GET"]}}],"collection":[{"href":"https:\/\/ikimisli.tr\/index.php\/wp-json\/wp\/v2\/posts"}],"about":[{"href":"https:\/\/ikimisli.tr\/index.php\/wp-json\/wp\/v2\/types\/post"}],"author":[{"embeddable":true,"href":"https:\/\/ikimisli.tr\/index.php\/wp-json\/wp\/v2\/users\/1"}],"replies":[{"embeddable":true,"href":"https:\/\/ikimisli.tr\/index.php\/wp-json\/wp\/v2\/comments?post=25357"}],"version-history":[{"count":1,"href":"https:\/\/ikimisli.tr\/index.php\/wp-json\/wp\/v2\/posts\/25357\/revisions"}],"predecessor-version":[{"id":25362,"href":"https:\/\/ikimisli.tr\/index.php\/wp-json\/wp\/v2\/posts\/25357\/revisions\/25362"}],"wp:featuredmedia":[{"embeddable":true,"href":"https:\/\/ikimisli.tr\/index.php\/wp-json\/wp\/v2\/media\/25358"}],"wp:attachment":[{"href":"https:\/\/ikimisli.tr\/index.php\/wp-json\/wp\/v2\/media?parent=25357"}],"wp:term":[{"taxonomy":"category","embeddable":true,"href":"https:\/\/ikimisli.tr\/index.php\/wp-json\/wp\/v2\/categories?post=25357"},{"taxonomy":"post_tag","embeddable":true,"href":"https:\/\/ikimisli.tr\/index.php\/wp-json\/wp\/v2\/tags?post=25357"}],"curies":[{"name":"wp","href":"https:\/\/api.w.org\/{rel}","templated":true}]}}