{"id":25381,"date":"2025-04-11T12:12:07","date_gmt":"2025-04-11T12:12:07","guid":{"rendered":"https:\/\/ikimisli.tr\/?p=25381"},"modified":"2025-04-11T12:12:07","modified_gmt":"2025-04-11T12:12:07","slug":"sedat-peker-universiteden-mezun-oldu-okudugu-bolum-dikkat-cekti","status":"publish","type":"post","link":"https:\/\/ikimisli.tr\/index.php\/2025\/04\/11\/sedat-peker-universiteden-mezun-oldu-okudugu-bolum-dikkat-cekti\/","title":{"rendered":"Sedat Peker \u00fcniversiteden mezun oldu: Okudu\u011fu b\u00f6l\u00fcm dikkat \u00e7ekti"},"content":{"rendered":"<p>2021 y\u0131l\u0131nda siyaset ve c\u00fcr\u00fcm d\u00fcnyas\u0131na y\u00f6nelik a\u011f\u0131r ithamlarda ve itiraflarda bulundu\u011fu payla\u015f\u0131mlar ile g\u00fcndeme gelen su\u00e7 \u00f6rg\u00fct\u00fc lideri Sedat Peker, \u00e7ok say\u0131da \u00fclkeyi dola\u015ft\u0131ktan sonra Birle\u015fik Arap Emirlikleri&#8217;ne (BAE) gitmi\u015f ve burada ikamet etmeye ba\u015flam\u0131\u015ft\u0131. <\/p>\n<p>Devam eden s\u00fcre\u00e7te hakk\u0131nda k\u0131rm\u0131z\u0131 b\u00fclten ile yakalama karar\u0131 \u00e7\u0131kar\u0131lan ve bir\u00e7ok sefer T\u00fcrk yetkililerin BAE ile temasta bulunmas\u0131na yol a\u00e7an Peker, ailesiyle birlikte s\u00fcrd\u00fcrd\u00fc\u011f\u00fc yeni hayat\u0131na bir \u00fcniversite diplomas\u0131 ekledi. <\/p>\n<p><img decoding=\"async\" src=\"https:\/\/ikimisli.tr\/wp-content\/uploads\/2025\/04\/sedat-peker-universiteden-mezun-oldu-okudugu-bolum-dikkat-cekti-0-9UUwcIM5.jpg\"\/><\/p>\n<p><strong>A\u0130LES\u0130YLE B\u0130RL\u0130KTE MEZUN\u0130YET FOTO\u011eRAFI PAYLA\u015eTI <\/strong><\/p>\n<p>Sedat Peker&#8217;in o\u011flu Bo\u011fa\u00e7han Talha Peker, toplumsal medya hesab\u0131ndan yapt\u0131\u011f\u0131 payla\u015f\u0131mda &#8220;Babam\u0131n mezuniyet yeme\u011findeyiz. \u0130n\u015fallah ben de senin m\u00fcsaadeden gidip, \u00fcniversitede Milletleraras\u0131 \u0130lgiler k\u0131sm\u0131ndan mezun olabilirim. Seninle \u00e7ok gurur duyuyorum can\u0131m babam&#8221; tabirlerini kulland\u0131. <\/p>\n<p><img decoding=\"async\" src=\"https:\/\/ikimisli.tr\/wp-content\/uploads\/2025\/04\/sedat-peker-universiteden-mezun-oldu-okudugu-bolum-dikkat-cekti-1-veqZbWDE.jpg\"\/><\/p>\n<p><strong>ENTELEKT\u00dcEL A\u00c7IKLAMALARI \u0130LE \u015eA\u015eIRTMI\u015eTI<\/strong><\/p>\n<p>Peker, yay\u0131nlad\u0131\u011f\u0131 if\u015fa g\u00f6r\u00fcnt\u00fclerinde bir\u00e7ok kere memleketler aras\u0131 alakalar, irtibat kuramlar\u0131 ve psikoloji \u00fczere alanlara y\u00f6nelik \u00e7arp\u0131c\u0131 at\u0131flarda bulunmu\u015f, kabahat d\u00fcnyas\u0131nda al\u0131\u015f\u0131lm\u0131\u015f\u0131n bilakis entelekt\u00fcel bir ki\u015filik sergileyerek milyonlarca \u015fah\u0131sta \u015fa\u015fk\u0131nl\u0131\u011fa neden olmu\u015ftu. <\/p>\n<p>T\u00fcrkiye&#8217;de bilindi\u011fi kadar\u0131yla Kad\u0131k\u00f6y \u0130nta\u015f Lisesi&#8217;nde tahsilini tamamlayan ve rastgele bir \u00fcniversite e\u011fitimi g\u00f6rmeyen Peker, 53 ya\u015f\u0131nda \u00fcniversite diplomas\u0131 sahibi oldu. Peker&#8217;in hangi \u00fcniversitede e\u011fitim g\u00f6rd\u00fc\u011f\u00fc ise \u015fimdi bilinmiyor. <\/p>\n","protected":false},"excerpt":{"rendered":"<p>Birle\u015fik Arap Emirlikleri&#8217;nde ya\u015fayan ve hakk\u0131nda k\u0131rm\u0131z\u0131 b\u00fcltenle yakalama karar\u0131 bulunan su\u00e7 \u00f6rg\u00fct\u00fc lideri Sedat Peker, \u00fcniversite mezunu oldu. BAE&#8217;de Memleketler aras\u0131 M\u00fcnasebetler k\u0131sm\u0131 tahsilini tamamlayan Peker, ailesiyle birlikte mezuniyet pozu verdi.<\/p>\n","protected":false},"author":1,"featured_media":25382,"comment_status":"open","ping_status":"open","sticky":false,"template":"","format":"standard","meta":{"footnotes":""},"categories":[25],"tags":[4519,576],"class_list":["post-25381","post","type-post","status-publish","format-standard","has-post-thumbnail","hentry","category-gundem","tag-peker","tag-universite"],"_links":{"self":[{"href":"https:\/\/ikimisli.tr\/index.php\/wp-json\/wp\/v2\/posts\/25381","targetHints":{"allow":["GET"]}}],"collection":[{"href":"https:\/\/ikimisli.tr\/index.php\/wp-json\/wp\/v2\/posts"}],"about":[{"href":"https:\/\/ikimisli.tr\/index.php\/wp-json\/wp\/v2\/types\/post"}],"author":[{"embeddable":true,"href":"https:\/\/ikimisli.tr\/index.php\/wp-json\/wp\/v2\/users\/1"}],"replies":[{"embeddable":true,"href":"https:\/\/ikimisli.tr\/index.php\/wp-json\/wp\/v2\/comments?post=25381"}],"version-history":[{"count":1,"href":"https:\/\/ikimisli.tr\/index.php\/wp-json\/wp\/v2\/posts\/25381\/revisions"}],"predecessor-version":[{"id":25385,"href":"https:\/\/ikimisli.tr\/index.php\/wp-json\/wp\/v2\/posts\/25381\/revisions\/25385"}],"wp:featuredmedia":[{"embeddable":true,"href":"https:\/\/ikimisli.tr\/index.php\/wp-json\/wp\/v2\/media\/25382"}],"wp:attachment":[{"href":"https:\/\/ikimisli.tr\/index.php\/wp-json\/wp\/v2\/media?parent=25381"}],"wp:term":[{"taxonomy":"category","embeddable":true,"href":"https:\/\/ikimisli.tr\/index.php\/wp-json\/wp\/v2\/categories?post=25381"},{"taxonomy":"post_tag","embeddable":true,"href":"https:\/\/ikimisli.tr\/index.php\/wp-json\/wp\/v2\/tags?post=25381"}],"curies":[{"name":"wp","href":"https:\/\/api.w.org\/{rel}","templated":true}]}}