{"id":25463,"date":"2025-04-11T17:00:05","date_gmt":"2025-04-11T17:00:05","guid":{"rendered":"https:\/\/ikimisli.tr\/?p=25463"},"modified":"2025-04-11T17:00:05","modified_gmt":"2025-04-11T17:00:05","slug":"ortada-emir-yok-ki-itaatsizlik-olsun","status":"publish","type":"post","link":"https:\/\/ikimisli.tr\/index.php\/2025\/04\/11\/ortada-emir-yok-ki-itaatsizlik-olsun\/","title":{"rendered":"Ortada emir yok ki itaatsizlik olsun"},"content":{"rendered":"<p>Te\u011fmenler Ebru Ero\u011flu, Batuhan Gazi K\u0131l\u0131\u00e7, Deniz Demirta\u015f, Serhat G\u00fcndar ve \u0130zzet Akarsu i\u00e7in \u2018emre itaatsizlik\u2019 denilerek \u2018disiplinsizlik\u2019 ihra\u00e7 karar\u0131 verildi. Te\u011fmenlerin amirleri Alay Kumandan Vekili Albay Alper Topsakal, Tabur Kumandan\u0131 Yarbay Halit T\u00fcrko\u011flu ve B\u00f6l\u00fck Kumandan\u0131 Binba\u015f\u0131 Murat \u00d6zt\u00fcrk ise \u2018te\u011fmenlere buyruk vermeyerek disiplinsizli\u011fi \u00f6nlemedikleri\u2019 gerek\u00e7esiyle ihra\u00e7 edildi. Ortada buyruk olmad\u0131\u011f\u0131 halde emre itaatsizlik c\u00fcrm\u00fc olu\u015fmas\u0131 tart\u0131\u015fma yaratt\u0131.<\/p>\n<p><strong>AYKIRI B\u0130R TUTUM<\/strong><\/p>\n<p>\u201cMustafa Kemal\u2019in askerleriyiz\u201d diyen te\u011fmenleri savunan 12 avukat ad\u0131na a\u00e7\u0131klama yapan Nam\u0131k \u00d6zt\u00fcrk, \u015funlar\u0131 s\u00f6yledi: Buyruk yoksa, emre itaatsizlik kabahati nas\u0131l olu\u015fabilir? Merasim sonras\u0131 i\u00e7in de rastgele bir buyruk verilmedi. Bu durumda emre itaatsizlik \u00fczere bir durum da kelam konusu de\u011fil. Be\u015f te\u011fmenimiz hakk\u0131nda verilen \u201cTSK\u2019dan ay\u0131rma\u201d cezas\u0131 (ihra\u00e7), \u015fimdi muhataplar\u0131na resmi olarak bildiri edilmeden, devlet geleneklerine ters bir tav\u0131r ve b\u00fcy\u00fck bir ciddiyetsizlikle bas\u0131n a\u00e7\u0131klamas\u0131 olarak kamuoyuna duyurulmu\u015ftur.<\/p>\n<p><strong>TAZM\u0130NAT R\u0130SK\u0130 DE VAR<\/strong><\/p>\n<p>Be\u015f te\u011fmen, gerek\u00e7eli karar\u0131n bildirimini bekliyor. Te\u011fmenlerin avukatlar\u0131, karar\u0131n yaz\u0131l\u0131 bildirisinin akabinde mevzuyu Y\u00f6netim Mahkemesi\u2019ne ta\u015f\u0131yacak. Te\u011fmenler ihra\u00e7 karar\u0131n\u0131n nihaile\u015fmesinin akabinde y\u00f6netime tazminat da \u00f6demek zorunda kalacak. Askeriyeden ayr\u0131lacaklara \u00f6dettirilecek tazminata ait y\u00f6netmelik; her ne sebeple olursa olsun TSK\u2019dan ayr\u0131lanlara, devlet taraf\u0131ndan yap\u0131lan masraflar, y\u00f6netmelikte yer alan sarfiyatlar\u0131 kapsayacak bi\u00e7imde maliyet hesaplamas\u0131 yap\u0131larak tazminat olarak \u00f6dettirilmesini \u00f6ng\u00f6r\u00fcyor.<\/p>\n","protected":false},"excerpt":{"rendered":"<p>Be\u015f te\u011fmen ve amirleri \u00fc\u00e7 subay\u0131n TSK\u2019dan at\u0131lmas\u0131 hukuk katliam\u0131 olarak tarihe ge\u00e7ti. Te\u011fmenler, verilmeyen emre itaatsizlikten; subaylar buyruk vermemekten ihra\u00e7 edildi.<\/p>\n","protected":false},"author":1,"featured_media":25464,"comment_status":"open","ping_status":"open","sticky":false,"template":"","format":"standard","meta":{"footnotes":""},"categories":[25],"tags":[1367],"class_list":["post-25463","post","type-post","status-publish","format-standard","has-post-thumbnail","hentry","category-gundem","tag-tegmenler"],"_links":{"self":[{"href":"https:\/\/ikimisli.tr\/index.php\/wp-json\/wp\/v2\/posts\/25463","targetHints":{"allow":["GET"]}}],"collection":[{"href":"https:\/\/ikimisli.tr\/index.php\/wp-json\/wp\/v2\/posts"}],"about":[{"href":"https:\/\/ikimisli.tr\/index.php\/wp-json\/wp\/v2\/types\/post"}],"author":[{"embeddable":true,"href":"https:\/\/ikimisli.tr\/index.php\/wp-json\/wp\/v2\/users\/1"}],"replies":[{"embeddable":true,"href":"https:\/\/ikimisli.tr\/index.php\/wp-json\/wp\/v2\/comments?post=25463"}],"version-history":[{"count":1,"href":"https:\/\/ikimisli.tr\/index.php\/wp-json\/wp\/v2\/posts\/25463\/revisions"}],"predecessor-version":[{"id":25465,"href":"https:\/\/ikimisli.tr\/index.php\/wp-json\/wp\/v2\/posts\/25463\/revisions\/25465"}],"wp:featuredmedia":[{"embeddable":true,"href":"https:\/\/ikimisli.tr\/index.php\/wp-json\/wp\/v2\/media\/25464"}],"wp:attachment":[{"href":"https:\/\/ikimisli.tr\/index.php\/wp-json\/wp\/v2\/media?parent=25463"}],"wp:term":[{"taxonomy":"category","embeddable":true,"href":"https:\/\/ikimisli.tr\/index.php\/wp-json\/wp\/v2\/categories?post=25463"},{"taxonomy":"post_tag","embeddable":true,"href":"https:\/\/ikimisli.tr\/index.php\/wp-json\/wp\/v2\/tags?post=25463"}],"curies":[{"name":"wp","href":"https:\/\/api.w.org\/{rel}","templated":true}]}}