{"id":25496,"date":"2025-04-11T19:00:08","date_gmt":"2025-04-11T19:00:08","guid":{"rendered":"https:\/\/ikimisli.tr\/?p=25496"},"modified":"2025-04-11T19:00:08","modified_gmt":"2025-04-11T19:00:08","slug":"marketlerde-artik-kahverengi-yumurta-satilmayacak-iste-nedeni","status":"publish","type":"post","link":"https:\/\/ikimisli.tr\/index.php\/2025\/04\/11\/marketlerde-artik-kahverengi-yumurta-satilmayacak-iste-nedeni\/","title":{"rendered":"Marketlerde art\u0131k kahverengi yumurta sat\u0131lmayacak: \u0130\u015fte nedeni"},"content":{"rendered":"<p>Marketlerde al\u0131\u015fveri\u015f yaparken ekseriyetle beyaz ve kahverengi yumurtalar ortas\u0131nda tercih yapar\u0131z ama \u00a0bu se\u00e7im k\u0131sa m\u00fchlet i\u00e7inde de\u011fi\u015fecek.\u00a0<\/p>\n<p>Art\u013149&#8217;da yer alan habere nazaran, Alman Yumurta \u00dcreticileri Federal Birli\u011fi Lideri Henner Sch\u00f6necke, \u201c\u015eu anda kahverengi yumurtalar\u0131n say\u0131s\u0131 azal\u0131yor ve yak\u0131n gelecekte muhtemelen b\u00fcsb\u00fct\u00fcn ortadan kalkacak\u201d halinde s\u00f6zlere yer verdi. Yumurtalar\u0131n rengi, tavuklar\u0131n t\u00fcy renginden ba\u011f\u0131ms\u0131z olarak genetik fakt\u00f6rlere ba\u011fl\u0131d\u0131r. Tavuk \u0131rklar\u0131, kulak disklerinin renginden ay\u0131rt edilebilir lakin bu durumun tek fark\u0131 bu de\u011fil.\u00a0<\/p>\n<p><b>BU DE\u011e\u0130\u015e\u0130M\u0130N TAMAMLANMASI 5 YIL S\u00dcRECEK\u00a0<\/b><\/p>\n<p>Beyaz yumurtlayan tavuklar\u0131n bir dizi avantaj sundu\u011fu s\u00f6ylenirken, bir\u00e7ok \u00fcretici de beyaz yumurta veren tavuk \u0131rklar\u0131n\u0131 tercih etmeye ba\u015flad\u0131. Bu tavuklar, daha b\u00fcy\u00fck bir genetik potansiyele sahip olurken, daha uzun \u00f6m\u00fcrl\u00fc ve daha fazla yumurtlar. Birebir vakitte bak\u0131mlar\u0131 daha kolayd\u0131r. Sch\u00f6necke, beyaz yumurtlayan tavuklar\u0131n daha hafif ve k\u00fc\u00e7\u00fck oldu\u011funu ve bu durumun yumurtalar\u0131n boyutunu da etkiledi\u011fine dikkat \u00e7ekti. K\u00fc\u00e7\u00fck boyutlu yumurtalar, daha az gayretle \u00fcretilebiliyor ve bu da hayvan refah\u0131n\u0131 g\u00fczelle\u015ftiriyor.\u00a0<\/p>\n<p>S\u00fcpermarketlerdeki yumurtalar\u0131n yakla\u015f\u0131k y\u00fczde 30&#8217;u kahverengi ve 10 y\u0131l evvel durum tam z\u0131dd\u0131yd\u0131. Yap\u0131lan bir ankete nazaran, t\u00fcketiciler \u00e7oklukla yumurtalar\u0131n kabuk rengine kay\u0131ts\u0131z kal\u0131yor lakin Sch\u00f6necke&#8217;nin a\u00e7\u0131klamalar\u0131na nazaran, bu de\u011fi\u015fimin tamamlanmas\u0131 yakla\u015f\u0131k be\u015f y\u0131l s\u00fcrecek.<\/p>\n","protected":false},"excerpt":{"rendered":"<p>Alman s\u00fcpermarketlerde sat\u0131lan yumurtalar\u0131n yakla\u015f\u0131k y\u00fczde 30&#8217;u kahverengi lakin yap\u0131lan a\u00e7\u0131klamaya nazaran art\u0131k marketlerde kahverengi yumurta sat\u0131lmayacak.<\/p>\n","protected":false},"author":1,"featured_media":25497,"comment_status":"open","ping_status":"open","sticky":false,"template":"","format":"standard","meta":{"footnotes":""},"categories":[43],"tags":[2158],"class_list":["post-25496","post","type-post","status-publish","format-standard","has-post-thumbnail","hentry","category-dunya","tag-tavuk"],"_links":{"self":[{"href":"https:\/\/ikimisli.tr\/index.php\/wp-json\/wp\/v2\/posts\/25496","targetHints":{"allow":["GET"]}}],"collection":[{"href":"https:\/\/ikimisli.tr\/index.php\/wp-json\/wp\/v2\/posts"}],"about":[{"href":"https:\/\/ikimisli.tr\/index.php\/wp-json\/wp\/v2\/types\/post"}],"author":[{"embeddable":true,"href":"https:\/\/ikimisli.tr\/index.php\/wp-json\/wp\/v2\/users\/1"}],"replies":[{"embeddable":true,"href":"https:\/\/ikimisli.tr\/index.php\/wp-json\/wp\/v2\/comments?post=25496"}],"version-history":[{"count":1,"href":"https:\/\/ikimisli.tr\/index.php\/wp-json\/wp\/v2\/posts\/25496\/revisions"}],"predecessor-version":[{"id":25498,"href":"https:\/\/ikimisli.tr\/index.php\/wp-json\/wp\/v2\/posts\/25496\/revisions\/25498"}],"wp:featuredmedia":[{"embeddable":true,"href":"https:\/\/ikimisli.tr\/index.php\/wp-json\/wp\/v2\/media\/25497"}],"wp:attachment":[{"href":"https:\/\/ikimisli.tr\/index.php\/wp-json\/wp\/v2\/media?parent=25496"}],"wp:term":[{"taxonomy":"category","embeddable":true,"href":"https:\/\/ikimisli.tr\/index.php\/wp-json\/wp\/v2\/categories?post=25496"},{"taxonomy":"post_tag","embeddable":true,"href":"https:\/\/ikimisli.tr\/index.php\/wp-json\/wp\/v2\/tags?post=25496"}],"curies":[{"name":"wp","href":"https:\/\/api.w.org\/{rel}","templated":true}]}}