{"id":25590,"date":"2025-04-12T01:24:22","date_gmt":"2025-04-12T01:24:22","guid":{"rendered":"https:\/\/ikimisli.tr\/?p=25590"},"modified":"2025-04-12T01:24:22","modified_gmt":"2025-04-12T01:24:22","slug":"arda-guler-sure-almadi-ancelottiye-tepki-yagdi","status":"publish","type":"post","link":"https:\/\/ikimisli.tr\/index.php\/2025\/04\/12\/arda-guler-sure-almadi-ancelottiye-tepki-yagdi\/","title":{"rendered":"Arda G\u00fcler s\u00fcre almad\u0131, Ancelotti&#8217;ye tepki ya\u011fd\u0131!"},"content":{"rendered":"<p>La Liga&#8217;n\u0131n 22. baftas\u0131nda Real Madrid, Espanyol deplasman\u0131na konuk oldu. Espanyol 1-0&#8217;l\u0131k skorla kazand\u0131\u011f\u0131 ma\u00e7\u0131n tek gol\u00fcn\u00fc 85. dakikada Carlos Romero Serrano kaydetti..<\/p>\n<p>Real Madrid&#8217;de ulusal futbolcu Arda G\u00fcler, m\u00fcsabakaya yedek kul\u00fcbesinde ba\u015flad\u0131 ve ma\u00e7ta m\u00fchlet almad\u0131. Bu sonu\u00e7la birlikte Real Madrid, 49 puanda kald\u0131. Ligde k\u00fcme d\u00fc\u015fme s\u0131n\u0131r\u0131nda yer alan Espanyol ise 23 puana y\u00fckseldi.<\/p>\n<p><b>ANCELOTT\u0130&#8217;YE REAKS\u0130YON YA\u011eDI<\/b><\/p>\n<p>Son periyotta Real Madrid ma\u00e7lar\u0131n\u0131n akabinde s\u0131k s\u0131k ya\u015fanan tart\u0131\u015fma tekrar toplumsal medyaya damga vurdu. Arda G\u00fcler&#8217;in oynat\u0131lmamas\u0131, teknik y\u00f6netici Ancelotti\u2019ye y\u00f6nelik yans\u0131lar\u0131 bir defa daha art\u0131rd\u0131. <\/p>\n<p>Futbolseverler, Ancelotti&#8217;nin Arda&#8217;ya talih vermemesi tekrar futbolseverlerin yans\u0131s\u0131na neden oldu. Ma\u00e7\u0131n akabinde solu\u011fu toplumsal medyada alan taraftarlar, gen\u00e7 yetene\u011fe haks\u0131zl\u0131k yap\u0131ld\u0131\u011f\u0131 istikametinde fikir birli\u011fine vard\u0131.<\/p>\n<p>Avrupal\u0131 taraftarlar\u0131n \u00f6ne \u00e7\u0131kan ve en \u00e7ok etkile\u015fim alan yorumlar\u0131 ise \u015fu halde: &#8220;Arda G\u00fcler bu gece tekrar s\u0131f\u0131r dakika oynad\u0131, yaz\u0131n ayr\u0131lmal\u0131. Yetene\u011fini b\u00fcy\u00fck \u00f6l\u00e7\u00fcde bo\u015fa harc\u0131yor, ekibinin y\u0131ld\u0131z\u0131 olarak her hafta 90 dakika oynamas\u0131 gerekiyor.&#8221;,<\/p>\n<p>&#8220;Arda G\u00fcler daha g\u00fczelini hak ediyor. Ancelotti onun \u00f6zg\u00fcvenini \u00f6ld\u00fcrd\u00fc. G\u00fcler \u00fczere yetenekli bir oyuncu nas\u0131l olur da bu ma\u00e7ta SIFIR dakika m\u00fcddet alabilir. Ancelotti ile i\u015fim bitti!&#8221;<\/p>\n<p><b>KR\u0130T\u0130K MA\u00c7LARDA M\u00dcHLET VERM\u0130YOR<\/b><\/p>\n<p>Bu d\u00f6nem Real Madrid&#8217;in puan kaybetti\u011fi kritik ma\u00e7lar\u0131n hi\u00e7birinde Arda G\u00fcler, m\u00fcddet almad\u0131.<\/p>\n<p>\u0130spanyol devinin, La Liga&#8217;da 4-0 kaybetti\u011fi Barcelona ma\u00e7\u0131 ve \u00dcst\u00fcn Kupa&#8217;da 5-2 yenildi\u011fi El Clasico&#8217;da, \u015eampiyonlar Ligi&#8217;nde AC Milan&#8217;a konutunda 3-1 ma\u011flup oldu\u011fu kar\u015f\u0131la\u015fmada, 10 ki\u015fi kalan Atletico ile 1-1 berabere kald\u0131\u011f\u0131 ma\u00e7 ve son olarak Espanyol&#8217;a 1-0 kaybedilen m\u00fcsabakada teknik y\u00f6netici Ancelotti, Arda&#8217;ya m\u00fcddet vermedi.<\/p>\n","protected":false},"excerpt":{"rendered":"<p>La Liga&#8217;n\u0131n 22. haftas\u0131nda Real Madrid, Espanyol&#8217;a deplasmanda 1-0 ma\u011flup oldu. Arda G\u00fcler&#8217;in oynat\u0131lmamas\u0131, teknik y\u00f6netici Ancelotti\u2019ye y\u00f6nelik reaksiyonlar\u0131 bir sefer daha art\u0131rd\u0131.<\/p>\n","protected":false},"author":1,"featured_media":25591,"comment_status":"open","ping_status":"open","sticky":false,"template":"","format":"standard","meta":{"footnotes":""},"categories":[30],"tags":[4549,4253,3770,229,193],"class_list":["post-25590","post","type-post","status-publish","format-standard","has-post-thumbnail","hentry","category-spor","tag-ancelotti","tag-arda","tag-guler","tag-mac","tag-sure"],"_links":{"self":[{"href":"https:\/\/ikimisli.tr\/index.php\/wp-json\/wp\/v2\/posts\/25590","targetHints":{"allow":["GET"]}}],"collection":[{"href":"https:\/\/ikimisli.tr\/index.php\/wp-json\/wp\/v2\/posts"}],"about":[{"href":"https:\/\/ikimisli.tr\/index.php\/wp-json\/wp\/v2\/types\/post"}],"author":[{"embeddable":true,"href":"https:\/\/ikimisli.tr\/index.php\/wp-json\/wp\/v2\/users\/1"}],"replies":[{"embeddable":true,"href":"https:\/\/ikimisli.tr\/index.php\/wp-json\/wp\/v2\/comments?post=25590"}],"version-history":[{"count":1,"href":"https:\/\/ikimisli.tr\/index.php\/wp-json\/wp\/v2\/posts\/25590\/revisions"}],"predecessor-version":[{"id":25592,"href":"https:\/\/ikimisli.tr\/index.php\/wp-json\/wp\/v2\/posts\/25590\/revisions\/25592"}],"wp:featuredmedia":[{"embeddable":true,"href":"https:\/\/ikimisli.tr\/index.php\/wp-json\/wp\/v2\/media\/25591"}],"wp:attachment":[{"href":"https:\/\/ikimisli.tr\/index.php\/wp-json\/wp\/v2\/media?parent=25590"}],"wp:term":[{"taxonomy":"category","embeddable":true,"href":"https:\/\/ikimisli.tr\/index.php\/wp-json\/wp\/v2\/categories?post=25590"},{"taxonomy":"post_tag","embeddable":true,"href":"https:\/\/ikimisli.tr\/index.php\/wp-json\/wp\/v2\/tags?post=25590"}],"curies":[{"name":"wp","href":"https:\/\/api.w.org\/{rel}","templated":true}]}}