{"id":25645,"date":"2025-04-12T04:36:15","date_gmt":"2025-04-12T04:36:15","guid":{"rendered":"https:\/\/ikimisli.tr\/?p=25645"},"modified":"2025-04-12T04:36:15","modified_gmt":"2025-04-12T04:36:15","slug":"teleferikle-tehlikeli-yolculuk-son-buldu","status":"publish","type":"post","link":"https:\/\/ikimisli.tr\/index.php\/2025\/04\/12\/teleferikle-tehlikeli-yolculuk-son-buldu\/","title":{"rendered":"Teleferikle tehlikeli yolculuk son buldu"},"content":{"rendered":"<p>\u00c7ayeli il\u00e7esi Karaa\u011fa\u00e7 k\u00f6y\u00fcnde, 1960 y\u0131l\u0131nda sarp ve ormanl\u0131k b\u00f6lgede yol bulunmayan meskenlere ula\u015f\u0131m sa\u011flamak i\u00e7in \u2018varangel\u2019 olarak bilinen teleferik sistemi kuruldu. Ana yola 150 metre y\u00fckseklikte ve 750 metre uzunlu\u011funda dik bir bi\u00e7imde kurulan teleferik sistemiyle evvel e\u015fya ve y\u00fck ta\u015f\u0131n\u0131rken, vakitle k\u00f6yl\u00fcler de kabini kullanarak konutlar\u0131na ula\u015fmaya ba\u015flad\u0131. Bir\u00e7ok kazaya neden olan teleferikle tehlikeli seyahat, k\u00f6y muhtar\u0131 Osman Y\u0131ld\u0131r\u0131m\u2019\u0131n te\u015febb\u00fcsleriyle 2,5 kilometre uzunlu\u011funda yeni bir yol yap\u0131lmas\u0131yla son buldu. Art\u0131k hizmete giren yeni yolla inan\u00e7la meskenlerine ula\u015f\u0131m sa\u011flayan k\u00f6yl\u00fcler, teleferi\u011fi ise yaln\u0131zca y\u00fck ta\u015f\u0131mak i\u00e7in kullan\u0131yor.<\/p>\n<p><img decoding=\"async\" src=\"https:\/\/ikimisli.tr\/wp-content\/uploads\/2025\/04\/teleferikle-tehlikeli-yolculuk-son-buldu-0-vKJ73qUw.png\"\/><\/p>\n<p><b>&#8216;\u0130NSANLARI TEHL\u0130KEDEN KURTARDIK&#8217;<\/b><\/p>\n<p>K\u00f6yde y\u0131llard\u0131r teleferik kullan\u0131ld\u0131\u011f\u0131n\u0131 s\u00f6yleyen Karaa\u011fa\u00e7 K\u00f6y\u00fc Muhtar\u0131 Osman Y\u0131ld\u0131r\u0131m, &#8220;Burada insanlar\u0131n hayallerini ger\u00e7ekle\u015ftirdik. Onlar\u0131n yolunu yapt\u0131rd\u0131k. Ben de o tele bindim. Korkutucu tabi 750 metre telle inip, geliyorsun. D\u00fc\u015ft\u00fc m\u00fc k\u0131r\u0131lmayan kemi\u011fin kalmayacak. \u00c7ok d\u00fc\u015fenler de oldu. Burada a\u011fa\u00e7lar ziyan g\u00f6rmesin diye uygun bir yerden yolumuzu yapt\u0131k. 2,5 kilometrelik yolu k\u0131sa m\u00fcddette bitirdik. \u0130nsanlar\u0131 tehlikeden kurtard\u0131k&#8221; dedi.<\/p>\n<p><b>&#8216;YOLUMUZ YAPILDI RAHATLADIK&#8217;<\/b><\/p>\n<p>Teleferi\u011fin 8 katl\u0131 bina y\u00fcksekli\u011finden ge\u00e7ti\u011fini s\u00f6yleyen Eryale Ar, &#8220;\u00c7ok memnunuz. \u00c7ocuklu\u011fum burada ge\u00e7ti. Biz okula gitmek i\u00e7in 2-3 saat y\u00fcr\u00fcyorduk. Yol olmad\u0131\u011f\u0131ndan \u00f6t\u00fcr\u00fc ilkokula kadar okuyabildik daha sonra okuyamad\u0131k. Sonra teleferik yap\u0131ld\u0131. Onu kullanmaya ba\u015flad\u0131k. Teleferikten \u00e7ok d\u00fc\u015fen oldu. Ben \u00e7ok korkuyordum. Benim ikiz \u00e7ocu\u011fum var. Gece \u00e7ocuklar\u0131m hastaland\u0131. Gece yar\u0131s\u0131 \u00e7ocuklar\u0131m\u0131 kuca\u011f\u0131ma al\u0131p teleferikle indim. Allah&#8217;a emanet gidiliyordu. &#8216;Allah&#8217;\u0131m bizi koru diyerek&#8217; a\u015fa\u011f\u0131ya indim. A\u015fa\u011f\u0131ya inene kadar hatmediyordum. Art\u0131k yolumuz yap\u0131ld\u0131, rahatlad\u0131k&#8221; diye konu\u015ftu.<\/p>\n<p><b>\u2018\u00c7OK D\u00dc\u015eENLER OLDU&#8217;<\/b><\/p>\n<p>Teleferik kabininden d\u00fc\u015fenlerin oldu\u011funu s\u00f6yleyen Fazliye Da\u011f ise &#8220;Yoldan evvel herkes teleferi\u011fi kullan\u0131yordu. \u00c7ok d\u00fc\u015fenler oldu. Doktora da gidip gelemiyordum. Yol yap\u0131lmas\u0131 i\u00e7in \u00e7ok u\u011fra\u015f\u0131ld\u0131. Muhtar\u0131m\u0131zdan Allah raz\u0131 olsun, kelam verdi\u011fi \u00fczere yolu kap\u0131m\u0131za getirdi. \u00c7ok eziyet \u00e7ektik. Tel \u00e7ok y\u00fcksekte a\u015fa\u011f\u0131ya d\u00fc\u015ft\u00fcn m\u00fc gittin&#8221; s\u00f6zlerini kulland\u0131.<\/p>\n<p><b>&#8216;MECBUR B\u0130N\u0130YORDUK&#8217;<\/b><\/p>\n<p>K\u00f6y\u00fcn en ya\u015fl\u0131lar\u0131ndan S\u00fcleyman Da\u011f (92) da \u201cY\u0131llarca ben bu tel ile a\u015fa\u011f\u0131ya inip \u00e7\u0131k\u0131yordum. Yol yapt\u0131ramad\u0131k. En sonunda muhtar\u0131m\u0131z yolumuzu yapt\u0131. \u00c7oluk \u00e7ocuk herkes bu telle gidip geliyordu. Biz de mecbur biniyorduk. Muhtar bize kelam verdi, yolumuzu yapt\u0131&#8221; dedi.<\/p>\n","protected":false},"excerpt":{"rendered":"<p>Rize\u2019de sarp yerde yolu olmayan meskenlerine, kurduklar\u0131 varangel olarak bilinen teleferik sistemiyle ula\u015f\u0131m sa\u011flayan k\u00f6yl\u00fclerin \u00e7elik tel \u00fczerinde 100 metre y\u00fckseklikteki tehlikeli seyahatleri, b\u00f6lgeye yap\u0131lan 2,5 kilometrelik yol ile sona erdi. K\u00f6yl\u00fcler yeni yoldan konutlar\u0131na itimatla ula\u015f\u0131m sa\u011flarken, teleferi\u011fi yaln\u0131zca y\u00fck ta\u015f\u0131mak i\u00e7in kullanmaya ba\u015flad\u0131lar.<\/p>\n","protected":false},"author":1,"featured_media":25646,"comment_status":"open","ping_status":"open","sticky":false,"template":"","format":"standard","meta":{"footnotes":""},"categories":[25],"tags":[887,4561,2118,4560,500],"class_list":["post-25645","post","type-post","status-publish","format-standard","has-post-thumbnail","hentry","category-gundem","tag-koy","tag-muhtar","tag-tel","tag-teleferik","tag-yol"],"_links":{"self":[{"href":"https:\/\/ikimisli.tr\/index.php\/wp-json\/wp\/v2\/posts\/25645","targetHints":{"allow":["GET"]}}],"collection":[{"href":"https:\/\/ikimisli.tr\/index.php\/wp-json\/wp\/v2\/posts"}],"about":[{"href":"https:\/\/ikimisli.tr\/index.php\/wp-json\/wp\/v2\/types\/post"}],"author":[{"embeddable":true,"href":"https:\/\/ikimisli.tr\/index.php\/wp-json\/wp\/v2\/users\/1"}],"replies":[{"embeddable":true,"href":"https:\/\/ikimisli.tr\/index.php\/wp-json\/wp\/v2\/comments?post=25645"}],"version-history":[{"count":1,"href":"https:\/\/ikimisli.tr\/index.php\/wp-json\/wp\/v2\/posts\/25645\/revisions"}],"predecessor-version":[{"id":25648,"href":"https:\/\/ikimisli.tr\/index.php\/wp-json\/wp\/v2\/posts\/25645\/revisions\/25648"}],"wp:featuredmedia":[{"embeddable":true,"href":"https:\/\/ikimisli.tr\/index.php\/wp-json\/wp\/v2\/media\/25646"}],"wp:attachment":[{"href":"https:\/\/ikimisli.tr\/index.php\/wp-json\/wp\/v2\/media?parent=25645"}],"wp:term":[{"taxonomy":"category","embeddable":true,"href":"https:\/\/ikimisli.tr\/index.php\/wp-json\/wp\/v2\/categories?post=25645"},{"taxonomy":"post_tag","embeddable":true,"href":"https:\/\/ikimisli.tr\/index.php\/wp-json\/wp\/v2\/tags?post=25645"}],"curies":[{"name":"wp","href":"https:\/\/api.w.org\/{rel}","templated":true}]}}