{"id":25694,"date":"2025-04-12T07:24:08","date_gmt":"2025-04-12T07:24:08","guid":{"rendered":"https:\/\/ikimisli.tr\/?p=25694"},"modified":"2025-04-12T07:24:08","modified_gmt":"2025-04-12T07:24:08","slug":"whatsapp-uyardi-mesajlarinizi-israil-okuyor-olabilir","status":"publish","type":"post","link":"https:\/\/ikimisli.tr\/index.php\/2025\/04\/12\/whatsapp-uyardi-mesajlarinizi-israil-okuyor-olabilir\/","title":{"rendered":"WhatsApp uyard\u0131: Mesajlar\u0131n\u0131z\u0131 \u0130srail okuyor\u00a0olabilir"},"content":{"rendered":"<p>2 milyar\u0131 a\u015fk\u0131n kullan\u0131c\u0131s\u0131 ile d\u00fcnyan\u0131n en tan\u0131nan iletile\u015fme uygulamas\u0131 olan WhatsApp, yay\u0131nlad\u0131\u011f\u0131 son iletisinde \u0130srail merkezli casus yaz\u0131l\u0131ma kar\u015f\u0131 kullan\u0131c\u0131lar\u0131 uyard\u0131.\u00a0<\/p>\n<p>BBC T\u00fcrk\u00e7e&#8217;nin haberine nazaran; Ba\u015fbakan Giorgia Meloni&#8217;nin partisindeki fa\u015fizm yanl\u0131lar\u0131n\u0131 if\u015fa eden haberiyle ses getiren Fanpage haber sitesinin yay\u0131n y\u00f6netmeni Francesco Cancellato, Whatsapp&#8217;\u0131n kendisine yollad\u0131\u011f\u0131 bir bildiriyle siber h\u00fccumdan haberdar oldu\u011funu a\u00e7\u0131klad\u0131.<\/p>\n<p><img decoding=\"async\" src=\"https:\/\/ikimisli.tr\/wp-content\/uploads\/2025\/04\/whatsapp-uyardi-mesajlarinizi-israil-okuyorolabilir-0-vHwCXqW2.jpg\"\/><\/p>\n<p><strong>20 \u00dcLKEDEN 90 K\u0130\u015e\u0130 GAYE ALINDI<\/strong><\/p>\n<p>Instagram ve Facebook \u00fczere toplumsal medya devlerini b\u00fcnyesinde bar\u0131nd\u0131ran META k\u00fcmesine ili\u015fkin olan WhatsApp, 31 Ocak cuma g\u00fcn\u00fc memleketler aras\u0131 bas\u0131n kurulu\u015flar\u0131na yapt\u0131\u011f\u0131 a\u00e7\u0131klamada, \u0130srail merkezli casus yaz\u0131l\u0131m olan Paragon Solutions ile \u015fu ana kadar 20 farkl\u0131 \u00fclkeden 90 aktivist ve gazetecinin maksat al\u0131nd\u0131\u011f\u0131n\u0131 duyurdu.\u00a0<\/p>\n<p><strong>\u0130LK KURBAN \u0130TALYA&#8217;DAN \u00c7IKTI<\/strong><\/p>\n<p>S\u00f6z konusu casus yaz\u0131l\u0131mla maksat al\u0131nd\u0131\u011f\u0131n\u0131 birinci a\u00e7\u0131klayan ise \u0130talyan gazeteci Francesco Cancellato oldu. Cancellato&#8217;nun y\u00f6neticili\u011fini yapt\u0131\u011f\u0131 Fanpage sitesindeki habere nazaran, gazeteciye d\u00fcn WhatsApp&#8217;tan \u00f6zel bir ileti geldi:<\/p>\n<div>\n<p>&#8220;Aral\u0131k ay\u0131nda WhatsApp, ayg\u0131t\u0131n\u0131za sald\u0131rd\u0131\u011f\u0131na inand\u0131\u011f\u0131m\u0131z bir casus yaz\u0131l\u0131m \u015firketinin faaliyetlerini durdurdu. Yapt\u0131\u011f\u0131m\u0131z incelemeler, WhatsApp arac\u0131l\u0131\u011f\u0131yla mak\u00fbs hedefli bir belge alm\u0131\u015f olabilece\u011finizi ve casus yaz\u0131l\u0131m\u0131n ayg\u0131t\u0131n\u0131zda kay\u0131tl\u0131 iletiler da dahil olmak \u00fczere bilgilerinize eri\u015fim sa\u011flam\u0131\u015f olabilece\u011fini g\u00f6steriyor.&#8221;<\/p>\n<p><img decoding=\"async\" src=\"https:\/\/ikimisli.tr\/wp-content\/uploads\/2025\/04\/whatsapp-uyardi-mesajlarinizi-israil-okuyorolabilir-1-9uDidqVr.jpg\"\/><\/p>\n<\/p><\/div>\n<div>\n<p>Cancellato, bildirinin akabinde ba\u011f\u0131ms\u0131z uzmanlara da siber sald\u0131r\u0131y\u0131 do\u011frulatt\u0131klar\u0131n\u0131, ne vakittir izlendi\u011fini ve hangi bilgilerinin ele ge\u00e7irildi\u011fini \u00f6\u011frenmek i\u00e7in \u00e7al\u0131\u015ft\u0131klar\u0131n\u0131 s\u00f6yledi.<\/p>\n<\/p><\/div>\n<div>\n<p>\u0130talyan gazeteci, &#8220;bu casusluk faaliyetinin talimat\u0131n\u0131 kimin verdi\u011fini&#8221; de \u00f6\u011frenmek istedi\u011fini vurgulad\u0131.<\/p>\n<\/p><\/div>\n<div>\n<p>Cancellato&#8217;nun yay\u0131n direkt\u00f6rl\u00fc\u011f\u00fcn\u00fc yapt\u0131\u011f\u0131 Fanpage sitesi ge\u00e7en Haziran ay\u0131nda \u0130talya Ba\u015fbakan\u0131 Giorgia Meloni&#8217;nin partisi \u0130talya&#8217;n\u0131n Karde\u015fleri&#8217;nin (FdI) gen\u00e7lik kollar\u0131na s\u0131zan bir gazetecinin if\u015faatlar\u0131n\u0131 yay\u0131mlam\u0131\u015ft\u0131. \u0130ktidar partisinin gen\u00e7lik kollar\u0131 yetkililerinin \u0131rk\u00e7\u0131, fa\u015fizm yanl\u0131s\u0131 s\u00f6zleri, Nazi sloganlar\u0131 ve fa\u015fist selamlar\u0131 b\u00fcy\u00fck reaksiyona yol a\u00e7m\u0131\u015ft\u0131.<\/p>\n<\/p><\/div><\/p>\n","protected":false},"excerpt":{"rendered":"<p>D\u00fcnyan\u0131n en tan\u0131nan iletile\u015fme uygulamas\u0131 WhatsApp,  20&#8217;den fazla \u00fclkede \u0130srail merkezli Paragon Solutions \u015firketine ili\u015fkin bir casus yaz\u0131l\u0131mla kullan\u0131c\u0131lar\u0131n iletilerinin okunmaya \u00e7al\u0131\u015f\u0131ld\u0131\u011f\u0131n\u0131 a\u00e7\u0131klad\u0131.<\/p>\n","protected":false},"author":1,"featured_media":25695,"comment_status":"open","ping_status":"open","sticky":false,"template":"","format":"standard","meta":{"footnotes":""},"categories":[31],"tags":[4565,1672,140,2551,3184],"class_list":["post-25694","post","type-post","status-publish","format-standard","has-post-thumbnail","hentry","category-teknoloji","tag-casus-yazilim","tag-gazeteci","tag-italya","tag-mesaj","tag-whatsapp"],"_links":{"self":[{"href":"https:\/\/ikimisli.tr\/index.php\/wp-json\/wp\/v2\/posts\/25694","targetHints":{"allow":["GET"]}}],"collection":[{"href":"https:\/\/ikimisli.tr\/index.php\/wp-json\/wp\/v2\/posts"}],"about":[{"href":"https:\/\/ikimisli.tr\/index.php\/wp-json\/wp\/v2\/types\/post"}],"author":[{"embeddable":true,"href":"https:\/\/ikimisli.tr\/index.php\/wp-json\/wp\/v2\/users\/1"}],"replies":[{"embeddable":true,"href":"https:\/\/ikimisli.tr\/index.php\/wp-json\/wp\/v2\/comments?post=25694"}],"version-history":[{"count":1,"href":"https:\/\/ikimisli.tr\/index.php\/wp-json\/wp\/v2\/posts\/25694\/revisions"}],"predecessor-version":[{"id":25698,"href":"https:\/\/ikimisli.tr\/index.php\/wp-json\/wp\/v2\/posts\/25694\/revisions\/25698"}],"wp:featuredmedia":[{"embeddable":true,"href":"https:\/\/ikimisli.tr\/index.php\/wp-json\/wp\/v2\/media\/25695"}],"wp:attachment":[{"href":"https:\/\/ikimisli.tr\/index.php\/wp-json\/wp\/v2\/media?parent=25694"}],"wp:term":[{"taxonomy":"category","embeddable":true,"href":"https:\/\/ikimisli.tr\/index.php\/wp-json\/wp\/v2\/categories?post=25694"},{"taxonomy":"post_tag","embeddable":true,"href":"https:\/\/ikimisli.tr\/index.php\/wp-json\/wp\/v2\/tags?post=25694"}],"curies":[{"name":"wp","href":"https:\/\/api.w.org\/{rel}","templated":true}]}}