{"id":25702,"date":"2025-04-12T07:48:05","date_gmt":"2025-04-12T07:48:05","guid":{"rendered":"https:\/\/ikimisli.tr\/?p=25702"},"modified":"2025-04-12T07:48:05","modified_gmt":"2025-04-12T07:48:05","slug":"yarim-saat-arayla-kalp-krizi-geciren-cift-bir-gun-arayla-oldu","status":"publish","type":"post","link":"https:\/\/ikimisli.tr\/index.php\/2025\/04\/12\/yarim-saat-arayla-kalp-krizi-geciren-cift-bir-gun-arayla-oldu\/","title":{"rendered":"Yar\u0131m saat arayla kalp krizi ge\u00e7iren \u00e7ift bir g\u00fcn arayla \u00f6ld\u00fc"},"content":{"rendered":"<p>\u0130neg\u00f6l\u2019de ya\u015fayan Ya\u015far Cengiz, 18 Ocak\u2019ta kalp krizi ge\u00e7irdi. Cengiz, \u0130neg\u00f6l Devlet Hastanesi\u2019ne kald\u0131r\u0131ld\u0131. Acil Servis\u2019te e\u015fini bekleyen Nursel Cengiz de yar\u0131m saat sonra kalp krizi ge\u00e7irip, t\u0131pk\u0131 hastanede tedaviye al\u0131nd\u0131.<\/p>\n<p>Yo\u011fun bak\u0131mda tedavisi s\u00fcren \u00e7iftten Ya\u015far Cengiz, 30 Ocak\u2019ta hayat\u0131n\u0131 kaybetti. Ya\u015far Cengiz&#8217;in cenazesi 31 Ocak\u2019ta Turgutalp Camii\u2019nde cuma namaz\u0131n\u0131n akabinde k\u0131l\u0131nan cenaze namaz\u0131 sonras\u0131 topra\u011fa verildi.<\/p>\n<p>Ayn\u0131 g\u00fcn e\u015fi Nursel Cengiz de tedavi g\u00f6rd\u00fc\u011f\u00fc hastanede kurtar\u0131lamad\u0131. 2 \u00e7ocuk annesi Nursel Cengiz de d\u00fcn k\u0131l\u0131nan cenaze namaz\u0131n\u0131n akabinde, Kavaklaralt\u0131 Mezarl\u0131\u011f\u0131\u2019nda e\u015finin mezar\u0131n\u0131n yan\u0131na defnedildi.<\/p>\n","protected":false},"excerpt":{"rendered":"<p>Bursa&#8217;n\u0131n \u0130neg\u00f6l il\u00e7esinde yar\u0131m saat ortayla kalp krizi ge\u00e7iren 50 ya\u015f\u0131ndaki Ya\u015far Cengiz ile 56 ya\u015f\u0131ndaki e\u015fi Nursel Cengiz, tedavi g\u00f6rd\u00fckleri hastanede 1 g\u00fcn ortayla \u00f6mr\u00fcn\u00fc yitirdi.<\/p>\n","protected":false},"author":1,"featured_media":25703,"comment_status":"open","ping_status":"open","sticky":false,"template":"","format":"standard","meta":{"footnotes":""},"categories":[25],"tags":[2469],"class_list":["post-25702","post","type-post","status-publish","format-standard","has-post-thumbnail","hentry","category-gundem","tag-cengiz"],"_links":{"self":[{"href":"https:\/\/ikimisli.tr\/index.php\/wp-json\/wp\/v2\/posts\/25702","targetHints":{"allow":["GET"]}}],"collection":[{"href":"https:\/\/ikimisli.tr\/index.php\/wp-json\/wp\/v2\/posts"}],"about":[{"href":"https:\/\/ikimisli.tr\/index.php\/wp-json\/wp\/v2\/types\/post"}],"author":[{"embeddable":true,"href":"https:\/\/ikimisli.tr\/index.php\/wp-json\/wp\/v2\/users\/1"}],"replies":[{"embeddable":true,"href":"https:\/\/ikimisli.tr\/index.php\/wp-json\/wp\/v2\/comments?post=25702"}],"version-history":[{"count":1,"href":"https:\/\/ikimisli.tr\/index.php\/wp-json\/wp\/v2\/posts\/25702\/revisions"}],"predecessor-version":[{"id":25704,"href":"https:\/\/ikimisli.tr\/index.php\/wp-json\/wp\/v2\/posts\/25702\/revisions\/25704"}],"wp:featuredmedia":[{"embeddable":true,"href":"https:\/\/ikimisli.tr\/index.php\/wp-json\/wp\/v2\/media\/25703"}],"wp:attachment":[{"href":"https:\/\/ikimisli.tr\/index.php\/wp-json\/wp\/v2\/media?parent=25702"}],"wp:term":[{"taxonomy":"category","embeddable":true,"href":"https:\/\/ikimisli.tr\/index.php\/wp-json\/wp\/v2\/categories?post=25702"},{"taxonomy":"post_tag","embeddable":true,"href":"https:\/\/ikimisli.tr\/index.php\/wp-json\/wp\/v2\/tags?post=25702"}],"curies":[{"name":"wp","href":"https:\/\/api.w.org\/{rel}","templated":true}]}}