{"id":25723,"date":"2025-04-12T09:12:14","date_gmt":"2025-04-12T09:12:14","guid":{"rendered":"https:\/\/ikimisli.tr\/?p=25723"},"modified":"2025-04-12T09:12:14","modified_gmt":"2025-04-12T09:12:14","slug":"somestrda-erciyesi-900-bin-kisi-ziyaret-etti","status":"publish","type":"post","link":"https:\/\/ikimisli.tr\/index.php\/2025\/04\/12\/somestrda-erciyesi-900-bin-kisi-ziyaret-etti\/","title":{"rendered":"S\u00f6mestr&#8217;da Erciyes&#8217;i 900 bin ki\u015fi ziyaret etti"},"content":{"rendered":"<p>T\u00fcrkiye&#8217;nin d\u00f6rt bir yan\u0131ndaki yerli turistler, Erciyes&#8217;i tercih etti. Kayseri&#8217;de 2 bin 200 rak\u0131ml\u0131 Erciyes Kayak Merkezi&#8217;nde s\u00f6mestr yo\u011funlu\u011fu ya\u015fand\u0131. Tatilciler, toplam uzunlu\u011fu 102 kilometreyi bulan pistlerde, kayak ve snowboard keyfi ya\u015fad\u0131. Yar\u0131y\u0131l tatilinin son haftas\u0131nda da b\u00f6lgeye gelen aileler, \u00e7ocuklar\u0131 ile keyifli vakit ge\u00e7irdi. B\u00fcy\u00fck\u015fehir Belediyesi idaresindeki Erciyes A.\u015e. Genel M\u00fcd\u00fcr\u00fc Zafer Ak\u015fehirlio\u011flu, s\u00f6mestr tatilini a\u011f\u0131r ge\u00e7irdiklerini belirterek, \u201cYar\u0131y\u0131l\u0131n son hafta sonunday\u0131z. Dolu dolu c\u0131v\u0131l c\u0131v\u0131l bir yar\u0131y\u0131l tatili ge\u00e7irdik. Ailelerimize te\u015fekk\u00fcr ediyoruz. \u00c7ocuklar\u0131n\u0131 buraya getirip, bize bu keyfi ya\u015fatt\u0131lar. Ho\u015f bir yar\u0131y\u0131l tatili ge\u00e7irdiler. S\u00f6mestrde 900 bine yak\u0131n bir konuk a\u011f\u0131rlad\u0131k. \u0130lgi \u00e7ok fazla\u201d diye konu\u015ftu.<\/p>\n<p><b>\u2018G\u00dcZEL B\u0130R YARIYIL GE\u00c7\u0130RD\u0130LER\u2019<\/b><\/p>\n<p>B\u00fct\u00fcn pistlerin a\u00e7\u0131k oldu\u011funu da belirten Ak\u015fehirlio\u011flu, \u201cSezon erken ba\u015flam\u0131\u015ft\u0131. \u015eu ana kadar ho\u015f devam ettirdik. 4 kap\u0131da b\u00fct\u00fcn pistlerimiz a\u00e7\u0131k. Birbiriyle ili\u015fkili pistlerimiz var. 19 mekanik tesisimiz. 112 kilometre pistlerimiz var. Ailelerimiz, arkada\u015f k\u00fcmeleri gelen t\u00fcm konuklar\u0131m\u0131z ho\u015f bir yar\u0131y\u0131l tatili ge\u00e7irdiler. \u0130n\u015fallah memnun bir bi\u00e7imde konutlar\u0131na d\u00f6necekler. Bundan sonra da kar ya\u011f\u0131\u015f\u0131 bekleniyor. S\u00f6mestrden sonra da bizim kayak d\u00f6nemimiz devam edecek. Bu d\u00f6nemin sonunda b\u00fct\u00fcn rekorlar\u0131 k\u0131rm\u0131\u015f olaca\u011f\u0131z. \u0130lgi \u00e7ok fazla. K\u0131talar ortas\u0131 konuk a\u011f\u0131l\u0131yoruz. Endonezya, Malezya, Singapur, Tayland, bir tarafta Amerika, Brezilya \u00f6b\u00fcr tarafta da Afrika\u2019dan konuklar\u0131m\u0131z geliyor. Yeniden t\u0131pk\u0131 bi\u00e7imde Avrupa\u2019dan Polonya ve \u00c7ek Cumhuriyeti\u2019nden charter seferleri ile konuklar\u0131m\u0131z geliyor. Bu ay ba\u015flayacak olan seferlerle de \u0130skandinav \u00fclkeleri \u0130sve\u00e7, Norve\u00e7 ve Finlandiya\u2019dan konuklar\u0131m\u0131z gelecek. B\u00fct\u00fcn k\u0131talara hitap eden, d\u00fcnya \u00e7ap\u0131nda bilinen dayan\u0131lmaz bir destinasyon haline geldik. B\u00fcy\u00fck\u015fehir belediyesinin yat\u0131r\u0131mlar\u0131 ve bizim \u00e7abalar\u0131m\u0131z ile bu noktaya geldik. \u0130n\u015fallah, bundan sonra her y\u0131l \u00fczerine katlayarak koyup daha ho\u015f bir destinasyon haline getirece\u011fiz\u201d s\u00f6zlerini kulland\u0131.<\/p>\n<p>Seyahat acentesi i\u015fletmecisi Mustafa G\u00fcm\u00fc\u015fkaynak ise \u201cSezon bu y\u0131l 20 y\u0131l sonra birinci sefer erken a\u00e7\u0131ld\u0131. S\u00f6mestrde de 1 milyona yak\u0131n bir ziyaret\u00e7i geldi. \u0130lgiden mutluyuz. S\u00f6mestrde \u00e7ocuklar i\u00e7in kayak e\u011fitimlerine b\u00fcy\u00fck ilgi vard\u0131. Bu olay bizi \u00e7ok sevindirdi\u201d dedi.<\/p>\n","protected":false},"excerpt":{"rendered":"<p>T\u00fcrkiye\u2019nin de\u011ferli k\u0131\u015f turizm merkezlerinden Erciyes Kayak Merkezi, s\u00f6mest\u0131r tatilinde \u00fclkenin d\u00f6rt bir yan\u0131nda ya\u015fayan yerli turistleri a\u011f\u0131rlad\u0131.<\/p>\n","protected":false},"author":1,"featured_media":25724,"comment_status":"open","ping_status":"open","sticky":false,"template":"","format":"standard","meta":{"footnotes":""},"categories":[25],"tags":[1111,4569,2789,1752,4570],"class_list":["post-25723","post","type-post","status-publish","format-standard","has-post-thumbnail","hentry","category-gundem","tag-guzel","tag-misafir","tag-somestr","tag-tatili","tag-yariyil"],"_links":{"self":[{"href":"https:\/\/ikimisli.tr\/index.php\/wp-json\/wp\/v2\/posts\/25723","targetHints":{"allow":["GET"]}}],"collection":[{"href":"https:\/\/ikimisli.tr\/index.php\/wp-json\/wp\/v2\/posts"}],"about":[{"href":"https:\/\/ikimisli.tr\/index.php\/wp-json\/wp\/v2\/types\/post"}],"author":[{"embeddable":true,"href":"https:\/\/ikimisli.tr\/index.php\/wp-json\/wp\/v2\/users\/1"}],"replies":[{"embeddable":true,"href":"https:\/\/ikimisli.tr\/index.php\/wp-json\/wp\/v2\/comments?post=25723"}],"version-history":[{"count":1,"href":"https:\/\/ikimisli.tr\/index.php\/wp-json\/wp\/v2\/posts\/25723\/revisions"}],"predecessor-version":[{"id":25725,"href":"https:\/\/ikimisli.tr\/index.php\/wp-json\/wp\/v2\/posts\/25723\/revisions\/25725"}],"wp:featuredmedia":[{"embeddable":true,"href":"https:\/\/ikimisli.tr\/index.php\/wp-json\/wp\/v2\/media\/25724"}],"wp:attachment":[{"href":"https:\/\/ikimisli.tr\/index.php\/wp-json\/wp\/v2\/media?parent=25723"}],"wp:term":[{"taxonomy":"category","embeddable":true,"href":"https:\/\/ikimisli.tr\/index.php\/wp-json\/wp\/v2\/categories?post=25723"},{"taxonomy":"post_tag","embeddable":true,"href":"https:\/\/ikimisli.tr\/index.php\/wp-json\/wp\/v2\/tags?post=25723"}],"curies":[{"name":"wp","href":"https:\/\/api.w.org\/{rel}","templated":true}]}}