{"id":25726,"date":"2025-04-12T09:24:08","date_gmt":"2025-04-12T09:24:08","guid":{"rendered":"https:\/\/ikimisli.tr\/?p=25726"},"modified":"2025-04-12T09:24:08","modified_gmt":"2025-04-12T09:24:08","slug":"olduren-dis-cekimin-icin-saniklara-istenen-ceza-belli-oldu","status":"publish","type":"post","link":"https:\/\/ikimisli.tr\/index.php\/2025\/04\/12\/olduren-dis-cekimin-icin-saniklara-istenen-ceza-belli-oldu\/","title":{"rendered":"\u2018\u00d6ld\u00fcren di\u015f \u00e7ekimin&#8217; i\u00e7in san\u0131klara istenen ceza belli oldu"},"content":{"rendered":"<p>Olay, 2023 Kas\u0131m ay\u0131nda meydana geldi. Elena (34) ve Ayd\u0131n S\u00f6nmez (35) \u00e7ifti, tek \u00e7ocuklar\u0131 Deniz S\u00f6nmez&#8217;i di\u015f a\u011fr\u0131s\u0131 \u015fikayetiyle Osmangazi il\u00e7esi H\u00fcrriyet Mahallesi&#8217;ndeki \u00f6zel bir di\u015f klini\u011fine g\u00f6t\u00fcrd\u00fc. Muayene sonras\u0131 di\u015flerinde \u00e7\u00fcr\u00fck oldu\u011fu tespit edilen Deniz i\u00e7in 10 Kas\u0131m&#8217;a randevu verildi. Sedasyon alt\u0131nda yap\u0131lan operasyonla 1 di\u015fi \u00e7ekilip, 1&#8217;i kanal tedavisi olmak \u00fczere 4 di\u015fine dolgu yap\u0131lan Deniz S\u00f6nmez, narkozun tesirinin azalmas\u0131yla rahats\u0131zland\u0131. A\u011fz\u0131nda a\u011f\u0131r kanama olan S\u00f6nmez&#8217;in ate\u015fi y\u00fckseldi ve titremeye ba\u015flad\u0131. S\u00f6nmez, \u015fikayetlerinin anesteziye ba\u011fl\u0131 oldu\u011fu s\u00f6ylenerek, kanamas\u0131 oldu\u011fu halde ila\u00e7 yaz\u0131l\u0131p taburcu edildi. Konuta geldikten yakla\u015f\u0131k 20 dakika sonra k\u00f6t\u00fcle\u015fen Deniz S\u00f6nmez, ailesi taraf\u0131ndan g\u00f6t\u00fcr\u00fcld\u00fc\u011f\u00fc D\u00f6rt\u00e7elik \u00c7ocuk Hastal\u0131klar\u0131 Hastanesi a\u011f\u0131r bak\u0131m \u00fcnitesinde tedaviye al\u0131nd\u0131. Deniz S\u00f6nmez, 13 Kas\u0131m&#8217;da oksijen azl\u0131\u011f\u0131na ba\u011fl\u0131 \u00e7oklu organ yetmezli\u011fi nedeniyle hayat\u0131n\u0131 kaybetti.<\/p>\n<p><b>KL\u0130N\u0130K 1 AY KAPATILDI<\/b><\/p>\n<p>S\u00f6nmez&#8217;in cenazesi, otopsi i\u00e7in Bursa Adli T\u0131p Kurumu morguna kald\u0131r\u0131ld\u0131. Otopsi s\u00fcre\u00e7lerinin akabinde Deniz S\u00f6nmez, Keles il\u00e7esinde topra\u011fa verildi. Ailenin \u015fikayeti sonras\u0131 Bursa Cumhuriyet Ba\u015fsavc\u0131l\u0131\u011f\u0131 olaya ait soru\u015fturma, \u0130l Sa\u011fl\u0131k M\u00fcd\u00fcrl\u00fc\u011f\u00fc de inceleme ba\u015flatt\u0131. \u0130l Sa\u011fl\u0131k M\u00fcd\u00fcrl\u00fc\u011f\u00fc karar\u0131yla di\u015f klini\u011fini, 1 ay m\u00fcddetle m\u00fch\u00fcrlendi. \u0130l Sa\u011fl\u0131k M\u00fcd\u00fcrl\u00fc\u011f\u00fc taraf\u0131ndan yap\u0131lan a\u00e7\u0131klamada, karar\u0131n S\u0131hhat Bakanl\u0131\u011f\u0131&#8217;n\u0131n bilgisi do\u011frultusunda, soru\u015fturma ve incelemenin sa\u011fl\u0131kl\u0131 bir halde s\u00fcrd\u00fcr\u00fclmesi i\u00e7in al\u0131nd\u0131\u011f\u0131 belirtildi.<\/p>\n<p><b>YO\u011eUN \u00d6DEM VE KANAMA TESP\u0130T ED\u0130LD\u0130<\/b><\/p>\n<p>Bursa Cumhuriyet Ba\u015fsavc\u0131l\u0131\u011f\u0131 taraf\u0131ndan ba\u015flat\u0131lan soru\u015fturma s\u00fcrerken, Deniz S\u00f6nmez&#8217;in Bursa Adli T\u0131p Kurumu&#8217;ndaki otopsisinin akabinde \u00f6n rapor \u00e7\u0131kt\u0131. Raporda, yap\u0131lan otopsi ve tetkikler sonucu elde edilen bilgilere yer verildi. \u00c7ocu\u011fun sa\u00e7l\u0131 deri alt\u0131nda a\u011f\u0131r \u00f6dem, tekrar ba\u015f k\u0131sm\u0131 ile g\u00f6\u011f\u00fcs, kalp bo\u015fluklar\u0131 ve akci\u011ferinde kanama tespit edildi\u011fi belirtildi. Raporun sonu\u00e7 k\u0131sm\u0131nda; Deniz S\u00f6nmez&#8217;in, D\u00f6rt\u00e7elik \u00c7ocuk Hastal\u0131klar\u0131 Hastanesi&#8217;ndeki t\u0131bbi bilgilerini i\u00e7eren t\u00fcm isimli tahkikat evrak\u0131 ile otopsi imgelerini i\u00e7eren belgelerin, Adli T\u0131p Kurumu 8&#8217;inci \u0130simli T\u0131p \u0130htisas \u015euras\u0131&#8217;na g\u00f6nderilece\u011fi kaydedildi. Raporda, 8&#8217;inci \u0130simli T\u0131p \u0130htisas Heyeti&#8217;nden gelecek m\u00fctalaan\u0131n bir \u00f6rne\u011finin Bursa Cumhuriyet Ba\u015fsavc\u0131l\u0131\u011f\u0131&#8217;na g\u00f6nderilmesi istendi.<\/p>\n<p><b>2 D\u0130\u015e TAB\u0130B\u0130 VE 1 ANESTEZ\u0130 UZMANI YANILGILI BULUNDU<\/b><\/p>\n<p>Deniz S\u00f6nmez&#8217;in mevti sonras\u0131 haz\u0131rlanan isimli t\u0131p raporlar\u0131, \u0130stanbul 8&#8217;inci \u0130simli T\u0131p \u0130htisas Heyeti&#8217;nde de\u011ferlendirildi. Soru\u015fturmay\u0131 y\u00fcr\u00fcten Bursa Cumhuriyet Ba\u015fsavc\u0131l\u0131\u011f\u0131&#8217;na g\u00f6nderilen 51 sayfal\u0131k raporda; \u00e7ocu\u011fa y\u00f6netmeli\u011fe kar\u015f\u0131t sedasyon anestezisi alt\u0131nda s\u00fcre\u00e7 yap\u0131ld\u0131\u011f\u0131 belirtildi. Deniz S\u00f6nmez&#8217;in olay tarihinden 14 ay evvel yeniden sedasyon alt\u0131nda emsal di\u015f tedavisi uyguland\u0131\u011f\u0131na dikkat \u00e7ekilen raporda, s\u00fct di\u015finin \u00e7ekilip, 4 di\u015fine ise dolgu \u00fcretim endikasyonunun misal olumsuz ko\u015fullarda ger\u00e7ekle\u015ftirildi\u011fi belirtildi. Raporda, sorumluluklar\u0131 bulunan Anestezi Uzman\u0131 Dr. L.O., Di\u015f Hekimi A.S. ve Mesul M\u00fcd\u00fcr Di\u015f Tabibi K.G.Y.&#8217;nin, Deniz S\u00f6nmez&#8217;in vefat\u0131nda 4\/8&#8217;er oran\u0131nda t\u0131bbi uygulama kusuru yapt\u0131klar\u0131 lider dahil 12 \u015fah\u0131stan olu\u015fan heyetin oy birli\u011fi ile m\u00fctalaa edildi.<\/p>\n<p><b>SU\u00c7LAMALARI KABUL ETMED\u0130LER<\/b><\/p>\n<p>Soru\u015fturma kapsam\u0131nda, s\u00f6zleri al\u0131nan Di\u015f S\u0131hhati Poliklini\u011fi Mesul M\u00fcd\u00fcr\u00fc K.G.Y., \u201cDeniz S\u00f6nmez isimli \u00e7ocu\u011fa ne \u00fczere tedavi uyguland\u0131\u011f\u0131m\u0131 bilmiyorum. Yaln\u0131zca Di\u015f Tabibi A.&#8217;n\u0131n anlatt\u0131\u011f\u0131 kadar\u0131yla 4 dolgu ve 1 s\u00fct di\u015fi \u00e7ekimi yap\u0131ld\u0131\u011f\u0131n\u0131, sedasyon s\u00fcrecinin de Anestezi Uzman\u0131 L.O. ve yan\u0131nda tekniker olarak bulunan G.K. taraf\u0131ndan yap\u0131ld\u0131\u011f\u0131n\u0131 \u00f6\u011frendim. Poliklini\u011fimizde \u00e7al\u0131\u015ft\u0131\u011f\u0131m 7 y\u0131ll\u0131k m\u00fcddet zarf\u0131nda, sedasyon uygulamas\u0131n\u0131n birka\u00e7 defa yap\u0131ld\u0131\u011f\u0131n\u0131 duydum. Lakin kim taraf\u0131ndan ve ne vakit yap\u0131ld\u0131\u011f\u0131n\u0131 bilmiyorum. Sedasyon s\u00fcrecinin poliklini\u011fimizde daima olarak yap\u0131lan bir uygulama olmad\u0131\u011f\u0131n\u0131, bu uygulaman\u0131n nadiren ve sadece operasyon sa\u011flanmayan, di\u015f tedavisini kabul etmeyen ya\u015f\u0131 k\u00fc\u00e7\u00fck \u00e7ocuklara yap\u0131ld\u0131\u011f\u0131n\u0131 evvelden biliyorum. Bu s\u00fcrece ekseriyetle tedaviyi uygulayacak olan di\u015f tabibi ve ailesi ortas\u0131nda karar verilir. Olayla ilgili, di\u015f doktoru A.S.&#8217;nin bana s\u00f6yledikleri do\u011frultusunda bilgim oldu\u201d dedi.<\/p>\n<p>Toplam 17 sayfadan olu\u015fan iddianamede savunmas\u0131 al\u0131nan Di\u015f Doktoru A.S. ise \u201cDeniz S\u00f6nmez isimli hastaya yapt\u0131\u011f\u0131m tedavi \u00e7ok hafif bir dental s\u00fcre\u00e7tir. \u00c7ocu\u011fu hayati tehlikeye sokacak nitelikte bir s\u00fcre\u00e7 mutlaka de\u011fildir. Hastan\u0131n a\u011f\u0131r bak\u0131ma al\u0131nd\u0131\u011f\u0131 bilgisini \u00f6\u011frendikten sonra Anestezi Uzman\u0131 L.O. ile g\u00f6r\u00fc\u015ft\u00fc\u011f\u00fcmde bana, tedaviden evvel bekleme odas\u0131nda \u00e7ocu\u011fa kal\u00e7adan sakinle\u015ftirici i\u011fne yapt\u0131\u011f\u0131n\u0131, odaya ald\u0131ktan sonra da el \u00fczerinden a\u00e7\u0131lan damar yoluyla hafif sedasyon yap\u0131ld\u0131\u011f\u0131n\u0131 s\u00f6ylemi\u015fti. Di\u015f Doktoruyum, sedasyon uygulamas\u0131 uzmanl\u0131k alan\u0131m\u0131n b\u00fcsb\u00fct\u00fcn d\u0131\u015f\u0131ndad\u0131r. S\u00fcre\u00e7ler esnas\u0131nda lokal anestezi s\u00fcreci d\u0131\u015f\u0131nda rastgele bir sedasyon s\u00fcreci katiyetle yapmad\u0131m. Su\u00e7lamay\u0131 katiyen kabul etmiyorum&#8221; s\u00f6zlerini kulland\u0131.<\/p>\n<p><b>\u201914 AY EVVEL DE SEDASYON UYGULADI\u011eIMIZDAN KAN ANAL\u0130Z\u0130 YA DA TEST \u0130STEMED\u0130M\u2019<\/b><\/p>\n<p>Anestezi Uzman\u0131 L.O. da \u201cHastada, sedasyona ba\u011fl\u0131 geli\u015fen rastgele olumsuz bir durum meydana gelmedi. Tedavi \u00f6ncesi Deniz&#8217;in genel s\u0131hhat durumunun yeterli olmas\u0131, 14 ay kadar evvel de t\u0131pk\u0131 sedasyon s\u00fcrecini uygulad\u0131\u011f\u0131m\u0131zdan, \u00e7ocu\u011fun s\u0131hhat durumda rastgele bir olumsuz durum olmamas\u0131 nedeniyle, kan analizi ya da test istemedim. Sedasyon uygulamas\u0131 ile ilgili olarak, t\u0131bbi gereklilikleri hakikat uygulad\u0131\u011f\u0131m\u0131 d\u00fc\u015f\u00fcn\u00fcyorum. Bu t\u00fcrl\u00fc bir olay meydana geldi\u011fi i\u00e7in \u00fczg\u00fcn\u00fcm\u201d tabirlerini kulland\u0131. Soru\u015fturma kapsam\u0131nda tabire \u00e7a\u011fr\u0131lan Anestezi Teknikeri G.K. ise \u201cYap\u0131lan tedavi s\u0131ras\u0131nda Deniz S\u00f6nmez isimli hastada sedasyona ba\u011fl\u0131 geli\u015fen rastgele bir olumsuz durum meydana gelmedi. Sedasyon uygulamas\u0131nda benim rastgele bir sorumlulu\u011fum yoktur. Ben, Anestezi Uzman\u0131 L.O.\u2019nun talimatlar\u0131 do\u011frultusunda s\u00fcre\u00e7leri yap\u0131yorum\u201d dedi.<\/p>\n<p><b>ASL\u0130YE CEZA MAHKEMES\u0130\u2019NDE YARGILANACAKLAR<\/b><\/p>\n<p>Soru\u015fturman\u0131n tamamlanmas\u0131yla, Di\u015f Tabibi A.S., Anestezi Uzman\u0131 Dr. L.O., Anestezi Teknikeri G.K. ile Di\u015f S\u0131hhati Poliklini\u011fi Mesul M\u00fcd\u00fcr\u00fc K.G.Y. hakk\u0131nda, \u2018Bilin\u00e7li taksirle vefata neden olmak\u2019 ve &#8216;Sa\u011fl\u0131k hizmetleri temel kanununa muhalefet&#8217; kabahatlerinden 3 y\u0131ldan 9\u2019ar y\u0131la kadar mahpus cezas\u0131 istemiyle dava a\u00e7\u0131ld\u0131. Olay g\u00fcn\u00fc di\u015f s\u0131hhati poliklini\u011finde \u00e7al\u0131\u015fan 8 ki\u015fi hakk\u0131nda ise kovu\u015fturmaya yer olmad\u0131\u011f\u0131 karar\u0131 verildi. Y\u00f6neltilen su\u00e7lamalar\u0131 kabul etmeyen tutuksuz san\u0131klar\u0131n yarg\u0131lanmas\u0131na ileriki g\u00fcnlerde Asliye Ceza Mahkemesi\u2019nde ba\u015flanacak.<\/p>\n","protected":false},"excerpt":{"rendered":"<p>Bursa&#8217;da, 5 ya\u015f\u0131ndaki Deniz S\u00f6nmez, \u00f6zel bir di\u015f klini\u011finde sedasyon alt\u0131nda, 1 di\u015fi \u00e7ekilen, 1\u2019i kanal tedavisi olmak \u00fczere 4 di\u015fine de dolgu yap\u0131ld\u0131ktan sonra hayat\u0131n\u0131 kaybetti. Di\u015f Doktoru A.S., Anestezi Uzman\u0131 Dr. L.O., Anestezi Teknikeri G.K. ile Di\u015f S\u0131hhati Poliklini\u011fi Mesul M\u00fcd\u00fcr\u00fc K.G.Y. hakk\u0131nda, \u2018Bilin\u00e7li taksirle mevte neden olmak\u2019 ve &#8216;Sa\u011fl\u0131k hizmetleri temel kanununa muhalefet&#8217; c\u00fcr\u00fcmlerinden 3 y\u0131ldan 9\u2019ar y\u0131la kadar mahpus cezas\u0131 istemiyle dava a\u00e7\u0131ld\u0131.<\/p>\n","protected":false},"author":1,"featured_media":25727,"comment_status":"open","ping_status":"open","sticky":false,"template":"","format":"standard","meta":{"footnotes":""},"categories":[25],"tags":[497,103,4571,473,434],"class_list":["post-25726","post","type-post","status-publish","format-standard","has-post-thumbnail","hentry","category-gundem","tag-bas","tag-dis","tag-dis-hekimi","tag-islem","tag-tedavi"],"_links":{"self":[{"href":"https:\/\/ikimisli.tr\/index.php\/wp-json\/wp\/v2\/posts\/25726","targetHints":{"allow":["GET"]}}],"collection":[{"href":"https:\/\/ikimisli.tr\/index.php\/wp-json\/wp\/v2\/posts"}],"about":[{"href":"https:\/\/ikimisli.tr\/index.php\/wp-json\/wp\/v2\/types\/post"}],"author":[{"embeddable":true,"href":"https:\/\/ikimisli.tr\/index.php\/wp-json\/wp\/v2\/users\/1"}],"replies":[{"embeddable":true,"href":"https:\/\/ikimisli.tr\/index.php\/wp-json\/wp\/v2\/comments?post=25726"}],"version-history":[{"count":1,"href":"https:\/\/ikimisli.tr\/index.php\/wp-json\/wp\/v2\/posts\/25726\/revisions"}],"predecessor-version":[{"id":25728,"href":"https:\/\/ikimisli.tr\/index.php\/wp-json\/wp\/v2\/posts\/25726\/revisions\/25728"}],"wp:featuredmedia":[{"embeddable":true,"href":"https:\/\/ikimisli.tr\/index.php\/wp-json\/wp\/v2\/media\/25727"}],"wp:attachment":[{"href":"https:\/\/ikimisli.tr\/index.php\/wp-json\/wp\/v2\/media?parent=25726"}],"wp:term":[{"taxonomy":"category","embeddable":true,"href":"https:\/\/ikimisli.tr\/index.php\/wp-json\/wp\/v2\/categories?post=25726"},{"taxonomy":"post_tag","embeddable":true,"href":"https:\/\/ikimisli.tr\/index.php\/wp-json\/wp\/v2\/tags?post=25726"}],"curies":[{"name":"wp","href":"https:\/\/api.w.org\/{rel}","templated":true}]}}