{"id":25768,"date":"2025-04-12T11:48:36","date_gmt":"2025-04-12T11:48:36","guid":{"rendered":"https:\/\/ikimisli.tr\/?p=25768"},"modified":"2025-04-12T11:48:36","modified_gmt":"2025-04-12T11:48:36","slug":"boceklerin-kisi-canli-gecirmesi-tarimsal-uretimi-olumsuz-etkiliyor","status":"publish","type":"post","link":"https:\/\/ikimisli.tr\/index.php\/2025\/04\/12\/boceklerin-kisi-canli-gecirmesi-tarimsal-uretimi-olumsuz-etkiliyor\/","title":{"rendered":"B\u00f6ceklerin k\u0131\u015f\u0131 canl\u0131 ge\u00e7irmesi tar\u0131msal \u00fcretimi olumsuz etkiliyor"},"content":{"rendered":"<div>\n<p>Tekirda\u011f Nam\u0131k Kemal \u00dcniversitesi (NK\u00dc) Ziraat Fak\u00fcltesi Bitki M\u00fcdafaa K\u0131sm\u0131 \u00d6\u011fretim \u00dcyesi Prof. Dr. \u00d6zg\u00fcr Sa\u011flam, AA muhabirine, d\u00fcnyada iklim de\u011fi\u015fikli\u011fine ba\u011fl\u0131 olarak \u00fcreticilerin \u00e7e\u015fitli problemlerle kar\u015f\u0131la\u015ft\u0131\u011f\u0131n\u0131 s\u00f6yledi.<\/p>\n<p>Bu y\u0131l d\u00fcnyada son 50 y\u0131ll\u0131k ortalamaya nazaran en s\u0131cak g\u00fcnlerin ya\u015fand\u0131\u011f\u0131n\u0131 aktaran Sa\u011flam, &#8220;Bu, zira\u00ee a\u00e7\u0131dan bir\u00e7ok riski beraberinde getiriyor. Burada bitkilerin gerilime girmesi, rand\u0131man d\u00fc\u015f\u00fckl\u00fc\u011f\u00fc \u00fczere riskler kelam konusu oluyor.&#8221; dedi.<\/p>\n<p><b>&#8211; &#8220;K\u00fclt\u00fcr bitkilerinin sa\u011fl\u0131kl\u0131 yeti\u015fme baht\u0131 azal\u0131yor&#8221;<\/b><\/p>\n<p>Normal ko\u015fullarda 5 derece olmas\u0131 gerekirken ocak ay\u0131nda s\u0131cakl\u0131klar\u0131n 19 derece civar\u0131nda seyretti\u011fine i\u015faret eden Sa\u011flam, s\u0131cakl\u0131k art\u0131\u015flar\u0131ndan \u00f6t\u00fcr\u00fc k\u00fclt\u00fcr bitkilerinin sa\u011fl\u0131kl\u0131 yeti\u015fme talihini yakalayamad\u0131\u011f\u0131n\u0131 belirtti.<\/p>\n<p><img decoding=\"async\" src=\"https:\/\/ikimisli.tr\/wp-content\/uploads\/2025\/04\/boceklerin-kisi-canli-gecirmesi-tarimsal-uretimi-olumsuz-etkiliyor-0-AsKDEW8N.jpg\"\/><\/p>\n<p>Mevsim normallerinin \u00fczerinde seyreden s\u0131cakl\u0131klar, kurakl\u0131k, yabanc\u0131 otlar\u0131n s\u0131cakl\u0131\u011fa ba\u011fl\u0131 olarak artmas\u0131 \u00fczere nedenlerin \u00fcreticileri olumsuz etkiledi\u011fini anlatan Sa\u011flam &#8220;Yabanc\u0131 otlar \u015fu anda hala \u00e7i\u00e7ek a\u00e7\u0131p \u00f6m\u00fcrlerine devam ediyor. Ola\u011fanda so\u011fuk k\u0131\u015f kaideleriyle bunlar\u0131n \u00f6lmesi gerekiyor. Tekrar ye\u015fermeleri i\u00e7in ge\u00e7en m\u00fcddet bizim k\u00fclt\u00fcr bitkilerimizin sa\u011fl\u0131kl\u0131 yeti\u015fmesi i\u00e7in gereken m\u00fchlet olarak kar\u015f\u0131m\u0131za \u00e7\u0131kmakta. &#8220;dedi.<\/p>\n<p><b>&#8211; &#8220;Yaprak bitlerinin k\u0131\u015f ay\u0131nda olmam\u0131za kar\u015f\u0131n ya\u015fad\u0131klar\u0131n\u0131 g\u00f6r\u00fcyoruz&#8221;<\/b><\/p>\n<p>Sa\u011flam, b\u00f6ceklerin k\u0131\u015f\u0131 canl\u0131 olarak ge\u00e7irmesi nedeniyle \u00fcreticilerin zira\u00ee hastal\u0131k ve zararlar\u0131yla daha fazla kar\u015f\u0131la\u015ft\u0131\u011f\u0131n\u0131 anlatt\u0131.<\/p>\n<p>K\u0131\u015f aylar\u0131nda \u00f6lmesi gereken ziyanl\u0131 kimi canl\u0131lar\u0131n s\u0131cakl\u0131klardan \u00f6t\u00fcr\u00fc canl\u0131 kald\u0131\u011f\u0131n\u0131 vurgulayan Sa\u011flam, kelamlar\u0131na \u015f\u00f6yle devam etti:<\/p>\n<p><img decoding=\"async\" src=\"https:\/\/ikimisli.tr\/wp-content\/uploads\/2025\/04\/boceklerin-kisi-canli-gecirmesi-tarimsal-uretimi-olumsuz-etkiliyor-1-kx41ITwy.jpg\"\/><\/p>\n<p>&#8220;K\u0131\u015f aylar\u0131n\u0131n \u0131l\u0131k ge\u00e7mesine ba\u011fl\u0131 olarak b\u00f6ceklerin &#8216;k\u0131\u015flama&#8217; denilen m\u00fchletleri canl\u0131 ge\u00e7irmesi zira\u00ee \u00fcretimi olumsuz etkiliyor. \u015eu an hala yabanc\u0131 otlar ve ye\u015fil k\u00fclt\u00fcr bitkileri \u00fczerinde b\u00f6ceklerin larvalar\u0131yla kar\u015f\u0131 kar\u015f\u0131ya kal\u0131yoruz. Yaprak bitlerinin k\u0131\u015f ay\u0131nda olmam\u0131za kar\u015f\u0131n ya\u015fad\u0131klar\u0131n\u0131 g\u00f6r\u00fcyoruz. Bu durum tarlada yeti\u015ftirdi\u011fimiz k\u00fclt\u00fcr bitkilerine direkt bir ge\u00e7i\u015f yapmas\u0131yla de\u011ferli bir risk olarak kar\u015f\u0131m\u0131za \u00e7\u0131k\u0131yor.&#8221;<\/p>\n<p>\u00dcreticilere hastal\u0131k ve zararl\u0131lar a\u00e7\u0131s\u0131ndan s\u0131k s\u0131k tarlalar\u0131n\u0131 denetim etmelerini tavsiye eden Sa\u011flam, zira\u00ee \u00e7abada muvaffakiyet i\u00e7in gayret sistemlerinin ger\u00e7ek vakitte kullan\u0131lmas\u0131 gerekti\u011finin alt\u0131n\u0131 \u00e7izdi.<\/p>\n<\/p><\/div>\n<div>\n<div>\u00a0<\/div>\n<\/p><\/div>\n","protected":false},"excerpt":{"rendered":"<p>Global iklim de\u011fi\u015fikli\u011fi nedeniyle havalar\u0131n \u0131l\u0131k seyretmesine ba\u011fl\u0131 olarak b\u00f6ceklerin k\u0131\u015f\u0131 canl\u0131 ge\u00e7irmesi tar\u0131mda rand\u0131man ve kalitenin d\u00fc\u015fmesine neden oluyor.<\/p>\n","protected":false},"author":1,"featured_media":25769,"comment_status":"open","ping_status":"open","sticky":false,"template":"","format":"standard","meta":{"footnotes":""},"categories":[31],"tags":[274,4577,278],"class_list":["post-25768","post","type-post","status-publish","format-standard","has-post-thumbnail","hentry","category-teknoloji","tag-kis","tag-saglam","tag-sicak"],"_links":{"self":[{"href":"https:\/\/ikimisli.tr\/index.php\/wp-json\/wp\/v2\/posts\/25768","targetHints":{"allow":["GET"]}}],"collection":[{"href":"https:\/\/ikimisli.tr\/index.php\/wp-json\/wp\/v2\/posts"}],"about":[{"href":"https:\/\/ikimisli.tr\/index.php\/wp-json\/wp\/v2\/types\/post"}],"author":[{"embeddable":true,"href":"https:\/\/ikimisli.tr\/index.php\/wp-json\/wp\/v2\/users\/1"}],"replies":[{"embeddable":true,"href":"https:\/\/ikimisli.tr\/index.php\/wp-json\/wp\/v2\/comments?post=25768"}],"version-history":[{"count":1,"href":"https:\/\/ikimisli.tr\/index.php\/wp-json\/wp\/v2\/posts\/25768\/revisions"}],"predecessor-version":[{"id":25772,"href":"https:\/\/ikimisli.tr\/index.php\/wp-json\/wp\/v2\/posts\/25768\/revisions\/25772"}],"wp:featuredmedia":[{"embeddable":true,"href":"https:\/\/ikimisli.tr\/index.php\/wp-json\/wp\/v2\/media\/25769"}],"wp:attachment":[{"href":"https:\/\/ikimisli.tr\/index.php\/wp-json\/wp\/v2\/media?parent=25768"}],"wp:term":[{"taxonomy":"category","embeddable":true,"href":"https:\/\/ikimisli.tr\/index.php\/wp-json\/wp\/v2\/categories?post=25768"},{"taxonomy":"post_tag","embeddable":true,"href":"https:\/\/ikimisli.tr\/index.php\/wp-json\/wp\/v2\/tags?post=25768"}],"curies":[{"name":"wp","href":"https:\/\/api.w.org\/{rel}","templated":true}]}}