{"id":25820,"date":"2025-04-12T14:12:09","date_gmt":"2025-04-12T14:12:09","guid":{"rendered":"https:\/\/ikimisli.tr\/?p=25820"},"modified":"2025-04-12T14:12:09","modified_gmt":"2025-04-12T14:12:09","slug":"park-ederken-yapilan-bu-hata-buyuk-zaman-kaybettiriyor","status":"publish","type":"post","link":"https:\/\/ikimisli.tr\/index.php\/2025\/04\/12\/park-ederken-yapilan-bu-hata-buyuk-zaman-kaybettiriyor\/","title":{"rendered":"Park ederken yap\u0131lan bu hata b\u00fcy\u00fck zaman kaybettiriyor"},"content":{"rendered":"<p>Park ederken yap\u0131lan yanl\u0131\u015flar, \u015fof\u00f6rlere vakit kaybettiriyor. Bu kusurlar ortas\u0131nda aral\u0131k kestirimi ve aynalar\u0131n denetimini unutmamak \u00fczere yayg\u0131n problemler bulunuyor.<\/p>\n<p>Uzmanlar, park ederken yap\u0131lan bu yayg\u0131n kusurun, bilhassa a\u011f\u0131r b\u00f6lgelerde \u00f6nemli problemlere neden oldu\u011funu belirtiyor.<\/p>\n<p>Yetersiz Park Asistanlar\u0131 Kullan\u0131m\u0131: \u00c7a\u011fda\u015f ara\u00e7larda yer alan park sens\u00f6rleri ve geri g\u00f6r\u00fc\u015f kameralar\u0131, ger\u00e7ek park etme konusunda de\u011ferli yard\u0131mc\u0131lar olsa da, bir\u00e7ok \u015fof\u00f6r bu teknolojileri gere\u011fince faal kullanm\u0131yor. Teknolojiye \u00e7ok inan\u00e7 yahut eksik e\u011fitim, arac\u0131n hakikat durumda park edilmemesine yol a\u00e7abiliyor.<\/p>\n<p><img decoding=\"async\" src=\"https:\/\/ikimisli.tr\/wp-content\/uploads\/2025\/04\/park-ederken-yapilan-bu-hata-buyuk-zaman-kaybettiriyor-0-IJtLCHu3.jpeg\"\/><\/p>\n<p><b>\u0130\u015eTE HATALAR<\/b><\/p>\n<p>Alan Alg\u0131s\u0131nda Yan\u0131lg\u0131: Park alanlar\u0131n\u0131n boyutlar\u0131n\u0131 hakikat de\u011ferlendiremeyen \u015fof\u00f6rler, arac\u0131n park \u00e7izgileri d\u0131\u015f\u0131na \u00e7\u0131kmas\u0131na yahut ba\u015fka ara\u00e7lara yak\u0131n park ederek ekstra bo\u015fluk b\u0131rakmas\u0131na neden oluyor. Bu durum, \u00f6b\u00fcr ara\u00e7lar\u0131n park yerine giri\u015f \u00e7\u0131k\u0131\u015f m\u00fcddetlerini uzat\u0131yor.<\/p>\n<p>Acelecilik ve Dikkatsizlik: Kent merkezlerinde a\u011f\u0131r trafik ve acil durumlar \u015fof\u00f6rleri h\u0131zland\u0131rabiliyor. Bu ivedi, ayr\u0131nt\u0131lara ehemmiyet vermeden park etme hareketlerine sebep oluyor ve yanl\u0131\u015f durum alma riskini art\u0131r\u0131yor.<\/p>\n<p>Bir park yanl\u0131\u015f\u0131:<\/p>\n<p>Di\u011fer \u015eof\u00f6rler \u0130\u00e7in Mahzur Olu\u015fturuyor: Yanl\u0131\u015f konumland\u0131r\u0131lan ara\u00e7lar, kom\u015fu park alanlar\u0131n\u0131n kullan\u0131m\u0131n\u0131 k\u0131s\u0131tlayarak, \u00f6b\u00fcr \u015fof\u00f6rlerin uygun park yeri bulmas\u0131n\u0131 zorla\u015ft\u0131r\u0131yor.<\/p>\n<p>Trafik Ak\u0131\u015f\u0131n\u0131 Yava\u015flat\u0131yor: Yan\u0131lg\u0131l\u0131 park etme, ara\u00e7lar\u0131n kav\u015faklar ve ana yollar yak\u0131n\u0131nda hareket yapmas\u0131na neden olarak, trafik ak\u0131\u015f\u0131n\u0131 aksat\u0131yor ve yo\u011funluk yarat\u0131yor.<\/p>\n<p>Ekstra Vakit Harcanmas\u0131na Yol A\u00e7\u0131yor: Hakikat park edilemeyen ara\u00e7lar\u0131n tekrar d\u00fczenlenmesi, \u015fof\u00f6rlerin ekstra vakit harcamas\u0131na ve \u00e7abukla hareket etmesine sebep oluyor.<\/p>\n<p><b>\u015eEH\u0130R HAYATINDA \u015eOF\u00d6RLERE B\u00dcY\u00dcK \u0130\u015e D\u00dc\u015e\u00dcYOR<\/b><\/p>\n<p>Konuyla ilgili yorum yapan bir \u015fof\u00f6r, \u201cPark alan\u0131 bulmak bile s\u0131k\u0131nt\u0131; yanl\u0131\u015f park etti\u011fimde, ba\u015fka ara\u00e7lar\u0131n arac\u0131m\u0131 d\u00fczeltmek i\u00e7in beklemesi, benim de i\u015fime ge\u00e7 kalmama sebep oluyor,\u201d formunda g\u00f6r\u00fc\u015f bildirdi. \u00d6b\u00fcr bir \u015fof\u00f6r ise, \u201c\u00d6zellikle kalabal\u0131k b\u00f6lgelerde, park ederken dikkatli olmak b\u00fcy\u00fck k\u0131ymet ta\u015f\u0131yor. Aksi takdirde, yaln\u0131zca kendi arac\u0131m de\u011fil, trafikteki herkes vakit kaybediyor,\u201d dedi.<\/p>\n","protected":false},"excerpt":{"rendered":"<p>Park etme s\u00fcreci, \u00e7a\u011fda\u015f kent \u00f6mr\u00fcn\u00fcn ayr\u0131lmaz bir kesimi haline geldi. Lakin yap\u0131lan kolay bir kusur, \u015fof\u00f6rler i\u00e7in vakit kayb\u0131na yol a\u00e7\u0131yor ve trafik ak\u0131\u015f\u0131n\u0131 olumsuz etkiliyor.<\/p>\n","protected":false},"author":1,"featured_media":25821,"comment_status":"open","ping_status":"open","sticky":false,"template":"","format":"standard","meta":{"footnotes":""},"categories":[28],"tags":[428,181,191],"class_list":["post-25820","post","type-post","status-publish","format-standard","has-post-thumbnail","hentry","category-otomobil","tag-alan","tag-park","tag-surucu"],"_links":{"self":[{"href":"https:\/\/ikimisli.tr\/index.php\/wp-json\/wp\/v2\/posts\/25820","targetHints":{"allow":["GET"]}}],"collection":[{"href":"https:\/\/ikimisli.tr\/index.php\/wp-json\/wp\/v2\/posts"}],"about":[{"href":"https:\/\/ikimisli.tr\/index.php\/wp-json\/wp\/v2\/types\/post"}],"author":[{"embeddable":true,"href":"https:\/\/ikimisli.tr\/index.php\/wp-json\/wp\/v2\/users\/1"}],"replies":[{"embeddable":true,"href":"https:\/\/ikimisli.tr\/index.php\/wp-json\/wp\/v2\/comments?post=25820"}],"version-history":[{"count":1,"href":"https:\/\/ikimisli.tr\/index.php\/wp-json\/wp\/v2\/posts\/25820\/revisions"}],"predecessor-version":[{"id":25823,"href":"https:\/\/ikimisli.tr\/index.php\/wp-json\/wp\/v2\/posts\/25820\/revisions\/25823"}],"wp:featuredmedia":[{"embeddable":true,"href":"https:\/\/ikimisli.tr\/index.php\/wp-json\/wp\/v2\/media\/25821"}],"wp:attachment":[{"href":"https:\/\/ikimisli.tr\/index.php\/wp-json\/wp\/v2\/media?parent=25820"}],"wp:term":[{"taxonomy":"category","embeddable":true,"href":"https:\/\/ikimisli.tr\/index.php\/wp-json\/wp\/v2\/categories?post=25820"},{"taxonomy":"post_tag","embeddable":true,"href":"https:\/\/ikimisli.tr\/index.php\/wp-json\/wp\/v2\/tags?post=25820"}],"curies":[{"name":"wp","href":"https:\/\/api.w.org\/{rel}","templated":true}]}}