{"id":25975,"date":"2025-04-12T23:36:07","date_gmt":"2025-04-12T23:36:07","guid":{"rendered":"https:\/\/ikimisli.tr\/?p=25975"},"modified":"2025-04-12T23:36:07","modified_gmt":"2025-04-12T23:36:07","slug":"mustafa-kemalin-askerleri-mustafa-kemalin-huzurunda","status":"publish","type":"post","link":"https:\/\/ikimisli.tr\/index.php\/2025\/04\/12\/mustafa-kemalin-askerleri-mustafa-kemalin-huzurunda\/","title":{"rendered":"Mustafa Kemal&#8217;in askerleri Mustafa Kemal&#8217;in huzurunda"},"content":{"rendered":"<p>Kara Harp Okulu&#8217;nun Mezuniyet Merasimi bittikten sonra Te\u011fmen Yemini edip, &#8216;Mustafa Kemal&#8217;in askerleriyiz&#8217; slogan\u0131 atan te\u011fmenler, ge\u00e7ti\u011fimiz g\u00fcn Y\u00fcksek Disiplin Kurulu taraf\u0131ndan meslekten ihra\u00e7 edilmi\u015fti.<\/p>\n<p>Milli Savunma Bakanl\u0131\u011f\u0131 karar sonras\u0131 yapt\u0131\u011f\u0131 a\u00e7\u0131klamada, &#8220;Y\u00fcksek Disiplin Kurulu taraf\u0131ndan s\u0131ral\u0131 3 disiplin amirine, Kara Kuvvetleri Y\u00fcksek Disiplin Kurulu taraf\u0131ndan 5 te\u011fmene T\u00fcrk Silahl\u0131 Kuvvetleri Disiplin Kanunu ve T\u00fcrk Silahl\u0131 Kuvvetleri Y\u00fcksek Disiplin Heyetleri Y\u00f6netmeli\u011fi amir kararlar\u0131 ile \u00f6b\u00fcr mezk\u00fbr mevzuat mucibince &#8216;Silahl\u0131 Kuvvetlerden Ay\u0131rma Cezas\u0131&#8217; verilmi\u015ftir.\u00d6nceli\u011fi m\u00fcesses disiplinin korumas\u0131 ve idamesi olan T\u00fcrk Silahl\u0131 Kuvvetlerimizde; disipline muhalif hi\u00e7bir hareket, olay ve duruma m\u00fcsamaha g\u00f6sterilmeyece\u011finden en ufak bir ku\u015fku duyulmamal\u0131d\u0131r&#8221; s\u00f6zlerine yer verilmi\u015fti.<\/p>\n<p>Karara kamuoyundan b\u00fcy\u00fck reaksiyon gelirken, Te\u011fmenler avukatlar\u0131 arac\u0131l\u0131\u011f\u0131yla yapt\u0131klar\u0131 a\u00e7\u0131klamada &#8216;Vatan Sa\u011f Olsun&#8217; demi\u015fti.<\/p>\n<p><b>SESS\u0130Z SEDASIZ ANITKAB\u0130R&#8217;E G\u0130TT\u0130LER<\/b><\/p>\n<p>Atat\u00fcrk\u00e7\u00fc 5 Te\u011fmen d\u00fcn sessiz sedas\u0131z An\u0131tkabir&#8217;de Atat\u00fcrk&#8217;\u00fcn huzuruna \u00e7\u0131k\u0131p, hat\u0131ra foto\u011fraf\u0131 \u00e7ektirdi.<\/p>\n<p>Gazeteci M\u00fcyesser Y\u0131ld\u0131z, gen\u00e7 te\u011fmenlerin tarihe ge\u00e7ecek foto\u011fraf\u0131n\u0131 toplumsal medya hesab\u0131nda payla\u015ft\u0131.<\/p>\n","protected":false},"excerpt":{"rendered":"<p>TSK&#8217;dan ihra\u00e7 edilen 5 Atat\u00fcrk\u00e7\u00fc te\u011fmen An\u0131tkabir&#8217;de Atat\u00fcrk&#8217;\u00fcn huzuruna \u00e7\u0131kt\u0131.<\/p>\n","protected":false},"author":1,"featured_media":25976,"comment_status":"open","ping_status":"open","sticky":false,"template":"","format":"standard","meta":{"footnotes":""},"categories":[25],"tags":[1368,2560],"class_list":["post-25975","post","type-post","status-publish","format-standard","has-post-thumbnail","hentry","category-gundem","tag-disiplin","tag-tegmen"],"_links":{"self":[{"href":"https:\/\/ikimisli.tr\/index.php\/wp-json\/wp\/v2\/posts\/25975","targetHints":{"allow":["GET"]}}],"collection":[{"href":"https:\/\/ikimisli.tr\/index.php\/wp-json\/wp\/v2\/posts"}],"about":[{"href":"https:\/\/ikimisli.tr\/index.php\/wp-json\/wp\/v2\/types\/post"}],"author":[{"embeddable":true,"href":"https:\/\/ikimisli.tr\/index.php\/wp-json\/wp\/v2\/users\/1"}],"replies":[{"embeddable":true,"href":"https:\/\/ikimisli.tr\/index.php\/wp-json\/wp\/v2\/comments?post=25975"}],"version-history":[{"count":1,"href":"https:\/\/ikimisli.tr\/index.php\/wp-json\/wp\/v2\/posts\/25975\/revisions"}],"predecessor-version":[{"id":25977,"href":"https:\/\/ikimisli.tr\/index.php\/wp-json\/wp\/v2\/posts\/25975\/revisions\/25977"}],"wp:featuredmedia":[{"embeddable":true,"href":"https:\/\/ikimisli.tr\/index.php\/wp-json\/wp\/v2\/media\/25976"}],"wp:attachment":[{"href":"https:\/\/ikimisli.tr\/index.php\/wp-json\/wp\/v2\/media?parent=25975"}],"wp:term":[{"taxonomy":"category","embeddable":true,"href":"https:\/\/ikimisli.tr\/index.php\/wp-json\/wp\/v2\/categories?post=25975"},{"taxonomy":"post_tag","embeddable":true,"href":"https:\/\/ikimisli.tr\/index.php\/wp-json\/wp\/v2\/tags?post=25975"}],"curies":[{"name":"wp","href":"https:\/\/api.w.org\/{rel}","templated":true}]}}