{"id":26000,"date":"2025-04-13T01:24:18","date_gmt":"2025-04-13T01:24:18","guid":{"rendered":"https:\/\/ikimisli.tr\/?p=26000"},"modified":"2025-04-13T01:24:18","modified_gmt":"2025-04-13T01:24:18","slug":"fidan-filistin-planini-kabul-edilemez-olarak-nitelendirdi","status":"publish","type":"post","link":"https:\/\/ikimisli.tr\/index.php\/2025\/04\/13\/fidan-filistin-planini-kabul-edilemez-olarak-nitelendirdi\/","title":{"rendered":"Fidan, Filistin plan\u0131n\u0131 &#8216;kabul edilemez&#8217; olarak nitelendirdi"},"content":{"rendered":"<div>\n<div>\n<div>\n<div>\n<div>\n<div>\n<div>\n<div>\n<div>\n<div>\n<div>\n<div>\n<div>\n<p>D\u0131\u015fi\u015fleri Bakan\u0131 Hakan Fidan, Trump&#8217;\u0131n &#8220;Filistin halk\u0131n\u0131n Gazze&#8217;den \u00f6teki \u00fclkelere g\u00f6nderilmesine y\u00f6nelik planlar\u0131na kar\u015f\u0131 olduklar\u0131n\u0131&#8221; belirtti. Katar&#8217;da d\u00fczenlenen ortak bas\u0131n toplant\u0131s\u0131nda konu\u015fan Fidan, &#8220;Bu nitekim insanl\u0131k hukukuna muhalif bir teklif&#8221; dedi.<\/p>\n<p>\u0130srail&#8217;in insani yard\u0131mlar\u0131n b\u00f6lgeye ula\u015fmas\u0131n\u0131 engelleyen tavr\u0131ndan vazge\u00e7mesi gerekti\u011fini dile getiren D\u0131\u015fi\u015fleri Bakan\u0131, uluslararas\u0131 toplumun sorumluluk almas\u0131 davetinde bulundu.Fidan, &#8220;Filistin halk\u0131n\u0131n zorla yerinden edilmesi kabul edilemez&#8221; tabirini yineledi.<\/p>\n<p>Katar D\u0131\u015fi\u015fleri Bakan\u0131 Muhammed bin Abdurrahman Al Sani, Filistinlilerin kendi topraklar\u0131nda kalmalar\u0131n\u0131 sa\u011flamak i\u00e7in her t\u00fcrl\u00fc takviyesi vermeye haz\u0131r olduklar\u0131n\u0131 s\u00f6yledi.<\/p>\n<p>Al Sani, Suriye&#8217;ye insani yard\u0131m ula\u015ft\u0131r\u0131lmas\u0131 konusunda Fidan ile ortak bir anlay\u0131\u015fa sahip olduklar\u0131n\u0131 belirtti. G\u00f6r\u00fc\u015fmelerde ayr\u0131yeten Gazze&#8217;deki ate\u015fkes s\u00fcrecinin devaml\u0131l\u0131\u011f\u0131n\u0131 sa\u011flama yollar\u0131n\u0131n de\u011ferlendirildi\u011fini s\u00f6yledi.<\/p>\n<p><img decoding=\"async\" src=\"https:\/\/ikimisli.tr\/wp-content\/uploads\/2025\/04\/fidan-filistin-planini-kabul-edilemez-olarak-nitelendirdi-0-XxeCQgJk.jpg\"\/><\/p>\n<p><b>SUR\u0130YE&#8217;DE, KATAR VE T\u00dcRK\u0130YE MUTABIK<\/b><\/p>\n<p>T\u00fcrkiye ve Katar ortas\u0131ndaki stratejik i\u015f birli\u011finin b\u00f6lgedeki bar\u0131\u015f ve g\u00fcvenli\u011fe katk\u0131 sa\u011flad\u0131\u011f\u0131n\u0131 vurgulayan Fidan, iki \u00fclkenin Suriye&#8217;deki insani ve siyasi krize tahlil bulma konusunda ortak bir yakla\u015f\u0131m sergiledi\u011fini tabir etti.<\/p>\n<p>Fidan, T\u00fcrkiye&#8217;nin Suriye&#8217;deki ter\u00f6r \u00f6rg\u00fctlerine kar\u015f\u0131 duru\u015funun de\u011fi\u015fmeyece\u011fini s\u00f6yledi. &#8220;Yeni idarenin PKK\/YPG&#8217;ye y\u00f6nelik ad\u0131mlar\u0131n\u0131 yak\u0131ndan izliyoruz&#8221; diyen Fidan, Gazze&#8217;deki ate\u015fkesin s\u00fcrd\u00fcr\u00fclmesi gerekti\u011fini belirtti.<\/p>\n<p>Fidan ile yapt\u0131\u011f\u0131 g\u00f6r\u00fc\u015fmede Filistin ve Suriye&#8217;deki geli\u015fmeleri ele ald\u0131klar\u0131n\u0131 belirten Al Sani, Suriye&#8217;ye y\u00f6nelik milletleraras\u0131 yapt\u0131r\u0131mlar\u0131n kald\u0131r\u0131lmas\u0131 gerekti\u011fini vurgulad\u0131. Katar\u2019\u0131n, Suriye halk\u0131n\u0131n temel gereksinimlerini kar\u015f\u0131lamaya y\u00f6nelik gayretlere takviye vermeye devam edece\u011fini tabir etti.<\/p>\n<p>&#8220;B\u00f6lgedeki istikrar\u0131n korunmas\u0131 i\u00e7in memleketler aras\u0131 toplumun daha kararl\u0131 bir duru\u015f sergilemesi gerekiyor&#8221; diyen Al Sani, Katar ve T\u00fcrkiye&#8217;nin bu s\u00fcre\u00e7te etkin rol \u00fcstlenmeye devam edece\u011fini kaydetti.<\/p>\n<\/p><\/div>\n<\/p><\/div>\n<\/p><\/div>\n<\/p><\/div>\n<\/p><\/div>\n<\/p><\/div>\n<\/p><\/div>\n<\/p><\/div>\n<\/p><\/div>\n<\/p><\/div>\n<\/p><\/div>\n<\/p><\/div>\n<\/p><\/div>\n","protected":false},"excerpt":{"rendered":"<p>D\u0131\u015fi\u015fleri Bakan\u0131 Hakan Fidan, Filistin halk\u0131n\u0131n Gazze&#8217;den zorla g\u00f6nderilmesine y\u00f6nelik planlara sert reaksiyon g\u00f6sterdi. Katar&#8217;daki temaslar\u0131nda, milletleraras\u0131 toplumun sorumluluk almas\u0131 gerekti\u011fini vurgulayan Fidan, \u0130srail\u2019in insani yard\u0131mlar\u0131 engelleyen tavr\u0131ndan vazge\u00e7mesi davetinde bulundu.<\/p>\n","protected":false},"author":1,"featured_media":26001,"comment_status":"open","ping_status":"open","sticky":false,"template":"","format":"standard","meta":{"footnotes":""},"categories":[43],"tags":[720,1106,295],"class_list":["post-26000","post","type-post","status-publish","format-standard","has-post-thumbnail","hentry","category-dunya","tag-fidan","tag-katar","tag-suriye"],"_links":{"self":[{"href":"https:\/\/ikimisli.tr\/index.php\/wp-json\/wp\/v2\/posts\/26000","targetHints":{"allow":["GET"]}}],"collection":[{"href":"https:\/\/ikimisli.tr\/index.php\/wp-json\/wp\/v2\/posts"}],"about":[{"href":"https:\/\/ikimisli.tr\/index.php\/wp-json\/wp\/v2\/types\/post"}],"author":[{"embeddable":true,"href":"https:\/\/ikimisli.tr\/index.php\/wp-json\/wp\/v2\/users\/1"}],"replies":[{"embeddable":true,"href":"https:\/\/ikimisli.tr\/index.php\/wp-json\/wp\/v2\/comments?post=26000"}],"version-history":[{"count":1,"href":"https:\/\/ikimisli.tr\/index.php\/wp-json\/wp\/v2\/posts\/26000\/revisions"}],"predecessor-version":[{"id":26003,"href":"https:\/\/ikimisli.tr\/index.php\/wp-json\/wp\/v2\/posts\/26000\/revisions\/26003"}],"wp:featuredmedia":[{"embeddable":true,"href":"https:\/\/ikimisli.tr\/index.php\/wp-json\/wp\/v2\/media\/26001"}],"wp:attachment":[{"href":"https:\/\/ikimisli.tr\/index.php\/wp-json\/wp\/v2\/media?parent=26000"}],"wp:term":[{"taxonomy":"category","embeddable":true,"href":"https:\/\/ikimisli.tr\/index.php\/wp-json\/wp\/v2\/categories?post=26000"},{"taxonomy":"post_tag","embeddable":true,"href":"https:\/\/ikimisli.tr\/index.php\/wp-json\/wp\/v2\/tags?post=26000"}],"curies":[{"name":"wp","href":"https:\/\/api.w.org\/{rel}","templated":true}]}}