{"id":26100,"date":"2025-04-13T08:24:06","date_gmt":"2025-04-13T08:24:06","guid":{"rendered":"https:\/\/ikimisli.tr\/?p=26100"},"modified":"2025-04-13T08:24:06","modified_gmt":"2025-04-13T08:24:06","slug":"usta-sanatci-etem-caliskan-son-yolculuguna-ugurlandi","status":"publish","type":"post","link":"https:\/\/ikimisli.tr\/index.php\/2025\/04\/13\/usta-sanatci-etem-caliskan-son-yolculuguna-ugurlandi\/","title":{"rendered":"Usta sanat\u00e7\u0131 Etem \u00c7al\u0131\u015fkan son yolculu\u011funa u\u011furland\u0131"},"content":{"rendered":"<p>Ders kitaplar\u0131nda yer alan Atat\u00fcrk&#8217;\u00fcn Gen\u00e7li\u011fe Hitabe ve \u0130stiklal Mar\u015f\u0131&#8217;n\u0131 yazan ki\u015fi olarak tan\u0131nan, me\u015fhur Atat\u00fcrk portresinin \u00e7izeri ve Atat\u00fcrk&#8217;\u00fcn imzas\u0131n\u0131 stilize eden Etem \u00c7al\u0131\u015fkan i\u00e7in Levent Afet Yolal Mescidi&#8217;nde merasim d\u00fczenlendi.<\/p>\n<p>Cenazeye, ailesi ve sevenlerinin yan\u0131 s\u0131ra sanat ve akademi d\u00fcnyas\u0131ndan bir\u00e7ok isim kat\u0131ld\u0131.<\/p>\n<p>97 ya\u015f\u0131nda hayat\u0131n\u0131 kaybeden \u00c7al\u0131\u015fkan&#8217;\u0131n cenazesi, k\u0131l\u0131nan namaz\u0131n akabinde defnedilmek \u00fczere Mersin&#8217;e g\u00f6nderildi.<\/p>\n<p><b>&#8216;GEN\u00c7ELRE \u00d6RNEK OLAN SANATKARDI&#8217;<\/b><\/p>\n<p>Cenazeye kat\u0131lan gazeteci Mehmet Nuri Yard\u0131m, AA muhabirine yapt\u0131\u011f\u0131 a\u00e7\u0131klamada, \u00c7al\u0131\u015fkan&#8217;\u0131n \u00e7ok de\u011ferli bir ressam, hattat, kaligrafi ustas\u0131, grafiker ve d\u00f6rt d\u00f6rtl\u00fck bir sanatkar oldu\u011funu tabir ederek, &#8220;Benim g\u00f6z\u00fcmde, g\u00f6nl\u00fcmde bir g\u00f6n\u00fcl, dost insand\u0131r. Dostluklar\u0131 \u00e7ok kavi, uygun ve sa\u011flamd\u0131. Kendisi \u00f6mr\u00fcn\u00fc T\u00fcrk sanat\u0131na, foto\u011fraf\u0131na ve abide \u015fahsiyetlerine adam\u0131\u015f bir insand\u0131. Kur&#8217;an-\u0131 Kerim&#8217;i ba\u015ftan sona kaligrafi olarak yeni bir stilde kaleme ald\u0131. Bu manada gen\u00e7lere de \u00f6rnek olan bir sanatkard\u0131.&#8221; diye konu\u015ftu.<\/p>\n<p>\u00c7al\u0131\u015fkan&#8217;\u0131n ge\u00e7mi\u015fteki ho\u015fluklar\u0131, sanat\u0131yla bug\u00fcne ta\u015f\u0131yan bir usta oldu\u011funa i\u015faret eden Yard\u0131m, &#8220;Etem \u00c7al\u0131\u015fkan, bu istikametiyle hi\u00e7 unutulmayacak. Yahya Kemal&#8217;in tabiriyle &#8216;k\u00f6k\u00fc mazide olan bir ati&#8217;ydi. K\u00f6k\u00fc ge\u00e7mi\u015fteydi lakin gelece\u011fe uzanan bir sanat icra etti. An\u0131s\u0131 da hi\u00e7bir vakit unutulmayacak. Yakla\u015f\u0131k bir as\u0131rl\u0131k bir \u00f6mre sahip ve \u00f6mr\u00fcn\u00fcn son y\u0131llar\u0131na kadar gen\u00e7lere sanat\u0131 sevdirmeye, anlatmaya \u00e7al\u0131\u015ft\u0131.&#8221; tabirlerini kulland\u0131.<\/p>\n<p>Yard\u0131m, \u00c7al\u0131\u015fkan&#8217;\u0131n \u00f6rnek bir ki\u015filik oldu\u011funu vurgulayarak, \u015f\u00f6yle devam etti:<\/p>\n<p>&#8220;En son Fatih&#8217;te kurslar veriyordu ve gen\u00e7leri yeti\u015ftiriyordu. Ondan istifade eden bir\u00e7ok genci tan\u0131yorum. Bu gen\u00e7lerimiz onun a\u00e7t\u0131\u011f\u0131 ho\u015f sanat yolunda ilerleyecek ve gelece\u011fe kal\u0131c\u0131 eserler b\u0131rakacaklar. \u00dcmidimiz, inanc\u0131m\u0131z, duam\u0131z \u015fudur ki, yeni Ethem \u00c7al\u0131\u015fkanlar, sanatkarlar \u00e7\u0131ks\u0131n ve harika sanat\u0131m\u0131z\u0131, k\u00fclt\u00fcr\u00fcm\u00fcz\u00fc, medeniyetimizi gelecek jenerasyonlara ta\u015f\u0131s\u0131nlar.&#8221;\u00a0<\/p>\n<p><b>&#8216;B\u00d6YLE BE\u015eERLER KOLAY YET\u0130\u015eM\u0130YOR&#8217;<\/b><\/p>\n<p>\u00c7al\u0131\u015fkan&#8217;\u0131n \u00e7al\u0131\u015fma arkada\u015flar\u0131ndan gazeteci Seraceddin Z\u0131dd\u0131o\u011flu da Etem \u00c7al\u0131\u015fkan&#8217;\u0131n fevkalade bir sanat\u00e7\u0131 oldu\u011funu lisana getirdi.\u00a0<\/p>\n<p>Z\u0131dd\u0131o\u011flu, &#8220;Atat\u00fcrk foto\u011fraf\u0131n\u0131 yapmas\u0131 bir bu\u00e7uk ay s\u00fcrd\u00fc. O resmi yaparken yan\u0131na masraf onu izlerdik. Abdi \u0130pek\u00e7i de gelir, &#8216;ne vakit bitecek&#8217; diye sorard\u0131. Gelecek ku\u015fa\u011f\u0131n onu \u00f6rnek almas\u0131 laz\u0131m. Etem \u00c7al\u0131\u015fkan, \u00e7al\u0131\u015f\u0131rken \u00e7ok titizdi, sa\u011f\u0131na soluna bakmazd\u0131. Ke\u015fke gen\u00e7ler onu \u00e7al\u0131\u015f\u0131rken g\u00f6rselerdi. Oradan bir renk, his al\u0131rlard\u0131. \u00c7ok b\u00fcy\u00fck bir isim. Benim de nikah davetiyemi el yaz\u0131s\u0131yla yazd\u0131. Hala sakl\u0131yorum.&#8221; s\u00f6zlerini kulland\u0131.<\/p>\n<p>Gazeteci Metin \u00d6zy\u0131ld\u0131r\u0131m ise \u00c7al\u0131\u015fkan ile uzun y\u0131llar birlikte \u00e7al\u0131\u015ft\u0131klar\u0131n\u0131 aktararak, &#8220;Etem \u00c7al\u0131\u015fkan, Atat\u00fcrk ressam\u0131 olarak tan\u0131n\u0131rd\u0131. Karakalem \u00e7izgisini \u00e7ok g\u00fczel kullanan bir sanat\u00e7\u0131yd\u0131. \u00c7ok ho\u015f dostluklar edindi. Mevtin ho\u015fu olmaz. Maalesef o ho\u015f olmayan \u015feyi ya\u015fad\u0131k. Bu be\u015ferler kolay kolay yeti\u015fmez.&#8221; dedi.<\/p>\n","protected":false},"excerpt":{"rendered":"<p>D\u00fcn hayat\u0131n\u0131 kaybeden T\u00fcrkiye Gazeteciler Cemiyeti \u00fcyesi, 2005 Burhan Felek Bas\u0131n Hizmet M\u00fckafat\u0131, Bas\u0131n Onur Kart\u0131 sahibi ve hattat Etem \u00c7al\u0131\u015fkan topra\u011fa verildi.<\/p>\n","protected":false},"author":1,"featured_media":26101,"comment_status":"open","ping_status":"open","sticky":false,"template":"","format":"standard","meta":{"footnotes":""},"categories":[25],"tags":[197,4612,2429,1111,893],"class_list":["post-26100","post","type-post","status-publish","format-standard","has-post-thumbnail","hentry","category-gundem","tag-ataturk","tag-caliskan","tag-gencler","tag-guzel","tag-sanat"],"_links":{"self":[{"href":"https:\/\/ikimisli.tr\/index.php\/wp-json\/wp\/v2\/posts\/26100","targetHints":{"allow":["GET"]}}],"collection":[{"href":"https:\/\/ikimisli.tr\/index.php\/wp-json\/wp\/v2\/posts"}],"about":[{"href":"https:\/\/ikimisli.tr\/index.php\/wp-json\/wp\/v2\/types\/post"}],"author":[{"embeddable":true,"href":"https:\/\/ikimisli.tr\/index.php\/wp-json\/wp\/v2\/users\/1"}],"replies":[{"embeddable":true,"href":"https:\/\/ikimisli.tr\/index.php\/wp-json\/wp\/v2\/comments?post=26100"}],"version-history":[{"count":1,"href":"https:\/\/ikimisli.tr\/index.php\/wp-json\/wp\/v2\/posts\/26100\/revisions"}],"predecessor-version":[{"id":26102,"href":"https:\/\/ikimisli.tr\/index.php\/wp-json\/wp\/v2\/posts\/26100\/revisions\/26102"}],"wp:featuredmedia":[{"embeddable":true,"href":"https:\/\/ikimisli.tr\/index.php\/wp-json\/wp\/v2\/media\/26101"}],"wp:attachment":[{"href":"https:\/\/ikimisli.tr\/index.php\/wp-json\/wp\/v2\/media?parent=26100"}],"wp:term":[{"taxonomy":"category","embeddable":true,"href":"https:\/\/ikimisli.tr\/index.php\/wp-json\/wp\/v2\/categories?post=26100"},{"taxonomy":"post_tag","embeddable":true,"href":"https:\/\/ikimisli.tr\/index.php\/wp-json\/wp\/v2\/tags?post=26100"}],"curies":[{"name":"wp","href":"https:\/\/api.w.org\/{rel}","templated":true}]}}