{"id":26162,"date":"2025-04-13T11:48:18","date_gmt":"2025-04-13T11:48:18","guid":{"rendered":"https:\/\/ikimisli.tr\/?p=26162"},"modified":"2025-04-13T11:48:18","modified_gmt":"2025-04-13T11:48:18","slug":"ege-ve-akdeniz-besik-gibi-son-24-saatte-onlarca-deprem","status":"publish","type":"post","link":"https:\/\/ikimisli.tr\/index.php\/2025\/04\/13\/ege-ve-akdeniz-besik-gibi-son-24-saatte-onlarca-deprem\/","title":{"rendered":"Ege ve Akdeniz be\u015fik gibi! Son 24 saatte onlarca deprem"},"content":{"rendered":"<p>Ege Denizi ve Akdeniz&#8217;de sismik hareketlilik devam ediyor; son 24 saatte onlarca k\u00fc\u00e7\u00fck \u00f6l\u00e7ekli, Richter \u00f6l\u00e7e\u011fine nazaran 4&#8217;ten b\u00fcy\u00fck 9 sars\u0131nt\u0131 meydana geldi&#8230;<\/p>\n<p>Afet ve Acil Durum \u0130daresi Ba\u015fkanl\u0131\u011f\u0131 (AFAD) ve Kandilli Rasathanesi datalar\u0131ndan edinilen bilgilere g\u00f6re, Ege Denizi ve Akdeniz&#8217;de \u00e7ok say\u0131da sars\u0131nt\u0131 tespit edildi.<\/p>\n<p>D\u00fcn ya\u015fanan irili ufakl\u0131 sars\u0131nt\u0131lar\u0131n akabinde bug\u00fcn son olarak saat 18.08&#8217;de Ege Denizi&#8217;nde 3,6 b\u00fcy\u00fckl\u00fc\u011f\u00fcnde zelzele meydana geldi. Akdeniz&#8217;de ise saat 14.18&#8217;de 3,2 b\u00fcy\u00fckl\u00fc\u011f\u00fcnde sars\u0131nt\u0131 oldu.<\/p>\n<p>\u00d6te yandan Akdeniz ve Ege Denizi&#8217;nde Yunanistan ve birtak\u0131m adalara yak\u0131n k\u0131s\u0131mda de sars\u0131nt\u0131lar meydana geldi\u011fi bildirilirken 4 ila 4,8 ortas\u0131nda, toplam 9 zelzele kay\u0131tlara ge\u00e7ti.<\/p>\n<p><img decoding=\"async\" src=\"https:\/\/ikimisli.tr\/wp-content\/uploads\/2025\/04\/ege-ve-akdeniz-besik-gibi-son-24-saatte-onlarca-deprem-0-QGfLd8Tz.png\"\/><\/p>\n<p><b>UZMANLARDAN \u0130HTARLAR GELD\u0130<\/b><\/p>\n<p>Depremlerin akabinde yer bilimci Prof. Dr. Naci G\u00f6r\u00fcr, toplumsal medya \u00fczerinden dikkat \u00e7eken bir ikazda bulundu.<\/p>\n<p><b>EGE&#8217;DEK\u0130 VATANDA\u015eLARA SESLEND\u0130<\/b><\/p>\n<p>Ege&#8217;de ya\u015fayan vatanda\u015flara seslenen G\u00f6r\u00fcr, &#8220;Son Arkada\u015flar Yunanistan\u2019\u0131n Ege Denizindeki Santorini Adas\u0131n\u0131n kuzey do\u011fusunda d\u00fcnden beri gitgide s\u0131kla\u015fan sars\u0131nt\u0131lardan bahsetmi\u015ftim. Bug\u00fcn de gitgide artmas\u0131 \u00fczerine Ege k\u0131y\u0131lar\u0131m\u0131zda s\u00f6zkonusu yere yak\u0131n vatanda\u015flar\u0131m\u0131z\u0131n dikkatli olmas\u0131n\u0131 \u00f6neriyorum&#8221; s\u00f6zlerini kulland\u0131.<\/p>\n<p><img decoding=\"async\" src=\"https:\/\/ikimisli.tr\/wp-content\/uploads\/2025\/04\/ege-ve-akdeniz-besik-gibi-son-24-saatte-onlarca-deprem-1-GqSJ8awv.png\"\/><\/p>\n<p><b>ERCAN NEDEN\u0130N\u0130 A\u00c7IKLADI<\/b><\/p>\n<p>Sismik hareketlili\u011fin s\u00fcrd\u00fc\u011f\u00fc b\u00f6lgede bug\u00fcn de 15.55\u2019e kadar b\u00fcy\u00fckl\u00fckleri 2.2 ila 4.8 ortas\u0131nda de\u011fi\u015fen 18 zelzele daha meydana geldi.<\/p>\n<p>Jeofizik Y\u00fcksek M\u00fchendisi Prof. Dr. \u00d6vg\u00fcn Ahmet Ercan, Ege Denizi&#8217;ndeki sars\u0131nt\u0131 f\u0131rt\u0131nas\u0131na y\u00f6nelik a\u00e7\u0131klama yapt\u0131.<\/p>\n<p><img decoding=\"async\" src=\"https:\/\/ikimisli.tr\/wp-content\/uploads\/2025\/04\/ege-ve-akdeniz-besik-gibi-son-24-saatte-onlarca-deprem-2-2ZUJOMbI.png\"\/><\/p>\n<p>Prof. Dr. Ercan, bu sars\u0131nt\u0131 f\u0131rt\u0131nas\u0131n\u0131n k\u00f6keninin b\u00fcsb\u00fct\u00fcn denizin i\u00e7indeki yanarda\u011fa ba\u011fl\u0131 oldu\u011funu \u00f6ne s\u00fcrd\u00fc.<\/p>\n<p>Santorini Yanarda\u011f\u0131 ile alakal\u0131 bir zelzele f\u0131rt\u0131nas\u0131 ya\u015fand\u0131\u011f\u0131n\u0131 lisana getiren Prof. Dr. Ercan, &#8220;Magmadan yakla\u015f\u0131k 45 kilometre derinden gelen, 1200 santigrat derece s\u0131cakl\u0131\u011f\u0131ndaki erimi\u015f y\u00fcksek k\u0131vaml\u0131 magma, y\u00fcksek bas\u0131n\u00e7la \u00fcstteki magma odalar\u0131n\u0131 dolduruyor. Yakla\u015f\u0131k 250 kilobarl\u0131k bas\u0131n\u00e7la ve 2 bin 200 santigrat derece s\u0131cakl\u0131kla oraya bas\u0131yor. Bu bask\u0131, b\u00f6lgenin patlama i\u00e7in bas\u0131nc\u0131n\u0131 art\u0131r\u0131yor. Bas\u0131nc\u0131n artmas\u0131 sonucunda da zelzeleler olu\u015fuyor&#8221; diye konu\u015ftu.<\/p>\n<p><b>&#8216;T\u00dcRK\u0130YE KIYILARINI DA ETK\u0130LEYEB\u0130L\u0130R&#8217;<\/b><\/p>\n<p>Prof. Dr. Ercan, &#8220;Herkes bunun sonucunda ne olacak diye merak ediyor. Bunun sonucunda, ta\u015f ve topaklar\u0131n f\u0131rlat\u0131ld\u0131\u011f\u0131 patlama ger\u00e7ekle\u015febilir. Bu patlama faal olur. Zelzele \u00fcretimi de olabilir. Bu \u00fcretim de 5 ile 7 ortas\u0131nda sars\u0131nt\u0131ya da neden olabilir. Zelzeleyle birlikte s\u00fcp\u00fcrt\u00fc dalgalar\u0131 olu\u015fabilir. Bu dalgalar b\u00fct\u00fcn Ege&#8217;deki adalar\u0131, Girit&#8217;i, Yunanistan k\u0131y\u0131lar\u0131n\u0131 ve T\u00fcrkiye k\u0131y\u0131lar\u0131n\u0131 da etkileyebilir&#8221; tabirlerini kulland\u0131.<\/p>\n","protected":false},"excerpt":{"rendered":"<p>Ege ve Akdeniz&#8217;de son 24 saatte onlarca k\u00fc\u00e7\u00fck \u00f6l\u00e7ekli zelzele meydana geldi\u011fi bildirildi. Pe\u015f pe\u015fe zelzelelerin akabinde uzmanlardan da ihtarlar geldi.<\/p>\n","protected":false},"author":1,"featured_media":26163,"comment_status":"open","ping_status":"open","sticky":false,"template":"","format":"standard","meta":{"footnotes":""},"categories":[25],"tags":[285,4623,3869,66,839],"class_list":["post-26162","post","type-post","status-publish","format-standard","has-post-thumbnail","hentry","category-gundem","tag-deprem","tag-ege-denizi","tag-ercan","tag-geldi","tag-prof-dr"],"_links":{"self":[{"href":"https:\/\/ikimisli.tr\/index.php\/wp-json\/wp\/v2\/posts\/26162","targetHints":{"allow":["GET"]}}],"collection":[{"href":"https:\/\/ikimisli.tr\/index.php\/wp-json\/wp\/v2\/posts"}],"about":[{"href":"https:\/\/ikimisli.tr\/index.php\/wp-json\/wp\/v2\/types\/post"}],"author":[{"embeddable":true,"href":"https:\/\/ikimisli.tr\/index.php\/wp-json\/wp\/v2\/users\/1"}],"replies":[{"embeddable":true,"href":"https:\/\/ikimisli.tr\/index.php\/wp-json\/wp\/v2\/comments?post=26162"}],"version-history":[{"count":1,"href":"https:\/\/ikimisli.tr\/index.php\/wp-json\/wp\/v2\/posts\/26162\/revisions"}],"predecessor-version":[{"id":26167,"href":"https:\/\/ikimisli.tr\/index.php\/wp-json\/wp\/v2\/posts\/26162\/revisions\/26167"}],"wp:featuredmedia":[{"embeddable":true,"href":"https:\/\/ikimisli.tr\/index.php\/wp-json\/wp\/v2\/media\/26163"}],"wp:attachment":[{"href":"https:\/\/ikimisli.tr\/index.php\/wp-json\/wp\/v2\/media?parent=26162"}],"wp:term":[{"taxonomy":"category","embeddable":true,"href":"https:\/\/ikimisli.tr\/index.php\/wp-json\/wp\/v2\/categories?post=26162"},{"taxonomy":"post_tag","embeddable":true,"href":"https:\/\/ikimisli.tr\/index.php\/wp-json\/wp\/v2\/tags?post=26162"}],"curies":[{"name":"wp","href":"https:\/\/api.w.org\/{rel}","templated":true}]}}