{"id":26315,"date":"2025-04-13T21:00:09","date_gmt":"2025-04-13T21:00:09","guid":{"rendered":"https:\/\/ikimisli.tr\/?p=26315"},"modified":"2025-04-13T21:00:09","modified_gmt":"2025-04-13T21:00:09","slug":"yunanistanda-pespese-200-deprem-hukumet-acil-toplaniyor","status":"publish","type":"post","link":"https:\/\/ikimisli.tr\/index.php\/2025\/04\/13\/yunanistanda-pespese-200-deprem-hukumet-acil-toplaniyor\/","title":{"rendered":"Yunanistan&#8217;da pe\u015fpe\u015fe 200 deprem! H\u00fck\u00fcmet acil toplan\u0131yor"},"content":{"rendered":"<p>\u00a0<\/p>\n<p>\u00a0<\/p>\n<p>Ege Denizi\u2019nde son 48 saat i\u00e7inde en b\u00fcy\u00fc\u011f\u00fc 4,5 b\u00fcy\u00fckl\u00fc\u011f\u00fcnde olmak \u00fczere 200\u2019den fazla sars\u0131nt\u0131 meydana geldi. Arka arda ya\u015fanan zelzeleler, b\u00f6lgede pani\u011fe neden olurken, Yunanistan Ba\u015fbakan\u0131 Kyriakos Mi\u00e7otakis acil toplant\u0131 karar\u0131 ald\u0131.<\/p>\n<p><b>Ege Denizi\u2019nde Sismik Hareketlilik Art\u0131yor<\/b><\/p>\n<p>Afet ve Acil Durum \u0130daresi Ba\u015fkanl\u0131\u011f\u0131\u2019n\u0131n (AFAD) internet sitesinde yer alan bilgilere nazaran, saat 20.41\u2019de merkez \u00fcss\u00fc Ege Denizi olan 4,5 b\u00fcy\u00fckl\u00fc\u011f\u00fcnde bir zelzele kaydedildi.<\/p>\n<p>Son 48 saat i\u00e7erisinde b\u00f6lgede pe\u015f pe\u015fe meydana gelen sars\u0131nt\u0131lar dikkat \u00e7ekerken, zelzelenin 10,45 kilometre derinlikte ger\u00e7ekle\u015fti\u011fi belirlendi.<\/p>\n<p><b>Santorini Adas\u0131 ve Etraf\u0131nda Sars\u0131nt\u0131 F\u0131rt\u0131nas\u0131<\/b><\/p>\n<p>Yunanistan\u2019\u0131n volkanik yap\u0131s\u0131yla bilinen Santorini Adas\u0131 ve etraf\u0131nda sismik hareketlilik giderek art\u0131yor. Son g\u00fcnlerde b\u00f6lgede bir\u00e7ok volkanik aktivite de g\u00f6zlemlendi. Lakin yetkililer, bu zelzelelerin Santorini\u2019deki yanarda\u011f ile temasl\u0131 olmad\u0131\u011f\u0131n\u0131 a\u00e7\u0131klad\u0131.<\/p>\n<p>Kiklad Adalar\u0131\u2019n\u0131 da kapsayan b\u00f6lgede son 48 saatte 200\u2019den fazla sars\u0131nt\u0131n\u0131n ya\u015fand\u0131\u011f\u0131 bildirildi.<\/p>\n<p>Okullar Tatil Edildi, Acil M\u00fcdahale Gruplar\u0131 G\u00f6revlendirildi<\/p>\n<p>Depremler nedeniyle Yunan h\u00fck\u00fcmeti alarm durumuna ge\u00e7ti. Ba\u015fbakan Mi\u00e7otakis ba\u015fkanl\u0131\u011f\u0131nda toplanan acil durum komitesi, d\u00f6rt adada okullar\u0131n tatil edilmesine ve b\u00f6lgedeki aktifliklerin iptal edilmesine karar verdi.<\/p>\n<p>\u00d6nlem olarak bir kurtarma grubu b\u00f6lgeye sevk edilirken, Santorini\u2019de dron operat\u00f6rleri ve kurtarma helikopterleri de haz\u0131r bekletiliyor.<\/p>\n<p><b>AFAD&#8217;DAN A\u00c7IKLAMA<\/b><\/p>\n<p>AFAD&#8217;\u0131n toplumsal medya hesab\u0131ndan yap\u0131lan a\u00e7\u0131klanmada ise \u015fu a\u00e7\u0131klama yap\u0131ld\u0131.<\/p>\n<p>Ege Denizi\u2019nde 28 Ocak 2025 tarihinden itibaren a\u011f\u0131rla\u015fan sismik hareketlilik devam ediyor. Son bilgilere nazaran, b\u00f6lgede meydana gelen sars\u0131nt\u0131lar\u0131n say\u0131s\u0131 400\u2019\u00fcn \u00fczerine \u00e7\u0131kt\u0131.<\/p>\n<p>\ud83d\udd39 En B\u00fcy\u00fck Sars\u0131nt\u0131 4.8 Mw B\u00fcy\u00fckl\u00fc\u011f\u00fcnde<\/p>\n<p>Deprem f\u0131rt\u0131nas\u0131 formunda s\u00fcren bu aktivite s\u0131ras\u0131nda \u015fimdiye kadar kaydedilen en b\u00fcy\u00fck sars\u0131nt\u0131 4.8 Mw b\u00fcy\u00fckl\u00fc\u011f\u00fcnde oldu.<\/p>\n<p>\ud83d\udd39 Santorini Adas\u0131\u2019na Yak\u0131n B\u00f6lgede Art\u0131\u015f G\u00f6steriyor<\/p>\n<p>Sars\u0131nt\u0131lar, Santorini Adas\u0131\u2019n\u0131n yakla\u015f\u0131k 25 kilometre kuzeydo\u011fusunda a\u011f\u0131rla\u015f\u0131yor. Sars\u0131nt\u0131lar\u0131n derinli\u011fi 5 ila 25 kilometre ortas\u0131nda de\u011fi\u015fiyor.<\/p>\n<p>\ud83d\udd39 T\u00fcrkiye K\u0131y\u0131lar\u0131na 140 Kilometre Mesafede<\/p>\n<p>Ya\u015fanan sars\u0131nt\u0131lardan en yak\u0131n\u0131, T\u00fcrkiye k\u0131y\u0131lar\u0131na 140 kilometre uzakl\u0131kta meydana geldi.<\/p>\n<p>\ud83d\udd39 Daha Evvel Benzeri Bir S\u00fcre\u00e7 Ya\u015fand\u0131<\/p>\n<p>2011-2012 y\u0131llar\u0131nda da birebir b\u00f6lgede misal bir sismik hareketlilik g\u00f6zlemlenmi\u015f, 14 ay s\u00fcren bu s\u00fcre\u00e7te rastgele bir volkanik aktivite olu\u015fmam\u0131\u015ft\u0131.<\/p>\n<p>\ud83d\udd39 AFAD ve Bilim \u0130nsanlar\u0131 S\u00fcreci Yak\u0131ndan Takip Ediyor<\/p>\n<p>T\u00fcrkiye\u2019deki bilim insanlar\u0131 ve ara\u015ft\u0131rmac\u0131lar, b\u00f6lgedeki sismik hareketlili\u011fi AFAD ile koordineli olarak farkl\u0131 a\u00e7\u0131lardan pahaland\u0131r\u0131yor. Uzmanlar, zelzele, volkanik aktivite ve tsunami \u00fczere m\u00fcmk\u00fcn riskleri titizlikle inceliyor.<\/p>\n","protected":false},"excerpt":{"rendered":"<p>Ege Denizi&#8217;nde son 48 saat i\u00e7inde en b\u00fcy\u00fc\u011f\u00fc 4,5 b\u00fcy\u00fckl\u00fc\u011f\u00fcnde olmak \u00fczere 400&#8217;den fazla sars\u0131nt\u0131 meydana geldi. Arka arda ger\u00e7ekle\u015fen sars\u0131nt\u0131lar pani\u011fe yol a\u00e7arken, Yunanistan Ba\u015fbakan\u0131 Kyriakos Mi\u00e7otakis acil toplant\u0131 karar\u0131 ald\u0131. AFAD&#8217;Dan yap\u0131lan a\u00e7\u0131klamada zelzele f\u0131rt\u0131nas\u0131n\u0131n T\u00fcrkiye k\u0131y\u0131lar\u0131na 140 kilometre aral\u0131kta ger\u00e7ekle\u015fti\u011fi belirtildi.<\/p>\n","protected":false},"author":1,"featured_media":26316,"comment_status":"open","ping_status":"open","sticky":false,"template":"","format":"standard","meta":{"footnotes":""},"categories":[43],"tags":[530,2358,285,4644,4645],"class_list":["post-26315","post","type-post","status-publish","format-standard","has-post-thumbnail","hentry","category-dunya","tag-afad","tag-bolgede","tag-deprem","tag-santorini","tag-sarsinti"],"_links":{"self":[{"href":"https:\/\/ikimisli.tr\/index.php\/wp-json\/wp\/v2\/posts\/26315","targetHints":{"allow":["GET"]}}],"collection":[{"href":"https:\/\/ikimisli.tr\/index.php\/wp-json\/wp\/v2\/posts"}],"about":[{"href":"https:\/\/ikimisli.tr\/index.php\/wp-json\/wp\/v2\/types\/post"}],"author":[{"embeddable":true,"href":"https:\/\/ikimisli.tr\/index.php\/wp-json\/wp\/v2\/users\/1"}],"replies":[{"embeddable":true,"href":"https:\/\/ikimisli.tr\/index.php\/wp-json\/wp\/v2\/comments?post=26315"}],"version-history":[{"count":1,"href":"https:\/\/ikimisli.tr\/index.php\/wp-json\/wp\/v2\/posts\/26315\/revisions"}],"predecessor-version":[{"id":26317,"href":"https:\/\/ikimisli.tr\/index.php\/wp-json\/wp\/v2\/posts\/26315\/revisions\/26317"}],"wp:featuredmedia":[{"embeddable":true,"href":"https:\/\/ikimisli.tr\/index.php\/wp-json\/wp\/v2\/media\/26316"}],"wp:attachment":[{"href":"https:\/\/ikimisli.tr\/index.php\/wp-json\/wp\/v2\/media?parent=26315"}],"wp:term":[{"taxonomy":"category","embeddable":true,"href":"https:\/\/ikimisli.tr\/index.php\/wp-json\/wp\/v2\/categories?post=26315"},{"taxonomy":"post_tag","embeddable":true,"href":"https:\/\/ikimisli.tr\/index.php\/wp-json\/wp\/v2\/tags?post=26315"}],"curies":[{"name":"wp","href":"https:\/\/api.w.org\/{rel}","templated":true}]}}