{"id":26322,"date":"2025-04-13T21:24:14","date_gmt":"2025-04-13T21:24:14","guid":{"rendered":"https:\/\/ikimisli.tr\/?p=26322"},"modified":"2025-04-13T21:24:14","modified_gmt":"2025-04-13T21:24:14","slug":"tegmenlere-dikkat-ceken-uyari-kimseye-konusmayin","status":"publish","type":"post","link":"https:\/\/ikimisli.tr\/index.php\/2025\/04\/13\/tegmenlere-dikkat-ceken-uyari-kimseye-konusmayin\/","title":{"rendered":"Te\u011fmenlere dikkat \u00e7eken uyar\u0131: Kimseye konu\u015fmay\u0131n"},"content":{"rendered":"<p>\u0130hra\u00e7 edilen te\u011fmenlerin avukatlar\u0131, bas\u0131na da\u011f\u0131t\u0131lan lakin hala kendilerine verilmeyen gerek\u00e7eli karar i\u00e7in bug\u00fcn Ulusal Savunma Bakanl\u0131\u011f\u0131\u2019na ba\u015fvuracak ve karar\u0131n kendilerine verilmesini talep edecek.<\/p>\n<p>Te\u011fmenlere hala \u00e7\u0131karma karar\u0131 bildiri edilmedi\u011fi, bundan sonra ba\u015flayacak t\u00fczel s\u00fcreci dikkate alan avukatlar\u0131, m\u00fcvekkillerinden bilhassa bas\u0131na konu\u015fmamalar\u0131n\u0131 \u00f6nerdi.<\/p>\n<p>Te\u011fmenlere \u015fu evrede siyasallar\u0131n dayanak olmalar\u0131n\u0131n da te\u011fmenlere ziyan verece\u011fini belirten bir avukat, S\u00d6ZC\u00dc\u2019ye \u015funlar\u0131 s\u00f6yledi:<\/p>\n<p>-Karar\u0131n duyurulmas\u0131ndan sonra te\u011fmenlerimizle 9 avukat olarak bir araya geldik. Siyasilerle konu\u015fmamalar\u0131n\u0131 istedik.<\/p>\n<p>-Bu mevzunun siyasi tabana kaymas\u0131n\u0131 ve siyasi propaganda olarak kullan\u0131lmas\u0131n\u0131 istemiyoruz.<\/p>\n<p>-Bu hem avukatlar\u0131 olarak bizim hem de te\u011fmenlerimizin ortak karar\u0131d\u0131r. Kendileri hala subayd\u0131r. At\u0131ld\u0131klar\u0131na ait bir karar da bildiri edilmemi\u015ftir.<\/p>\n<p><b>60 G\u00dcN BEKLENMEYECEK<\/b><\/p>\n<p>-\u201cAy\u0131rma\u201d karar\u0131 verildi\u011fi a\u00e7\u0131klanan te\u011fmenler ve kumandanlar\u0131 ismine karar\u0131n iptali i\u00e7in dava a\u00e7\u0131lacak.<\/p>\n<p>-Dava 60 g\u00fcn i\u00e7inde a\u00e7\u0131l\u0131yor. Fakat, avukatlar 10-15 g\u00fcn i\u00e7inde Ankara Y\u00f6netim Mahkemesi\u2019ne ba\u015fvuracak.<\/p>\n<p>-Karar\u0131n iptal edilmemesi halinde B\u00f6lge Y\u00f6netim Mahkemesi\u2019ne, son olarak da Dan\u0131\u015ftay\u2019a davay\u0131 g\u00f6t\u00fcrecek ve karar kesin olacak.<\/p>\n<p>Bir avukat, \u201cLehimize sonu\u00e7lanmas\u0131n\u0131 bekliyoruz. Zira ortada bir kabahat yok\u201d dedi.<\/p>\n","protected":false},"excerpt":{"rendered":"<p>Te\u011fmenlerin hala asker oldu\u011funu belirten avukatlar\u0131, \u201cBiz bahsin siyasi yere kaymas\u0131n\u0131 ve siyasi propaganda olarak kullan\u0131lmas\u0131n\u0131 istemiyoruz\u201d dediler.<\/p>\n","protected":false},"author":1,"featured_media":26323,"comment_status":"open","ping_status":"open","sticky":false,"template":"","format":"standard","meta":{"footnotes":""},"categories":[25],"tags":[793,149,1367],"class_list":["post-26322","post","type-post","status-publish","format-standard","has-post-thumbnail","hentry","category-gundem","tag-avukat","tag-karar","tag-tegmenler"],"_links":{"self":[{"href":"https:\/\/ikimisli.tr\/index.php\/wp-json\/wp\/v2\/posts\/26322","targetHints":{"allow":["GET"]}}],"collection":[{"href":"https:\/\/ikimisli.tr\/index.php\/wp-json\/wp\/v2\/posts"}],"about":[{"href":"https:\/\/ikimisli.tr\/index.php\/wp-json\/wp\/v2\/types\/post"}],"author":[{"embeddable":true,"href":"https:\/\/ikimisli.tr\/index.php\/wp-json\/wp\/v2\/users\/1"}],"replies":[{"embeddable":true,"href":"https:\/\/ikimisli.tr\/index.php\/wp-json\/wp\/v2\/comments?post=26322"}],"version-history":[{"count":1,"href":"https:\/\/ikimisli.tr\/index.php\/wp-json\/wp\/v2\/posts\/26322\/revisions"}],"predecessor-version":[{"id":26324,"href":"https:\/\/ikimisli.tr\/index.php\/wp-json\/wp\/v2\/posts\/26322\/revisions\/26324"}],"wp:featuredmedia":[{"embeddable":true,"href":"https:\/\/ikimisli.tr\/index.php\/wp-json\/wp\/v2\/media\/26323"}],"wp:attachment":[{"href":"https:\/\/ikimisli.tr\/index.php\/wp-json\/wp\/v2\/media?parent=26322"}],"wp:term":[{"taxonomy":"category","embeddable":true,"href":"https:\/\/ikimisli.tr\/index.php\/wp-json\/wp\/v2\/categories?post=26322"},{"taxonomy":"post_tag","embeddable":true,"href":"https:\/\/ikimisli.tr\/index.php\/wp-json\/wp\/v2\/tags?post=26322"}],"curies":[{"name":"wp","href":"https:\/\/api.w.org\/{rel}","templated":true}]}}