{"id":2634,"date":"2025-01-10T09:06:51","date_gmt":"2025-01-10T09:06:51","guid":{"rendered":"https:\/\/ikimisli.tr\/?p=2634"},"modified":"2025-01-10T09:06:51","modified_gmt":"2025-01-10T09:06:51","slug":"adaletsizligi-gorun","status":"publish","type":"post","link":"https:\/\/ikimisli.tr\/index.php\/2025\/01\/10\/adaletsizligi-gorun\/","title":{"rendered":"Adaletsizli\u011fi g\u00f6r\u00fcn!"},"content":{"rendered":"<p>Gezi olaylar\u0131 davas\u0131 tutuklusu, kent planc\u0131s\u0131 Tayfun Kahraman\u2019\u0131n 5,5 ya\u015f\u0131ndaki k\u0131z\u0131 Vera, \u201cMutlulu\u011fun resmini\u201d istedi. Annesi ile birlikte Silivri Cezaevine giden Vera, babas\u0131ndan yeni y\u0131la e\u011flenerek giren ailesinin foto\u011fraf\u0131n\u0131 \u00e7izmesini istedi. 2 y\u0131l 9 ayd\u0131r tutuklu bulunan Tayfun Kahraman da k\u0131z\u0131, e\u015fi ve kendisi ile yak\u0131n aile dostlar\u0131n\u0131n yeni y\u0131l foto\u011fraf\u0131n\u0131 yapt\u0131.<\/p>\n<p><img decoding=\"async\" src=\"https:\/\/ikimisli.tr\/wp-content\/uploads\/2025\/01\/adaletsizligi-gorun-0-9bihkJeP.jpg\"\/><\/p>\n<p><em><strong>5.5 ya\u015f\u0131ndaki Vera Kahraman, babas\u0131 i\u00e7in gitti\u011fi Silivri Cezaevi\u2019nin \u00f6n\u00fcnde bu t\u00fcrl\u00fc g\u00f6r\u00fcnt\u00fclenmi\u015fti, o denli g\u00f6r\u00fcn\u00fcyor ki babas\u0131n\u0131 lakin b\u00fcy\u00fcd\u00fc\u011f\u00fcnde g\u00f6recek.<\/strong><\/em><\/p>\n<p><strong>VERA DANS ED\u0130YOR<\/strong><\/p>\n<p>Vera bu foto\u011frafta pembe elbisesiyle dans ederken, Meri\u00e7 ve Tayfun Kahraman ile aile dostlar\u0131 ve \u00e7ocuklar\u0131 da yer ald\u0131. Orkestra ve yeni y\u0131l ikramlar\u0131 de resme yans\u0131d\u0131. Vera foto\u011fraf\u0131n bir kopyas\u0131n\u0131 babas\u0131n\u0131 cezaevinde, annesini de konutunda ziyaret eden CHP Genel Lider Yard\u0131mc\u0131s\u0131 Aylin Nazl\u0131aka\u2019ya ikram etti. Nazl\u0131aka g\u00f6r\u00fc\u015fmeyle ilgili S\u00d6ZC\u00dc\u2019ye yapt\u0131\u011f\u0131 a\u00e7\u0131klamada, \u201cTayfun Kahraman, yasal bir hak aray\u0131\u015f\u0131n\u0131n i\u00e7inde yer ald\u0131, yapan bir diyalog taban\u0131 olu\u015fturmaya \u00e7al\u0131\u015ft\u0131, uzla\u015f\u0131y\u0131 \u00f6n planda tuttu. Buna kar\u015f\u0131n hangi kan\u0131t var da 2 y\u0131l 9 ayd\u0131r tutsak ve e\u015fi Meri\u00e7\u2019ten, k\u0131z\u0131 Vera\u2019dan farkl\u0131 d\u00f6rt duvar ortas\u0131nda ya\u015f\u0131yor. Muhaliflerin hi\u00e7birine hassasl\u0131k g\u00f6sterilmiyor\u201d dedi.<\/p>\n<p><img decoding=\"async\" src=\"https:\/\/ikimisli.tr\/wp-content\/uploads\/2025\/01\/adaletsizligi-gorun-1-QY6wqb7d.jpg\"\/><\/p>\n<p><em><strong>Vera, annesi ve mahpustaki babas\u0131yla. Altta da babas\u0131n\u0131n \u00e7izdi\u011fi foto\u011fraf var.<\/strong><\/em><\/p>\n<p>Kahraman \u00e7iftinin k\u0131z\u0131 Vera bir m\u00fcddet evvel do\u011fum g\u00fcn\u00fc nedeniyle babas\u0131na yazd\u0131\u011f\u0131 mektupta, \u201cBu sene de do\u011fum g\u00fcn\u00fcme gelemeyece\u011fin i\u00e7in \u00e7ok fakat \u00e7ok \u00fczg\u00fcn\u00fcm. Neden bu kadar uzun s\u00fcr\u00fcyor her \u015fey baba?\u201d demi\u015fti. Vera bir m\u00fcddet evvel anaokulundan mezun olmu\u015f ve mezuniyet t\u00f6renine CHP lideri \u00d6zg\u00fcr \u00d6zel de kat\u0131lm\u0131\u015ft\u0131.<\/p>\n<p><img decoding=\"async\" src=\"https:\/\/ikimisli.tr\/wp-content\/uploads\/2025\/01\/adaletsizligi-gorun-2-1ZRtgMsM.jpg\"\/><\/p>\n<p><strong><em>Gezi tutuklusu Tayfun Kahraman\u2019\u0131n minik k\u0131z\u0131 Vera babas\u0131ndan \u2018mutlulu\u011fun resmi\u2019ni istedi, o da yapt\u0131.\u00a0<\/em><\/strong><\/p>\n<p><strong>18 YIL MAHPUS CEZASI<\/strong><\/p>\n<p>Tayfun Kahraman, 2013 y\u0131l\u0131ndaki Seyahat Park\u0131 olaylar\u0131nda Taksim Dayan\u0131\u015fmas\u0131 s\u00f6zc\u00fclerindendi. Devrin Ba\u015fbakan\u0131 Erdo\u011fan\u2019la g\u00f6r\u00fc\u015fen k\u00fcmede yer ald\u0131. Mimar Sinan Ho\u015f Sanatlar \u00dcniversitesinde \u00f6\u011fretim \u00fcyesi olarak \u00e7al\u0131\u015ft\u0131, \u0130BB Zelzele Risk \u0130daresi ve Kentsel \u0130yile\u015ftirme Daire Ba\u015fkan\u0131 olarak da g\u00f6rev yapt\u0131.<\/p>\n<p><b><span>Gezi tutuklular\u0131<\/span><\/b><\/p>\n<p><img decoding=\"async\" src=\"https:\/\/ikimisli.tr\/wp-content\/uploads\/2025\/01\/adaletsizligi-gorun-3-2gnsByEe.jpg\"\/><\/p>\n<p>Gezi Davas\u0131\u2019nda darbeyle su\u00e7lanan san\u0131klar, Nisan 2022\u2019de mahkum edildi. Osman Kavala a\u011f\u0131rla\u015ft\u0131r\u0131lm\u0131\u015f m\u00fcebbet cezas\u0131na \u00e7arpt\u0131r\u0131ld\u0131.<\/p>\n<p>\u00c7i\u011fdem Mater, Mine \u00d6zerden, Tayfun Kahraman, Can Atalay ise h\u00fck\u00fcmeti ortadan kald\u0131rmaya te\u015febb\u00fcse yard\u0131m etmekten 18\u2019er y\u0131l mahpus cezas\u0131na \u00e7arpt\u0131r\u0131ld\u0131lar ve tutukland\u0131lar.<\/p>\n<p><img decoding=\"async\" src=\"https:\/\/ikimisli.tr\/wp-content\/uploads\/2025\/01\/adaletsizligi-gorun-4-sGSOUUke.jpg\"\/><\/p>\n<p>Sivil toplum ve insan haklar\u0131 aktivisti Osman Kavala bug\u00fcn itibariyle 2 bin 625 g\u00fcnd\u00fcr hapiste<strong>.<\/strong><\/p>\n<p>\u00a0<\/p>\n<p><b><span>Naz\u0131m\u2019\u0131n \u015fiiri ve mutlulu\u011fun resmi<\/span><\/b><\/p>\n<p>\u015eair\u00a0Naz\u0131m Hikmet, Paris y\u0131llar\u0131nda arkada\u015f\u0131 ressam Abidin Dino\u2019ya \u201cMutlulu\u011fun Foto\u011fraf\u0131n\u0131 yapabilir misin Abidin?\u201d dedi ve alttaki \u015fiiri yazd\u0131. Dino o resmi yapmad\u0131 lakin bir Amerikal\u0131\u2019n\u0131n yandaki tablosu Dino\u2019ya atfedildi ve payla\u015f\u0131l\u0131yor. Kesin olan \u015fu ki, \u00fcstteki iki foto\u011fraf de, alttaki \u015fiir de memnunlu\u011fu yans\u0131t\u0131yor.<\/p>\n<p><img decoding=\"async\" src=\"https:\/\/ikimisli.tr\/wp-content\/uploads\/2025\/01\/adaletsizligi-gorun-5-BXMqvUFz.jpg\"\/><\/p>\n<p>Sen mutlulu\u011fun foto\u011fraf\u0131n\u0131 yapabilir misin Abidin<br \/>i\u015fin kolay\u0131na ka\u00e7madan ama<br \/>g\u00fcl yanakl\u0131 bebesini emziren melek y\u00fczl\u00fc<br \/>anneci\u011fin foto\u011fraf\u0131n\u0131 de\u011fil<br \/>ne de ak \u00f6rt\u00fcde elmalar\u0131n<br \/>ne de akvaryumda su kabarc\u0131klar\u0131n\u0131n<br \/>aras\u0131nda dolanan k\u0131rm\u0131z\u0131 bal\u0131\u011f\u0131nkini<br \/>sen mutlulu\u011fun foto\u011fraf\u0131n\u0131 yapabilir misin Abidin?<\/p>\n","protected":false},"excerpt":{"rendered":"<p>10 bin \u015fehidin, 30 bin sivilin katili ter\u00f6r \u00f6rg\u00fct\u00fcn\u00fc kurup y\u00f6netmediler. Kar\u0131ncay\u0131 bile incitmediler. Siyasallar\u0131n lisan\u0131ndan Apo d\u00fc\u015fm\u00fcyor. Onlar\u0131 kimse konu\u015fmuyor.<\/p>\n","protected":false},"author":1,"featured_media":2635,"comment_status":"open","ping_status":"open","sticky":false,"template":"","format":"standard","meta":{"footnotes":""},"categories":[25],"tags":[678,681,680,679,677],"class_list":["post-2634","post","type-post","status-publish","format-standard","has-post-thumbnail","hentry","category-gundem","tag-babasi","tag-kizi","tag-resmi","tag-tayfun-kahraman","tag-vera"],"_links":{"self":[{"href":"https:\/\/ikimisli.tr\/index.php\/wp-json\/wp\/v2\/posts\/2634","targetHints":{"allow":["GET"]}}],"collection":[{"href":"https:\/\/ikimisli.tr\/index.php\/wp-json\/wp\/v2\/posts"}],"about":[{"href":"https:\/\/ikimisli.tr\/index.php\/wp-json\/wp\/v2\/types\/post"}],"author":[{"embeddable":true,"href":"https:\/\/ikimisli.tr\/index.php\/wp-json\/wp\/v2\/users\/1"}],"replies":[{"embeddable":true,"href":"https:\/\/ikimisli.tr\/index.php\/wp-json\/wp\/v2\/comments?post=2634"}],"version-history":[{"count":1,"href":"https:\/\/ikimisli.tr\/index.php\/wp-json\/wp\/v2\/posts\/2634\/revisions"}],"predecessor-version":[{"id":2642,"href":"https:\/\/ikimisli.tr\/index.php\/wp-json\/wp\/v2\/posts\/2634\/revisions\/2642"}],"wp:featuredmedia":[{"embeddable":true,"href":"https:\/\/ikimisli.tr\/index.php\/wp-json\/wp\/v2\/media\/2635"}],"wp:attachment":[{"href":"https:\/\/ikimisli.tr\/index.php\/wp-json\/wp\/v2\/media?parent=2634"}],"wp:term":[{"taxonomy":"category","embeddable":true,"href":"https:\/\/ikimisli.tr\/index.php\/wp-json\/wp\/v2\/categories?post=2634"},{"taxonomy":"post_tag","embeddable":true,"href":"https:\/\/ikimisli.tr\/index.php\/wp-json\/wp\/v2\/tags?post=2634"}],"curies":[{"name":"wp","href":"https:\/\/api.w.org\/{rel}","templated":true}]}}