{"id":26367,"date":"2025-04-14T00:12:09","date_gmt":"2025-04-14T00:12:09","guid":{"rendered":"https:\/\/ikimisli.tr\/?p=26367"},"modified":"2025-04-14T00:12:09","modified_gmt":"2025-04-14T00:12:09","slug":"chpden-yaz-saati-uygulamasina-tepki-damat-gitti-garabet-sistemi-kaldi","status":"publish","type":"post","link":"https:\/\/ikimisli.tr\/index.php\/2025\/04\/14\/chpden-yaz-saati-uygulamasina-tepki-damat-gitti-garabet-sistemi-kaldi\/","title":{"rendered":"CHP&#8217;den yaz saati uygulamas\u0131na tepki: &#8216;Damat gitti garabet sistemi kald\u0131&#8217;"},"content":{"rendered":"<p>CHP Gen\u00e7lik Kollar\u0131 Genel Ba\u015fkan\u0131 Cem Ayd\u0131n, kal\u0131c\u0131 yaz saati uygulamas\u0131na ait olarak, &#8220;Bir avu\u00e7 yanda\u015f\u0131n cebini dolduracaklar diye g\u00fcne\u015fimizi \u00e7ald\u0131lar!\u00a085 milyon yurtta\u015f\u0131m\u0131z\u0131 g\u00fcn \u0131\u015f\u0131\u011f\u0131na hasret b\u0131rakt\u0131lar&#8221; diye konu\u015ftu.<\/p>\n<p>Bas\u0131n a\u00e7\u0131klamas\u0131n\u0131 yapan CHP Gen\u00e7lik Kollar\u0131 \u0130stanbul \u0130l Ba\u015fkan\u0131 Erdem Kara ve CHP Gen\u00e7lik Kollar\u0131 Genel Ba\u015fkan\u0131 Cem Ayd\u0131n, kal\u0131c\u0131 yaz saati uygulamas\u0131n\u0131n bitirilmesi gerekti\u011fini s\u00f6z etti. Kara, konu\u015fmas\u0131nda \u015funlar\u0131 kaydetti:<\/p>\n<p>\u201c\u00c7al\u0131\u015fanlar\u0131n mesailerine ba\u015flamak \u00fczere yola \u00e7\u0131kt\u0131\u011f\u0131, orta tatilin akabinde \u00f6\u011frencilerin birinci derslerine yeti\u015fmek \u00fczere konuttan ayr\u0131ld\u0131\u011f\u0131 bu saatlerde, Gen\u00e7lik Kollar\u0131 Genel Liderimiz, MYK \u00fcyelerimiz, ve \u0130stanbul gen\u00e7lik \u00f6rg\u00fct\u00fcm\u00fcz ile birlikte \u0130stanbul\u2019un en a\u011f\u0131r ve en kalabal\u0131k transit noktalar\u0131ndan olan Mecidiyek\u00f6y\u2019deyiz. Yani kentimizin en canl\u0131 saatinde, en canl\u0131 noktalar\u0131ndan birindeyiz. Ancak hala gecenin karanl\u0131\u011f\u0131nday\u0131z. Bu takt\u0131\u011f\u0131m\u0131z baretler, el fenerleri ne bir m\u00fcbala\u011fa, ne de bir sembold\u00fcr. Saat 08.00\u2019deki dersi i\u00e7in okula gitmek \u00fczere yola \u00e7\u0131kan bir \u00e7ocu\u011fun, mahalle ortalar\u0131nda \u00f6n\u00fcn\u00fc g\u00f6rebilmesi i\u00e7in tam olarak muhta\u00e7l\u0131\u011f\u0131 olan \u015feydir. Kal\u0131c\u0131 yaz saati denen uygulamayla vatanda\u015flar\u0131m\u0131zdan \u00e7al\u0131nm\u0131\u015f 2 saatlik g\u00fcn \u0131\u015f\u0131\u011f\u0131n\u0131n telafisidir. Yanda\u015flar\u0131n cebine \u00fc\u00e7 kuru\u015f fazla para girsin diye halk\u0131n g\u00fcn \u0131\u015f\u0131\u011f\u0131na dahi g\u00f6z diken temelsiz, dayanaks\u0131z bir karard\u0131r. Ne s\u0131hhat taraf\u0131yla, ne g\u00fcvenlik taraf\u0131yla, ne de ekonomik boyutuyla elle tutulur bir yan\u0131 yoktur. \u00dczerine bin bir s\u0131k\u0131nt\u0131 y\u0131kt\u0131klar\u0131 halk\u0131 bir de gecenin karanl\u0131\u011f\u0131nda i\u015fe, okula g\u00f6nderiyorlar. Bir ampulle siyaset meydan\u0131na \u00e7\u0131km\u0131\u015f olanlar, geldi\u011fimiz noktada halk\u0131n g\u00fcn \u0131\u015f\u0131\u011f\u0131na bile g\u00f6z koyuyorlar.<\/p>\n<p><b><strong>&#8220;\u00c7ocuklar\u0131 karanl\u0131\u011fa mahk\u00fbm etmek, gelece\u011fimizi karanl\u0131\u011fa g\u00f6mmekle e\u015fde\u011ferdir&#8221;<\/strong><\/b><\/p>\n<p>Bu uygulamadan en \u00e7ok etkilenen vilayetlerden biri olan \u0130stanbul\u2019dan sesleniyoruz. 9 y\u0131ll\u0131k bu garabet uygulamaya son verin. \u00dclkenin ba\u015f\u0131na \u00f6rd\u00fc\u011f\u00fcn\u00fcz say\u0131s\u0131z kayg\u0131 ortadayken, yanda\u015f g\u00fc\u00e7 firmalar\u0131n\u0131n menfaati i\u00e7in say\u0131s\u0131z \u00f6\u011frenciyi, emek\u00e7iyi, i\u015f\u00e7iyi, ebeveyni huzursuz edemezsiniz! Sabah\u0131n k\u00f6r karanl\u0131\u011f\u0131nda yola \u00e7\u0131kan milyonlarca \u00e7ocuk, bu yanl\u0131\u015f siyasetin bedelini en a\u011f\u0131r bi\u00e7imde \u00f6demektedir. \u00c7ocuklar\u0131 karanl\u0131\u011fa mahk\u00fbm etmek, gelece\u011fimizi karanl\u0131\u011fa g\u00f6mmekle muadildir.<\/p>\n<p>Cumhuriyetimizin ikinci y\u00fczy\u0131l\u0131nda T\u00fcrkiye\u2019nin ayd\u0131nl\u0131k gelece\u011fini kurmak, \u00e7ocuklar\u0131n umutlar\u0131n\u0131 b\u00fcy\u00fctmek, gen\u00e7lere e\u015fit f\u0131rsatlar sunmak ve i\u015f\u00e7ilerin al\u0131n terini onurland\u0131rmak i\u00e7in Cumhuriyet Halk Partisi kararl\u0131d\u0131r. Bilimin, adaletin ve \u00e7a\u011fda\u015fl\u0131\u011f\u0131n rehberli\u011finde, bu haks\u0131z uygulamalar\u0131n son bulaca\u011f\u0131, toplumun t\u00fcm k\u0131s\u0131mlar\u0131n\u0131n hak etti\u011fi hayat standartlar\u0131na kavu\u015faca\u011f\u0131 g\u00fcnler \u00e7ok yak\u0131nd\u0131r.\u00a0K\u0131\u015f saati uygulamas\u0131na geri d\u00f6nmek, yaln\u0131zca teknik bir d\u00fczenleme de\u011fil, milyonlarca \u00e7ocu\u011fun ve yurtta\u015f\u0131n temel ihtiyac\u0131d\u0131r.\u00a0Halk\u0131n g\u00fcndelik hayat\u0131n\u0131 zorla\u015ft\u0131ran, s\u0131hhat ve g\u00fcvenlik risklerini art\u0131ran bu karar\u0131n topluma hi\u00e7bir yarar sa\u011flamad\u0131\u011f\u0131 a\u00e7\u0131k\u00e7a ortadad\u0131r. Halk\u0131n \u00e7\u0131kar\u0131n\u0131 savunmak yerine, k\u0131sa vadeli hesaplarla hareket eden bu yakla\u015f\u0131m art\u0131k s\u00fcrd\u00fcr\u00fclemez bir noktaya gelmi\u015ftir.<\/p>\n<p><b><strong>&#8220;9 y\u0131ld\u0131r bu uygulamay\u0131 hangi m\u00fcnasebetle s\u00fcrd\u00fcr\u00fcyorsunuz&#8221;<\/strong><\/b><\/p>\n<p>Siz kimin taraf\u0131ndas\u0131n\u0131z? Siz kimi merkez al\u0131yorsunuz? 9 y\u0131ld\u0131r bu uygulamay\u0131 hangi m\u00fcnasebetle s\u00fcrd\u00fcr\u00fcyorsunuz? Milletin ba\u015f\u0131na \u00f6rd\u00fc\u011f\u00fcn\u00fcz say\u0131s\u0131z sorunla birlikte, en yak\u0131n se\u00e7imde &#8216;g\u00fcne\u015fi bile yasaklayanlar&#8217; olarak\u00a0tarihin utan\u00e7 k\u00f6\u015fesinde yer alacaks\u0131n\u0131z.\u201d<\/p>\n<p><b><strong>&#8220;Damat gitti, uygulad\u0131\u011f\u0131 garabet sistem kald\u0131&#8221;<\/strong><\/b><\/p>\n<p>Ayd\u0131n ise \u015funlar\u0131 s\u00f6yledi:<\/p>\n<p>\u201c23 y\u0131ld\u0131r hayatlar\u0131m\u0131za kabus \u00fczere \u00e7\u00f6kenler 9 y\u0131ld\u0131r \u00fclkemizi ger\u00e7ek bir karanl\u0131\u011fa bo\u011fdu.\u00a0Bu durumun akla ve bilime uygun bir yan\u0131 var m\u0131?\u00a0Damat gitti, uygulad\u0131\u011f\u0131 garabet sistem kald\u0131. Kal\u0131c\u0131 yaz saati azab\u0131n\u0131 hayata ge\u00e7irirken ne dediler? G\u00fc\u00e7 tasarrufu sa\u011flayaca\u011f\u0131z. Ger\u00e7ekte ne oldu?\u00a0Elektrik t\u00fcketimi y\u00fczde 10 civar\u0131nda artt\u0131. Elektrik faturalar\u0131 \u015fi\u015fti.\u00a0Vatanda\u015f\u0131n cebinden al\u0131nan para, yanda\u015f \u015firketlerin kasas\u0131na akt\u0131.\u00a0Kal\u0131c\u0131 yaz saati azab\u0131n\u0131 hayata ge\u00e7irirken ne dediler? G\u00fcne\u015f \u0131\u015f\u0131\u011f\u0131ndan daha fazla yararlanaca\u011f\u0131z.\u00a0Uyku sorunlar\u0131 ba\u015f g\u00f6sterdi.\u00a0\u00d6\u011frencilerin motivasyonu d\u00fc\u015ft\u00fc, vatanda\u015f depresyona girdi.\u00a0Kalp damar hastal\u0131klar\u0131, diyabet ve kanser olaylar\u0131 artt\u0131.<\/p>\n<p>Bir avu\u00e7 yanda\u015f\u0131n cebini dolduracaklar diye g\u00fcne\u015fimizi \u00e7ald\u0131lar!\u00a085 milyon yurtta\u015f\u0131m\u0131z\u0131 g\u00fcn \u0131\u015f\u0131\u011f\u0131na hasret b\u0131rakt\u0131lar.\u00a0\u00d6\u011frenciler okula gitmekte zorlan\u0131yor. \u00d6\u011frenciler okula tasayla gidiyor. Kayg\u0131yla okula gidilir mi?\u00a0Kamusal alanda esasen gere\u011fince sorun ya\u015fayan bayanlar korka korka i\u015flerine gidiyor. Korkarak i\u015fe gidilir mi ya?\u00a0Engelli vatanda\u015flar\u0131m\u0131z i\u00e7inse hayat daha da zorla\u015ft\u0131. Anne-babalar\u0131n huzuru ka\u00e7t\u0131.\u00a0Sabah\u0131n karanl\u0131\u011f\u0131nda i\u015flenen kabahat oranlar\u0131nda y\u00fczde 15\u2019e yak\u0131n art\u0131\u015f g\u00f6r\u00fclmektedir.\u00a0A\u00e7\u0131k\u00e7a g\u00f6r\u00fclmektedir ki; bu bir g\u00fcvenlik meselesidir.\u00a0Bu bir s\u0131hhat problemidir.<\/p>\n<p><b><strong>&#8220;Halk\u0131n sabah \u0131\u015f\u0131\u011f\u0131n\u0131 \u00e7alan bu karanl\u0131k sistemi kimler besliyor&#8221;<\/strong><\/b><\/p>\n<p>Bizi karanl\u0131\u011fa bo\u011fan iktidara soruyoruz; bu uygulamadan kim yarar sa\u011fl\u0131yor?\u00a0Sabahlar\u0131 artan g\u00fc\u00e7 t\u00fcketiminin faturas\u0131 kimin cebine giriyor?\u00a0Halk\u0131n sabah \u0131\u015f\u0131\u011f\u0131n\u0131 \u00e7alan bu karanl\u0131k nizam\u0131 kimler besliyor? 9 y\u0131ld\u0131r bu azaba edilen isyana kulak t\u0131kayanlar, duymamazl\u0131ktan gelenler, inatlar\u0131n\u0131 s\u00fcrd\u00fcrenler duysun;\u00a0bu sabahlar\u0131n bir sahibi var.\u00a0Bu sabahlar\u0131n sahibi;\u00a0ay sonunu getirmek i\u00e7in so\u011fukta, karanl\u0131kta yola d\u00f6k\u00fclen halk\u0131m\u0131z,\u00a0\u00f6\u011frenmek i\u00e7in yola d\u00fc\u015fen \u00f6\u011frencilerimiz,\u00a0zifiri karanl\u0131kta evlad\u0131n\u0131 u\u011furlayan anne babalar\u0131m\u0131zd\u0131r.\u00a0Bu sabahlar\u0131n sahibi karartt\u0131\u011f\u0131n\u0131z y\u0131llar\u0131m\u0131z\u0131 u\u011fra\u015f\u0131m\u0131zla ayd\u0131nlatan bizleriz!\u201d<\/p>\n","protected":false},"excerpt":{"rendered":"<p>CHP Gen\u00e7lik Kollar\u0131, Mecidiyek\u00f6y Meydan\u0131\u2019nda bir ortaya gelerek, kal\u0131c\u0131 yaz saati uygulamas\u0131na reaksiyon g\u00f6sterdi.<\/p>\n","protected":false},"author":1,"featured_media":26368,"comment_status":"open","ping_status":"open","sticky":false,"template":"","format":"standard","meta":{"footnotes":""},"categories":[25],"tags":[497,89,775,336,701],"class_list":["post-26367","post","type-post","status-publish","format-standard","has-post-thumbnail","hentry","category-gundem","tag-bas","tag-gun","tag-kara","tag-kim","tag-sabah"],"_links":{"self":[{"href":"https:\/\/ikimisli.tr\/index.php\/wp-json\/wp\/v2\/posts\/26367","targetHints":{"allow":["GET"]}}],"collection":[{"href":"https:\/\/ikimisli.tr\/index.php\/wp-json\/wp\/v2\/posts"}],"about":[{"href":"https:\/\/ikimisli.tr\/index.php\/wp-json\/wp\/v2\/types\/post"}],"author":[{"embeddable":true,"href":"https:\/\/ikimisli.tr\/index.php\/wp-json\/wp\/v2\/users\/1"}],"replies":[{"embeddable":true,"href":"https:\/\/ikimisli.tr\/index.php\/wp-json\/wp\/v2\/comments?post=26367"}],"version-history":[{"count":1,"href":"https:\/\/ikimisli.tr\/index.php\/wp-json\/wp\/v2\/posts\/26367\/revisions"}],"predecessor-version":[{"id":26369,"href":"https:\/\/ikimisli.tr\/index.php\/wp-json\/wp\/v2\/posts\/26367\/revisions\/26369"}],"wp:featuredmedia":[{"embeddable":true,"href":"https:\/\/ikimisli.tr\/index.php\/wp-json\/wp\/v2\/media\/26368"}],"wp:attachment":[{"href":"https:\/\/ikimisli.tr\/index.php\/wp-json\/wp\/v2\/media?parent=26367"}],"wp:term":[{"taxonomy":"category","embeddable":true,"href":"https:\/\/ikimisli.tr\/index.php\/wp-json\/wp\/v2\/categories?post=26367"},{"taxonomy":"post_tag","embeddable":true,"href":"https:\/\/ikimisli.tr\/index.php\/wp-json\/wp\/v2\/tags?post=26367"}],"curies":[{"name":"wp","href":"https:\/\/api.w.org\/{rel}","templated":true}]}}